{"id":7588,"date":"2016-05-24T08:00:10","date_gmt":"2016-05-24T06:00:10","guid":{"rendered":"https:\/\/www.trotec-blog.com\/tr\/?p=7588"},"modified":"2016-05-20T11:47:34","modified_gmt":"2016-05-20T09:47:34","slug":"mobil-klima-pac-2000-e","status":"publish","type":"post","link":"https:\/\/www.trotec-blog.com\/tr\/trotec\/makineler\/mobil-klima-pac-2000-e\/","title":{"rendered":"Mobil Klima PAC 2000 E"},"content":{"rendered":"<p><img loading=\"lazy\" class=\"alignnone size-full wp-image-7589\" src=\"https:\/\/www.trotec-blog.com\/tr\/files\/2016\/05\/tro_blog_PAC_2000_E_banner.jpg\" alt=\"tro_blog_PAC_2000_E_banner\" width=\"700\" height=\"300\" srcset=\"https:\/\/www.trotec-blog.com\/tr\/files\/2016\/05\/tro_blog_PAC_2000_E_banner.jpg 700w, https:\/\/www.trotec-blog.com\/tr\/files\/2016\/05\/tro_blog_PAC_2000_E_banner-300x129.jpg 300w\" sizes=\"(max-width: 700px) 100vw, 700px\" \/><\/p>\n<h2>Art\u0131k serinleme zaman\u0131! S\u0131cakl\u0131klar art\u0131yor ve bizde sizlere PAC serisi mobil klimalar sunuyoruz: <a href=\"https:\/\/www.trotec24.com.tr\/makineler\/klima\/mobil-klima-pac-serisi\/mobil-klima-pac-2000-e.html?rc=550458b54a\" class=\"broken_link\">PAC 2000 E<\/a>. Bu \u015f\u0131k tasar\u0131ml\u0131 klima sayesinde t\u00fcm beklentileriniz kar\u015f\u0131lan\u0131r. So\u011futma fonksiyonu yan\u0131nda bu klima nem alma fonksiyonuna sahiptir. Ayn\u0131 zamanda havaland\u0131rma fonksiyonuda dahildir. Ve bu cihaz\u0131n enerji verimlili\u011fi s\u0131n\u0131f\u0131 A\u2019d\u0131r.<\/h2>\n<p>Bu mobil klima <a href=\"https:\/\/www.trotec24.com.tr\/makineler\/klima\/mobil-klima-pac-serisi\/mobil-klima-pac-2000-e.html?rc=550458b54a\" class=\"broken_link\">PAC 2000 E<\/a> sadece \u015f\u0131k tasar\u0131m\u0131 ile ikna etmez ayn\u0131 zamanda \u00fc\u00e7 \u00e7e\u015fitli \u00e7al\u0131\u015fma modu ile g\u00f6ze \u00e7arpar. 2,1 k W so\u011futma g\u00fcc\u00fc ile 65 m\u00b3 b\u00fcy\u00fckl\u00fc\u011f\u00fcndeki mekanlar\u0131n s\u0131cakl\u0131\u011f\u0131n\u0131 16 \u00b0C kadar d\u00fc\u015f\u00fcr\u00fcr. Ayr\u0131ca bu mobil klima g\u00fcnde 18 litre nem alma kapasitesine sahiptir. Diledi\u011finizde sadece havaland\u0131rma fonksiyonundan faydalanabilirsiniz. En iyisi: bu cihaz d\u00fc\u015f\u00fck enerji t\u00fcketimlidir ve enerji verimlili\u011fi s\u0131n\u0131f\u0131 A ile tan\u0131mlan\u0131r \u2013 yani bu \u00f6zel cihaz\u0131 istedi\u011finiz zaman i\u015fleme ge\u00e7irebilirsiniz.<!--more--><\/p>\n<h3>B\u00f6yle kullan\u0131l\u0131r<\/h3>\n<p>Kolay silinebilir tu\u015f paneli ve LED ekran\u0131 sayesinde bu mobil klima PAC 2000 E kolay kullan\u0131m imkan\u0131 sunuyor. \u0130sterseniz sahip oludu\u011fu infrared\u00a0 kumandas\u0131n\u0131 kullanabilirsiniz. \u0130ki ayr\u0131 filtre, odadaki havay\u0131 filtreler ve temiz bir alan sa\u011flar. Bu sa\u011flam mucize paketi ufak alanlarda bile kullan\u0131labilir. Uygun ebatlar\u0131, entegre kablo \u00e7eker ve konforlu ta\u015f\u0131ma tekerleri sayesinde bu mobil kliman\u0131n kullan\u0131m alan\u0131 kolay bir \u015fekilde de\u011fi\u015ftirilebilir. \u00d6rne\u011fin oturma odas\u0131ndan yatak odas\u0131na.<\/p>\n<h3>Benim \u00f6zellikle iyi buldu\u011fum bir\u00e7ok avantajlardan d\u00f6rd\u00fc:<\/h3>\n<p>\u25a0 So\u011futma, nem alma ve havaland\u0131rma fonksiyonu sayesinde ideal atmosfer<br \/>\n\u25a0 65 m\u00b3 b\u00fcy\u00fckl\u00fc\u011f\u00fcndeki mekanlar i\u00e7in y\u00fcksek so\u011futma g\u00fcc\u00fc<br \/>\n\u25a0 Enerji verimlili\u011fi s\u0131n\u0131f\u0131 A<br \/>\n\u25a0 Tekerleri ve kablo \u00e7eker sayesinde konforlu kullan\u0131m<\/p>\n<p>Mobil klima PAC 2000 E \u2013 \u0130deal serinlik<\/p>\n<p>S\u0131cak havalar\u0131n sizi terletmesine izin vermeyin. Sizde hemen \u015fimdi online al\u0131\u015fveri\u015f ma\u011fazam\u0131zdan <a href=\"https:\/\/www.trotec24.com.tr\/makineler\/klima\/mobil-klima-pac-serisi\/mobil-klima-pac-2000-e.html?rc=550458b54a\" class=\"broken_link\">mobil klima PAC 2000 E<\/a> hakk\u0131nda daha fazla bilgi alabilirsiniz.<\/p>\n<p>&nbsp;<\/p>\n","protected":false},"excerpt":{"rendered":"<p>Art\u0131k serinleme zaman\u0131! S\u0131cakl\u0131klar art\u0131yor ve bizde sizlere PAC serisi mobil klimalar sunuyoruz: PAC 2000 E. Bu \u015f\u0131k tasar\u0131ml\u0131 klima sayesinde t\u00fcm beklentileriniz kar\u015f\u0131lan\u0131r. So\u011futma fonksiyonu yan\u0131nda bu klima nem alma fonksiyonuna sahiptir. Ayn\u0131 zamanda havaland\u0131rma fonksiyonuda dahildir. Ve bu cihaz\u0131n enerji verimlili\u011fi s\u0131n\u0131f\u0131 A\u2019d\u0131r. Bu mobil klima PAC 2000 E sadece \u015f\u0131k tasar\u0131m\u0131 ile ikna etmez ayn\u0131 zamanda \u00fc\u00e7 \u00e7e\u015fitli \u00e7al\u0131\u015fma modu ile g\u00f6ze \u00e7arpar. 2,1 k W so\u011futma g\u00fcc\u00fc ile 65 m\u00b3 b\u00fcy\u00fckl\u00fc\u011f\u00fcndeki mekanlar\u0131n s\u0131cakl\u0131\u011f\u0131n\u0131 16 \u00b0C kadar d\u00fc\u015f\u00fcr\u00fcr.<\/p>\n","protected":false},"author":87,"featured_media":7592,"comment_status":"open","ping_status":"open","sticky":false,"template":"","format":"standard","meta":[],"categories":[106,10],"tags":[143,549,550,551],"_links":{"self":[{"href":"https:\/\/www.trotec-blog.com\/tr\/wp-json\/wp\/v2\/posts\/7588"}],"collection":[{"href":"https:\/\/www.trotec-blog.com\/tr\/wp-json\/wp\/v2\/posts"}],"about":[{"href":"https:\/\/www.trotec-blog.com\/tr\/wp-json\/wp\/v2\/types\/post"}],"author":[{"embeddable":true,"href":"https:\/\/www.trotec-blog.com\/tr\/wp-json\/wp\/v2\/users\/87"}],"replies":[{"embeddable":true,"href":"https:\/\/www.trotec-blog.com\/tr\/wp-json\/wp\/v2\/comments?post=7588"}],"version-history":[{"count":2,"href":"https:\/\/www.trotec-blog.com\/tr\/wp-json\/wp\/v2\/posts\/7588\/revisions"}],"predecessor-version":[{"id":7591,"href":"https:\/\/www.trotec-blog.com\/tr\/wp-json\/wp\/v2\/posts\/7588\/revisions\/7591"}],"wp:featuredmedia":[{"embeddable":true,"href":"https:\/\/www.trotec-blog.com\/tr\/wp-json\/wp\/v2\/media\/7592"}],"wp:attachment":[{"href":"https:\/\/www.trotec-blog.com\/tr\/wp-json\/wp\/v2\/media?parent=7588"}],"wp:term":[{"taxonomy":"category","embeddable":true,"href":"https:\/\/www.trotec-blog.com\/tr\/wp-json\/wp\/v2\/categories?post=7588"},{"taxonomy":"post_tag","embeddable":true,"href":"https:\/\/www.trotec-blog.com\/tr\/wp-json\/wp\/v2\/tags?post=7588"}],"curies":[{"name":"wp","href":"https:\/\/api.w.org\/{rel}","templated":true}]}}