{"id":7508,"date":"2016-05-03T08:00:30","date_gmt":"2016-05-03T06:00:30","guid":{"rendered":"https:\/\/www.trotec-blog.com\/tr\/?p=7508"},"modified":"2016-04-26T16:16:24","modified_gmt":"2016-04-26T14:16:24","slug":"mobil-klima-pac-3200-e-a","status":"publish","type":"post","link":"https:\/\/www.trotec-blog.com\/tr\/trotec\/makineler\/mobil-klima-pac-3200-e-a\/","title":{"rendered":"Mobil Klima PAC 3200 E A+"},"content":{"rendered":"<p><img loading=\"lazy\" class=\"alignnone size-full wp-image-7510\" src=\"https:\/\/www.trotec-blog.com\/tr\/files\/2016\/04\/tro_blog_pac_3200_e_a_plus_banner_tr.jpg\" alt=\"tro_blog_pac_3200_e_a_plus_banner_tr\" width=\"700\" height=\"300\" \/><\/p>\n<h2>Havalar art\u0131k d\u00fczeliyor ve s\u0131caklar art\u0131yor. Yaz aylar\u0131na ula\u015fmam\u0131za az kald\u0131. S\u0131cak havalarda serin bir ortam sa\u011flaman\u0131z i\u00e7in, sizlere yeni <a href=\"https:\/\/www.trotec24.com.tr\/makineler\/klima\/mobil-klima-pac-serisi\/mobil-klima-pac-3200-e-a.html?rc=550458b54a\" class=\"broken_link\">PAC 3200 E A+<\/a> klimay\u0131 sunuyoruz \u2013 D\u00fc\u015f\u00fck enerji t\u00fcketimi dahil! Sizde bu kliman\u0131n avantajlar\u0131ndan faydalan\u0131n ve ayn\u0131 zamanda d\u00fc\u015f\u00fck enerji t\u00fcketimli bir so\u011futucuya sahip olun.<\/h2>\n<p>Bu yeni <a href=\"https:\/\/www.trotec24.com.tr\/makineler\/klima\/mobil-klima-pac-serisi\/mobil-klima-pac-3200-e-a.html?rc=550458b54a\" class=\"broken_link\">mobil klima PAC 3200 E A+ <\/a>mekanlar\u0131n\u0131zda ideal bir serinlik sa\u011fl\u0131yor. 3,2 kW so\u011futma performans\u0131n\u0131n yan\u0131s\u0131ra en s\u0131cak yaz aylar\u0131nda dahi 42 m\u00b2&#8217;ye kadar mekanlar\u0131 serin bir ortama d\u00f6n\u00fc\u015ft\u00fcr\u00fcp kendi d\u00f6rt duvarlar\u0131n\u0131z i\u00e7erisinde konforlu iklim sa\u011flamak i\u00e7in klima PAC 3200 E A+ full otomatik nem alma ve havaland\u0131rma fonksiyonlar\u0131na sahiptir. Enerji s\u0131n\u0131f\u0131 A kar\u015f\u0131la\u015ft\u0131r\u0131labilir klimalara kiyasen % 20 oran\u0131nda bir enerji tasarrufu ve daha y\u00fcksek so\u011futma performans\u0131! Bu cihaz kendini tan\u0131ml\u0131yor: serinlik ve tasarruf! Mobil klima PAC 3200 E A+ a\u015f\u0131r\u0131 s\u0131cak havalarda bile rahat bir ortam sa\u011fl\u0131yor ve d\u00fc\u015f\u00fck faturalar sizlere ula\u015f\u0131yor.<!--more--><\/p>\n<h3>B\u00f6yle kullan\u0131l\u0131r<\/h3>\n<p>Mobil klima PAC 3200 E A+ layik oldu\u011fu t\u00fcm fonksiyonlara sahiptir. Ayarlanabilir \u00e7al\u0131\u015fma modu, nem alma ve havaland\u0131rma fonksiyonu, s\u0131cakl\u0131k ayarlamas\u0131, zamanlay\u0131c\u0131, hava \u00e7\u0131k\u0131\u015f y\u00f6n\u00fc fonksiyonu ve 3 kademeli vantilat\u00f6r bu kliman\u0131n \u00f6zelliklerine dahildir.\u00a0 Klima PAC 3200 E A+ cihaz\u0131n zamanlama fonksiyonu ayr\u0131yeten bir tasarruf potansiyeli sa\u011flar, ve cihaz\u0131 ayarlad\u0131\u011f\u0131n\u0131z zaman g\u00f6re devreye al\u0131r veya \u00e7\u0131kar\u0131r Zamanlay\u0131c\u0131, kliman\u0131n di\u011fer t\u00fcm fonksiyonlar\u0131 gibi, kullan\u0131c\u0131 dostu uzaktan kumanda ile de ayarlanabilir. Ayarlar ayn\u0131 zamanda kliman\u0131n \u00fcst taraf\u0131nda bulunan membran tu\u015f alan\u0131ndan de\u011fi\u015ftirilebilir.\u00a0 Bu mobil klima yer kaplamaz ve esnek kullan\u0131m imkan\u0131 sunuyor. Klima PAC 3200 E A+ cihaz\u0131n\u0131n arka taraf\u0131nda bulunan filtrelere kolayca eri\u015filebilir ve temizlenebilir. Ayr\u0131ca, klima ergonomik, h\u0131zl\u0131 ve kolay bir yere ta\u015f\u0131nmas\u0131n\u0131 sa\u011fl\u0131yan kavrama kulplar\u0131na sahiptir.\u00a0 Ve b\u00f6ylece kullan\u0131m alanlar\u0131 kolayca de\u011fi\u015ftirilebilir. Tekas\u00fcf ak\u0131\u015flar\u0131 bir haznede toplan\u0131r veya tekas\u00fcf \u00e7\u0131k\u0131\u015f ba\u011flant\u0131s\u0131 ile d\u0131\u015far\u0131 y\u00f6nlendirilir. Pratik olan:so\u011futma uygulamas\u0131ndan sonra, kablo yerine sahip bu cihaz kolayca toparlanabilir.<\/p>\n<h3>Benim \u00f6zellikle iyi buldu\u011fum bir\u00e7ok avantajlardan d\u00f6rd\u00fc:<\/h3>\n<p>\u25a0 D\u00fc\u015f\u00fck i\u015fletme maliyetleri, enerji verimlili\u011fi s\u0131n\u0131f\u0131 A +<br \/>\n\u25a0 Nem alma ve havaland\u0131rma fonksiyonu<br \/>\n\u25a0 3,2 kW so\u011futma kapasitesi<br \/>\n\u25a0 Zamanlay\u0131c\u0131 fonksiyonu (enerji tasarruf fonksiyonu)<\/p>\n<h3>Mobil klima PAC 3200 E A+ &#8211; Kolay bir \u015fekilde ideal serinlik<\/h3>\n<p>Sizde hemen \u015fimdi online al\u0131\u015fveri\u015f ma\u011fazam\u0131zdan mobil klima <a href=\"https:\/\/www.trotec24.com.tr\/makineler\/klima\/mobil-klima-pac-serisi\/mobil-klima-pac-3200-e-a.html?rc=550458b54a\" class=\"broken_link\">3200 E A+<\/a> hakk\u0131nda daha fazla bilgi alabilirsiniz.<\/p>\n","protected":false},"excerpt":{"rendered":"<p>Havalar art\u0131k d\u00fczeliyor ve s\u0131caklar art\u0131yor. Yaz aylar\u0131na ula\u015fmam\u0131za az kald\u0131. S\u0131cak havalarda serin bir ortam sa\u011flaman\u0131z i\u00e7in, sizlere yeni PAC 3200 E A+ klimay\u0131 sunuyoruz \u2013 D\u00fc\u015f\u00fck enerji t\u00fcketimi dahil! Sizde bu kliman\u0131n avantajlar\u0131ndan faydalan\u0131n ve ayn\u0131 zamanda d\u00fc\u015f\u00fck enerji t\u00fcketimli bir so\u011futucuya sahip olun. Bu yeni mobil klima PAC 3200 E A+ mekanlar\u0131n\u0131zda ideal bir serinlik sa\u011fl\u0131yor. 3,2 kW so\u011futma performans\u0131n\u0131n yan\u0131s\u0131ra en s\u0131cak yaz aylar\u0131nda dahi 42 m\u00b2&#8217;ye kadar mekanlar\u0131 serin bir ortama d\u00f6n\u00fc\u015ft\u00fcr\u00fcp kendi d\u00f6rt duvarlar\u0131n\u0131z i\u00e7erisinde konforlu iklim sa\u011flamak i\u00e7in klima PAC 3200 E A+ full otomatik nem alma ve havaland\u0131rma fonksiyonlar\u0131na sahiptir. <\/p>\n","protected":false},"author":87,"featured_media":0,"comment_status":"open","ping_status":"open","sticky":false,"template":"","format":"standard","meta":[],"categories":[106,10,147],"tags":[143,548,549,550,551],"_links":{"self":[{"href":"https:\/\/www.trotec-blog.com\/tr\/wp-json\/wp\/v2\/posts\/7508"}],"collection":[{"href":"https:\/\/www.trotec-blog.com\/tr\/wp-json\/wp\/v2\/posts"}],"about":[{"href":"https:\/\/www.trotec-blog.com\/tr\/wp-json\/wp\/v2\/types\/post"}],"author":[{"embeddable":true,"href":"https:\/\/www.trotec-blog.com\/tr\/wp-json\/wp\/v2\/users\/87"}],"replies":[{"embeddable":true,"href":"https:\/\/www.trotec-blog.com\/tr\/wp-json\/wp\/v2\/comments?post=7508"}],"version-history":[{"count":1,"href":"https:\/\/www.trotec-blog.com\/tr\/wp-json\/wp\/v2\/posts\/7508\/revisions"}],"predecessor-version":[{"id":7511,"href":"https:\/\/www.trotec-blog.com\/tr\/wp-json\/wp\/v2\/posts\/7508\/revisions\/7511"}],"wp:attachment":[{"href":"https:\/\/www.trotec-blog.com\/tr\/wp-json\/wp\/v2\/media?parent=7508"}],"wp:term":[{"taxonomy":"category","embeddable":true,"href":"https:\/\/www.trotec-blog.com\/tr\/wp-json\/wp\/v2\/categories?post=7508"},{"taxonomy":"post_tag","embeddable":true,"href":"https:\/\/www.trotec-blog.com\/tr\/wp-json\/wp\/v2\/tags?post=7508"}],"curies":[{"name":"wp","href":"https:\/\/api.w.org\/{rel}","templated":true}]}}