{"id":2165,"date":"2011-06-24T16:24:14","date_gmt":"2011-06-24T14:24:14","guid":{"rendered":"https:\/\/www.trotec-blog.com\/tr\/?p=2165"},"modified":"2015-04-20T12:49:34","modified_gmt":"2015-04-20T10:49:34","slug":"gwp-day-istanbulda","status":"publish","type":"post","link":"https:\/\/www.trotec-blog.com\/tr\/trotec\/gwp-day-istanbulda\/","title":{"rendered":"GWP Day \u0130stanbul&#8217;da"},"content":{"rendered":"<p><img loading=\"lazy\" class=\"alignnone size-full wp-image-2168\" src=\"https:\/\/www.trotec-blog.com\/tr\/files\/2011\/06\/GWP-Day-Istanbul.jpg\" alt=\"T\u00fcrk-Alman Su Ortakl\u0131\u011f\u0131 G\u00fcn\u00fc\" width=\"700\" height=\"280\" \/><\/p>\n<p>Ge\u00e7ti\u011fimiz pazartesi <a title=\"German Water Partnership hakk\u0131nda daha fazla bilgi\" href=\"http:\/\/www.germanwaterpartnership.de\/index.php?option=com_content&amp;view=article&amp;id=51&amp;Itemid=1&amp;lang=en\" target=\"_blank\">GWP<\/a>, German Water Partnership (Alman Su Ortakl\u0131\u011f\u0131), Almanya&#8217;n\u0131n Bremen kentinde bir araya geldi.<\/p>\n<p>Ev sahipli\u011fini almanyan\u0131n su end\u00fcstrisi i\u00e7in tesis kurucu \u015firketlerin \u00f6nde gelen ismi Stulz Planaqua firmas\u0131 yapt\u0131. Etkinli\u011fin bu defaki odak noktas\u0131 T\u00fcrkiye oldu.<\/p>\n<p><strong>Su, end\u00fcstri ve ara\u015ft\u0131rma sekt\u00f6r\u00fcn\u00fcn \u00f6nde gelen \u015firketleri, uzmanl\u0131klar\u0131n\u0131 birle\u015ftirip daha geni\u015f bir hizmet yelpazesi sunabilmek i\u00e7in German Water Partnership T\u00fcrkiye Forumunda bir araya geldiler.<\/strong><\/p>\n<p>T\u00fcrkiye \u00fclke forumun amac\u0131 t\u00fcrk ve alman su uzmanlar\u0131n\u0131 bir araya getirerek uluslararas\u0131 d\u00fczeyde bilgilerin ve tecr\u00fcbelerin payla\u015f\u0131lmas\u0131, projeler ba\u015flatma ve \u00fclkenin gerekliliklerine g\u00f6re \u00f6zel uyarlanm\u0131\u015f su y\u00f6netim \u00e7\u00f6z\u00fcmleri elde etmektir. 2012 y\u0131l\u0131nda piyasaya giri\u015f i\u00e7in 2010 y\u0131l\u0131nda Ankara&#8217;da ba\u015far\u0131yla yap\u0131lan GWP Day&#8217;in ikincisi planlan\u0131yor.<\/p>\n<p><em>T\u00fcrk \u2013 Alman Su G\u00fcn\u00fc<\/em> slogan\u0131 alt\u0131nda d\u00fczenlenecek olan bu organizasyon T\u00fcrkiye&#8217;nin ekonomik en g\u00fc\u00e7l\u00fc metropol\u00fc olan \u0130stanbul&#8217;da ger\u00e7ekle\u015fecek.<\/p>\n<p>T\u00fcrk su ekonomisine \u00e7ok yak\u0131n ili\u015fkilerde bulundu\u011fumuz i\u00e7in bu \u00f6nemli etkinli\u011fin organizesinde TROTEC&#8217;de katk\u0131da bulunacakt\u0131r.\u00a0Sab\u0131rs\u0131zl\u0131kla bekliyoruz!<\/p>\n<p>Su tedarik\u00e7ileri i\u00e7in hizmet bilgilerimizi burada bulabilirsiniz:<\/p>\n<p>TROTEC GROUP&#8217;un su tedarik\u00e7ileri i\u00e7in haz\u0131rlad\u0131\u011f\u0131 uzman\u0131ndan \u00e7\u00f6z\u00fcmler hakk\u0131nda her\u015fey burada.<\/p>\n","protected":false},"excerpt":{"rendered":"<p>Ge\u00e7ti\u011fimiz pazartesi GWP, German Water Partnership (Alman Su Ortakl\u0131\u011f\u0131), Bremen\u2019 de bir araya geldi. Su, end\u00fcstri ve ara\u015ft\u0131rma sekt\u00f6r\u00fcn\u00fcn \u00f6nde gelen \u015firketleri, uzmanl\u0131klar\u0131n\u0131 birle\u015ftirip daha geni\u015f bir hizmet yelpazesi sunabilmek i\u00e7in German Water Partnership T\u00fcrkiye Forumunda bir araya geldiler.<\/p>\n","protected":false},"author":30,"featured_media":0,"comment_status":"open","ping_status":"open","sticky":false,"template":"","format":"standard","meta":[],"categories":[106,144],"tags":[153],"_links":{"self":[{"href":"https:\/\/www.trotec-blog.com\/tr\/wp-json\/wp\/v2\/posts\/2165"}],"collection":[{"href":"https:\/\/www.trotec-blog.com\/tr\/wp-json\/wp\/v2\/posts"}],"about":[{"href":"https:\/\/www.trotec-blog.com\/tr\/wp-json\/wp\/v2\/types\/post"}],"author":[{"embeddable":true,"href":"https:\/\/www.trotec-blog.com\/tr\/wp-json\/wp\/v2\/users\/30"}],"replies":[{"embeddable":true,"href":"https:\/\/www.trotec-blog.com\/tr\/wp-json\/wp\/v2\/comments?post=2165"}],"version-history":[{"count":16,"href":"https:\/\/www.trotec-blog.com\/tr\/wp-json\/wp\/v2\/posts\/2165\/revisions"}],"predecessor-version":[{"id":5612,"href":"https:\/\/www.trotec-blog.com\/tr\/wp-json\/wp\/v2\/posts\/2165\/revisions\/5612"}],"wp:attachment":[{"href":"https:\/\/www.trotec-blog.com\/tr\/wp-json\/wp\/v2\/media?parent=2165"}],"wp:term":[{"taxonomy":"category","embeddable":true,"href":"https:\/\/www.trotec-blog.com\/tr\/wp-json\/wp\/v2\/categories?post=2165"},{"taxonomy":"post_tag","embeddable":true,"href":"https:\/\/www.trotec-blog.com\/tr\/wp-json\/wp\/v2\/tags?post=2165"}],"curies":[{"name":"wp","href":"https:\/\/api.w.org\/{rel}","templated":true}]}}