{"id":14006,"date":"2022-07-29T13:49:44","date_gmt":"2022-07-29T11:49:44","guid":{"rendered":"https:\/\/www.trotec-blog.com\/tr\/?p=14006"},"modified":"2022-07-29T13:49:44","modified_gmt":"2022-07-29T11:49:44","slug":"3u-1-arada-klima-cihazi-sogutma-havalandirma-nem-alma-pac-3000-x-a-portatif-klima-simdi-turkiye-stoklarinda","status":"publish","type":"post","link":"https:\/\/www.trotec-blog.com\/tr\/trotec\/3u-1-arada-klima-cihazi-sogutma-havalandirma-nem-alma-pac-3000-x-a-portatif-klima-simdi-turkiye-stoklarinda\/","title":{"rendered":"3&#8217;\u00fc 1 arada klima cihaz\u0131: So\u011futma, Havaland\u0131rma, Nem alma. PAC 3000 X A+ Portatif Klima \u015fimdi T\u00fcrkiye Stoklar\u0131nda!"},"content":{"rendered":"<p><img loading=\"lazy\" class=\"alignleft size-full wp-image-14007\" src=\"https:\/\/www.trotec-blog.com\/tr\/files\/2022\/07\/pac-3000-x-a-6ccf.jpg\" alt=\"\" width=\"800\" height=\"800\" \/><\/p>\n<p>&nbsp;<\/p>\n<h1><\/h1>\n<h1><\/h1>\n<h1><\/h1>\n<h1><\/h1>\n<h1><\/h1>\n<h1><\/h1>\n<h1><\/h1>\n<h1><\/h1>\n<h1><\/h1>\n<h1><\/h1>\n<h1><\/h1>\n<h2><\/h2>\n<h2>PAC 3000 X A+ mobil klima cihaz\u0131yla ba\u015fka bir oday\u0131 so\u011futmak istiyorsan\u0131z, cihaz, kolayca d\u00f6nen tekerlekleriyle bir konumdan di\u011ferine rahat bir \u015fekilde hareket ettirilebilir. Sabit olarak kurulan klima sistemlerinin aksine, mobil bir klima cihaz\u0131n\u0131 delik delmeden, c\u0131vata ve d\u00fcbel takmadan her zaman serinleme ihtiyac\u0131n\u0131z olan yere kurabilirsiniz. \u0130htiyac\u0131n\u0131z olan tek \u015fey, teslimat kapsam\u0131na dahil olan at\u0131k hava hortumunu bir pencere veya kap\u0131 a\u00e7\u0131kl\u0131\u011f\u0131na sabitlemektir; bunun ard\u0131ndan hemen oday\u0131 so\u011futmaya ba\u015flayabilirsiniz!<\/h2>\n<h3>Mobil Klima PAC 3000 X A+ \u2013 Trotec marka kalitesi<br \/>\nSizde hemen \u015fimdi online al\u0131\u015fveri\u015f ma\u011fazam\u0131zdan mobil klima <a href=\"https:\/\/tr.trotec.com\/shop\/mobil-klima-pac-3000-x-aart.html\" class=\"broken_link\">PAC 3000 X A+<\/a> hakk\u0131nda daha fazla bilgi alabilirsiniz.<\/h3>\n","protected":false},"excerpt":{"rendered":"<p>S\u00fcrd\u00fcr\u00fclebilir bir gelecek icin enerji tasarruflu PAC 3000 X A+ Portatif Klima ile tan\u0131\u015f\u0131n! Ev, ofis veya i\u015f yerinde beklentilerinize ve mekan\u0131n\u0131za en so\u011futma c\u00f6z\u00fcm\u00fc!<\/p>\n","protected":false},"author":119,"featured_media":0,"comment_status":"open","ping_status":"open","sticky":false,"template":"","format":"standard","meta":[],"categories":[106],"tags":[],"_links":{"self":[{"href":"https:\/\/www.trotec-blog.com\/tr\/wp-json\/wp\/v2\/posts\/14006"}],"collection":[{"href":"https:\/\/www.trotec-blog.com\/tr\/wp-json\/wp\/v2\/posts"}],"about":[{"href":"https:\/\/www.trotec-blog.com\/tr\/wp-json\/wp\/v2\/types\/post"}],"author":[{"embeddable":true,"href":"https:\/\/www.trotec-blog.com\/tr\/wp-json\/wp\/v2\/users\/119"}],"replies":[{"embeddable":true,"href":"https:\/\/www.trotec-blog.com\/tr\/wp-json\/wp\/v2\/comments?post=14006"}],"version-history":[{"count":1,"href":"https:\/\/www.trotec-blog.com\/tr\/wp-json\/wp\/v2\/posts\/14006\/revisions"}],"predecessor-version":[{"id":14008,"href":"https:\/\/www.trotec-blog.com\/tr\/wp-json\/wp\/v2\/posts\/14006\/revisions\/14008"}],"wp:attachment":[{"href":"https:\/\/www.trotec-blog.com\/tr\/wp-json\/wp\/v2\/media?parent=14006"}],"wp:term":[{"taxonomy":"category","embeddable":true,"href":"https:\/\/www.trotec-blog.com\/tr\/wp-json\/wp\/v2\/categories?post=14006"},{"taxonomy":"post_tag","embeddable":true,"href":"https:\/\/www.trotec-blog.com\/tr\/wp-json\/wp\/v2\/tags?post=14006"}],"curies":[{"name":"wp","href":"https:\/\/api.w.org\/{rel}","templated":true}]}}