{"id":11580,"date":"2020-05-19T08:00:42","date_gmt":"2020-05-19T06:00:42","guid":{"rendered":"https:\/\/www.trotec-blog.com\/tr\/?p=11580"},"modified":"2020-05-14T11:05:18","modified_gmt":"2020-05-14T09:05:18","slug":"yeni-mobil-klima-pac-3500-s-sogutma-havalandirma-ve-nem-alma","status":"publish","type":"post","link":"https:\/\/www.trotec-blog.com\/tr\/trotec\/makineler\/yeni-mobil-klima-pac-3500-s-sogutma-havalandirma-ve-nem-alma\/","title":{"rendered":"Yeni Mobil Klima PAC 3500 S \u2013 So\u011futma, Havaland\u0131rma Ve Nem Alma"},"content":{"rendered":"<p><img loading=\"lazy\" class=\"alignnone size-full wp-image-11581\" src=\"https:\/\/www.trotec-blog.com\/tr\/files\/2020\/05\/TR_tro_blog_PAC3500S_blogbild_1000x1000.jpg\" alt=\"\" width=\"1000\" height=\"1000\" srcset=\"https:\/\/www.trotec-blog.com\/tr\/files\/2020\/05\/TR_tro_blog_PAC3500S_blogbild_1000x1000.jpg 1000w, https:\/\/www.trotec-blog.com\/tr\/files\/2020\/05\/TR_tro_blog_PAC3500S_blogbild_1000x1000-200x200.jpg 200w, https:\/\/www.trotec-blog.com\/tr\/files\/2020\/05\/TR_tro_blog_PAC3500S_blogbild_1000x1000-300x300.jpg 300w, https:\/\/www.trotec-blog.com\/tr\/files\/2020\/05\/TR_tro_blog_PAC3500S_blogbild_1000x1000-768x768.jpg 768w, https:\/\/www.trotec-blog.com\/tr\/files\/2020\/05\/TR_tro_blog_PAC3500S_blogbild_1000x1000-60x60.jpg 60w\" sizes=\"(max-width: 1000px) 100vw, 1000px\" \/><\/p>\n<h2>A\u015f\u0131r\u0131 s\u0131caklarda mobil klima PAC 3500 S ile serin bir ortam havas\u0131 sa\u011flay\u0131n. \u015e\u0131k tasar\u0131m, y\u00fcksek performans ve \u00fc\u00e7 \u00e7al\u0131\u015fma modu ile g\u00f6ze \u00e7arpar.Ya\u015fam alanlar\u0131nda, ofislerde, otel odalar\u0131nda veya yoga odalar\u0131nda &#8211; 3,5 kW \/ 12.000 Btu\/saat so\u011futma performans\u0131 ile bu mobil klima 46 m\u00b2 \/ 115 m\u00b3 b\u00fcy\u00fckl\u00fc\u011f\u00fcndeki alanlar i\u00e7in uygundur.<\/h2>\n<p>Bu mobil klima \u00fc\u00e7 kademeli vantilat\u00f6r fonksiyonuna sahiptir ve 340 m\u00b3\/saat hava debisi ile etkili bir \u015fekilde havaland\u0131rma sa\u011flar, so\u011futma fonksiyonu a\u00e7\u0131k olmasa bile. Her \u00fc\u00e7 fonksiyon: so\u011futma, havaland\u0131rma ve nem alma birbirine ba\u011fl\u0131 olmadan kullan\u0131labilir, b\u00f6ylece bu cihaz sadece yaz aylar\u0131nda de\u011fil, t\u00fcm senelik kullan\u0131mlar i\u00e7in uygundur.<!--more--><\/p>\n<h3><strong>B\u00f6yle kullan\u0131l\u0131r<\/strong><\/h3>\n<p>H\u0131zl\u0131 bir so\u011futma i\u015flemi i\u00e7in istedi\u011finiz s\u0131cakl\u0131\u011f\u0131 16\u00b0C ila 31\u00b0C aras\u0131 ayarlayabilirsiniz. Ayarlanan de\u011ferin sabit tutulmas\u0131 i\u00e7in bu so\u011futma kompres\u00f6r\u00fc istedi\u011finiz s\u0131cakl\u0131\u011fa ula\u015ft\u0131\u011f\u0131nda otomatik olarak kapan\u0131r. De\u011ferin \u00fczerine \u00e7\u0131kt\u0131\u011f\u0131nda tekrar i\u015fleme ge\u00e7er, b\u00f6ylece enerji tasarruflu bir \u00e7al\u0131\u015fma ger\u00e7ekle\u015fir.<\/p>\n<p>T\u00fcm fonksiyonlar ve ayarlar LED kullan\u0131m paneli ve uzaktan kumanda ile ayarlanabilir. 24 saatlik timer ve gece modu ile bu beyaz tasar\u0131ml\u0131 mobil klima konforlu kullan\u0131m sunar. Yaz aylar\u0131nda rahat bir uyku ge\u00e7irmeniz i\u00e7in bu mobil klima gece moduna sahiptir. Bir saat sonra ayarlad\u0131\u011f\u0131n\u0131z s\u0131cakl\u0131\u011f\u0131 1\u00b0C artt\u0131r\u0131r ve tekrar bir saat sonra 1\u00b0C daha artt\u0131r\u0131r ve bu s\u0131cakl\u0131k t\u00fcm gece sabit tutulur. B\u00f6ylece geceleri \u00e7ok fazla \u00fc\u015f\u00fcmeden rahat bir uyku ge\u00e7irirsiniz. Swing fonksiyonu ile alanda e\u015fit hava da\u011f\u0131l\u0131m\u0131 sa\u011flan\u0131r. Hava \u00e7\u0131k\u0131\u015f\u0131 a\u015fa\u011f\u0131dan yukar\u0131 do\u011fru sa\u011flan\u0131r ve serin hava alanada da\u011f\u0131l\u0131r. Toz ve hayvan t\u00fcylerini filtrelemek i\u00e7in cihaz\u0131n arka k\u0131sm\u0131nda kolay temizlenebilir bir hava filtresi entegre edilmi\u015ftir. Bu mobil kliman\u0131n kullan\u0131m alan\u0131 tekerleri ile kolay bir \u015fekilde de\u011fi\u015ftirilebilir.<\/p>\n<h3><strong>Benim \u00f6zellikle iyi buldu\u011fum bir\u00e7ok avantajlardan d\u00f6rd\u00fc:<\/strong><\/h3>\n<p>\u25a0 Uygun oldu\u011fu oda b\u00fcy\u00fckl\u00fc\u011f\u00fc: 46 m\u00b2 \/ 115 m\u00b3<br \/>\n\u25a0 Enerji verimlili\u011fi s\u0131n\u0131f\u0131 A<br \/>\n\u25a0 3,5 kW so\u011futma performans\u0131<br \/>\n\u25a0 3 \u00e7al\u0131\u015fma modu: So\u011futma, havaland\u0131rma, nem alma<\/p>\n<h3><strong>Mobil klima <a href=\"https:\/\/www.trotec24.com.tr\/makineler\/klima\/mobil-klima-pac-serisi\/mobil-klima-pac-3500-s.html?rc=550458b54a\" class=\"broken_link\">PAC 3500 S<\/a> \u2013 Trotec marka kalitesi<\/strong><\/h3>\n<p>Sizde hemen \u015fimdi online al\u0131\u015fveri\u015f ma\u011fazam\u0131zdan <a href=\"https:\/\/www.trotec24.com.tr\/makineler\/klima\/mobil-klima-pac-serisi\/mobil-klima-pac-3500-s.html?rc=550458b54a\" class=\"broken_link\">mobil klima PAC 3500 S<\/a> hakk\u0131nda daha fazla bilgi alabilirsiniz.<\/p>\n","protected":false},"excerpt":{"rendered":"<p>A\u015f\u0131r\u0131 s\u0131caklarda mobil klima PAC 3500 S ile serin bir ortam havas\u0131 sa\u011flay\u0131n. \u015e\u0131k tasar\u0131m, y\u00fcksek performans ve \u00fc\u00e7 \u00e7al\u0131\u015fma modu ile g\u00f6ze \u00e7arpar.Ya\u015fam alanlar\u0131nda, ofislerde, otel odalar\u0131nda veya yoga odalar\u0131nda &#8211; 3,5 kW \/ 12.000 Btu\/saat so\u011futma performans\u0131 ile bu mobil klima 46 m\u00b2 \/ 115 m\u00b3 b\u00fcy\u00fckl\u00fc\u011f\u00fcndeki alanlar i\u00e7in uygundur. <\/p>\n","protected":false},"author":87,"featured_media":11582,"comment_status":"open","ping_status":"open","sticky":false,"template":"","format":"standard","meta":[],"categories":[106,10,147],"tags":[143,549,1043,552],"_links":{"self":[{"href":"https:\/\/www.trotec-blog.com\/tr\/wp-json\/wp\/v2\/posts\/11580"}],"collection":[{"href":"https:\/\/www.trotec-blog.com\/tr\/wp-json\/wp\/v2\/posts"}],"about":[{"href":"https:\/\/www.trotec-blog.com\/tr\/wp-json\/wp\/v2\/types\/post"}],"author":[{"embeddable":true,"href":"https:\/\/www.trotec-blog.com\/tr\/wp-json\/wp\/v2\/users\/87"}],"replies":[{"embeddable":true,"href":"https:\/\/www.trotec-blog.com\/tr\/wp-json\/wp\/v2\/comments?post=11580"}],"version-history":[{"count":1,"href":"https:\/\/www.trotec-blog.com\/tr\/wp-json\/wp\/v2\/posts\/11580\/revisions"}],"predecessor-version":[{"id":11583,"href":"https:\/\/www.trotec-blog.com\/tr\/wp-json\/wp\/v2\/posts\/11580\/revisions\/11583"}],"wp:featuredmedia":[{"embeddable":true,"href":"https:\/\/www.trotec-blog.com\/tr\/wp-json\/wp\/v2\/media\/11582"}],"wp:attachment":[{"href":"https:\/\/www.trotec-blog.com\/tr\/wp-json\/wp\/v2\/media?parent=11580"}],"wp:term":[{"taxonomy":"category","embeddable":true,"href":"https:\/\/www.trotec-blog.com\/tr\/wp-json\/wp\/v2\/categories?post=11580"},{"taxonomy":"post_tag","embeddable":true,"href":"https:\/\/www.trotec-blog.com\/tr\/wp-json\/wp\/v2\/tags?post=11580"}],"curies":[{"name":"wp","href":"https:\/\/api.w.org\/{rel}","templated":true}]}}