{"id":10656,"date":"2019-07-12T08:00:14","date_gmt":"2019-07-12T06:00:14","guid":{"rendered":"https:\/\/www.trotec-blog.com\/tr\/?p=10656"},"modified":"2019-07-04T11:34:20","modified_gmt":"2019-07-04T09:34:20","slug":"mobil-klima-pac-3500-sh-sogutma-ve-isitma-fonksiyonu","status":"publish","type":"post","link":"https:\/\/www.trotec-blog.com\/tr\/trotec\/makineler\/mobil-klima-pac-3500-sh-sogutma-ve-isitma-fonksiyonu\/","title":{"rendered":"Mobil Klima PAC 3500 SH \u2013 So\u011futma Ve Is\u0131tma Fonksiyonu"},"content":{"rendered":"<p><img loading=\"lazy\" class=\"alignnone size-full wp-image-10657\" src=\"https:\/\/www.trotec-blog.com\/tr\/files\/2019\/07\/TR_tro_blog_pac_3500_sh_blogbild_1000x1000.jpg\" alt=\"\" width=\"1000\" height=\"1000\" srcset=\"https:\/\/www.trotec-blog.com\/tr\/files\/2019\/07\/TR_tro_blog_pac_3500_sh_blogbild_1000x1000.jpg 1000w, https:\/\/www.trotec-blog.com\/tr\/files\/2019\/07\/TR_tro_blog_pac_3500_sh_blogbild_1000x1000-200x200.jpg 200w, https:\/\/www.trotec-blog.com\/tr\/files\/2019\/07\/TR_tro_blog_pac_3500_sh_blogbild_1000x1000-300x300.jpg 300w, https:\/\/www.trotec-blog.com\/tr\/files\/2019\/07\/TR_tro_blog_pac_3500_sh_blogbild_1000x1000-768x768.jpg 768w, https:\/\/www.trotec-blog.com\/tr\/files\/2019\/07\/TR_tro_blog_pac_3500_sh_blogbild_1000x1000-60x60.jpg 60w\" sizes=\"(max-width: 1000px) 100vw, 1000px\" \/><\/p>\n<h2>Yaz\u0131n \u00e7ok s\u0131cak ve sonbahar aylar\u0131ndan itibaren \u00e7ok so\u011fuk? Bundan dolay\u0131 t\u00fcm sene boyunca oda s\u0131cakl\u0131\u011f\u0131n\u0131 vantilat\u00f6r, klima, elektrikli \u0131s\u0131t\u0131c\u0131 veya ya\u011fl\u0131 radyat\u00f6r ile d\u00fczenlemek isteriz. Is\u0131tma ve so\u011futma i\u015flemini tek bir cihaz ile sa\u011flamak daha pratik olmazm\u0131? Bu <a href=\"https:\/\/www.trotec24.com.tr\/makineler\/klima\/mobil-klima-pac-serisi\/mobil-klima-pac-3500-sh.html?rc=550458b54a\" class=\"broken_link\">4\u00fc1 arada mobil klima PAC 3500 SH<\/a> serinlik sa\u011flar ve \u0131s\u0131tma fonksiyonuna sahiptir. Ayn\u0131 zamanda havaland\u0131rma ve nem alma fonksiyonu ile 365 g\u00fcn rahat ortam havas\u0131 sa\u011flar.<!--more--><\/h2>\n<p>Y\u00fcksek kaliteli tasar\u0131m\u0131 ile bu \u015f\u0131k beyaz klima PAC 3500 SH ya\u015fam alan\u0131, ofis, loktanta, otel veya tatil evlerine uyum sa\u011flar.<\/p>\n<p>Bu pratik 4\u00fc1 arada PAC 3500 SH mobil klima 3,5 kW so\u011futma performans\u0131 ile 46 m\u00b2 b\u00fcy\u00fckl\u00fc\u011f\u00fcndeki odalar\u0131 serin tutar. Ayr\u0131ca 2,9 kW \u0131s\u0131tma performans\u0131 ile ak\u015fam serinli\u011finde \u0131s\u0131 sa\u011flar. Bu mobil klima ayn\u0131 zamanda havaland\u0131rma ve nem alma fonksiyonu ile donat\u0131lm\u0131\u015ft\u0131r ve b\u00f6ylece t\u00fcm sene boyunca gerekli g\u00f6revlerin \u00fcstesinden gelir.<\/p>\n<h3>B\u00f6yle kullan\u0131l\u0131r<\/h3>\n<p>Pratik otomatik \u00e7al\u0131\u015fma modu ile bu cihaz \u00e7evre s\u0131cakl\u0131\u011f\u0131na ve ayarlanan de\u011fere g\u00f6re so\u011futma, \u0131s\u0131tma ve havaland\u0131rma i\u015flemini d\u00fczenler. B\u00f6ylece enerji tasarrufu sa\u011flan\u0131r, \u00e7\u00fcnk\u00fc sadece gerekli oldu\u011funda i\u015fleme ge\u00e7er veya \u00e7al\u0131\u015fmay\u0131 durdurur.<\/p>\n<p>Nem alma fonksiyonu saat\u2019te 3,25 litre nem alma kapasitesine sahiptir. Bunalt\u0131c\u0131 ortam havas\u0131na kar\u015f\u0131 etkilidir ve b\u00f6ylece k\u00fcf olu\u015fumuna kar\u015f\u0131 \u00f6nlem al\u0131n\u0131r. Ferah bir esinti arzu etti\u011finizde, 3 kademeli vantilat\u00f6r modu so\u011futma kompres\u00f6r\u00fcn\u00fc i\u015fleme almadan kullan\u0131labilir ve enerji tasarruflu serinlik sa\u011flar. \u00c7ok y\u00f6nl\u00fc kullan\u0131m sayesinde <a href=\"https:\/\/www.trotec24.com.tr\/makineler\/klima\/mobil-klima-pac-serisi\/mobil-klima-pac-3500-sh.html?rc=550458b54a\" class=\"broken_link\">PAC 3500 SH<\/a> t\u00fcm senelik kullan\u0131m i\u00e7in idealdir.<\/p>\n<p>24 saatlik timer fonksiyonu, gece modu ve Follow me fonksiyonlu IR uzaktan kumanda ile konforlu donan\u0131mlar\u0131 tamamlan\u0131r. \u0130klim koruma ko\u015fullar\u0131na g\u00f6re uygun kullan\u0131m i\u00e7in do\u011fal \u00e7evreye uyumlu R290 so\u011futucu madde kullan\u0131l\u0131r.<\/p>\n<h3>Benim \u00f6zellikle iyi buldu\u011fum bir\u00e7ok avantajlardan d\u00f6rd\u00fc:<\/h3>\n<p>\u25a0 4\u00fc1 arada klima: so\u011futma, \u0131s\u0131tma, havaland\u0131rma, nem alma<br \/>\n\u25a0 Enerji verimlili\u011fi s\u0131n\u0131f\u0131 A<br \/>\n\u25a0 3,5 kW so\u011futma performans\u0131 \u2013 2,9 kW \u0131s\u0131tma performans\u0131<br \/>\n\u25a0 \u00dc\u00e7 fan kademesi<\/p>\n<h3>Mobil klima PAC 3500 SH \u2013 Trotec Marka Kalitesi<\/h3>\n<p>Sizde hemen \u015fimdi online al\u0131\u015fveri\u015f ma\u011fazam\u0131zdan <a href=\"https:\/\/www.trotec24.com.tr\/makineler\/klima\/mobil-klima-pac-serisi\/mobil-klima-pac-3500-sh.html?rc=550458b54a\" class=\"broken_link\">mobil klima PAC 3500 SH<\/a> hakk\u0131nda daha fazla bilgi alabilirsiniz.<\/p>\n","protected":false},"excerpt":{"rendered":"<p>Yaz\u0131n \u00e7ok s\u0131cak ve sonbahar aylar\u0131ndan itibaren \u00e7ok so\u011fuk? Bundan dolay\u0131 t\u00fcm sene boyunca oda s\u0131cakl\u0131\u011f\u0131n\u0131 vantilat\u00f6r, klima, elektrikli \u0131s\u0131t\u0131c\u0131 veya ya\u011fl\u0131 radyat\u00f6r ile d\u00fczenlemek isteriz. Is\u0131tma ve so\u011futma i\u015flemini tek bir cihaz ile sa\u011flamak daha pratik olmazm\u0131? Bu 4\u00fc1 arada mobil klima PAC 3500 SH serinlik sa\u011flar ve \u0131s\u0131tma fonksiyonuna sahiptir. Ayn\u0131 zamanda havaland\u0131rma ve nem alma fonksiyonu ile 365 g\u00fcn rahat ortam havas\u0131 sa\u011flar.<\/p>\n","protected":false},"author":87,"featured_media":10658,"comment_status":"open","ping_status":"open","sticky":false,"template":"","format":"standard","meta":[],"categories":[106,10,147],"tags":[143,549,1003,552],"_links":{"self":[{"href":"https:\/\/www.trotec-blog.com\/tr\/wp-json\/wp\/v2\/posts\/10656"}],"collection":[{"href":"https:\/\/www.trotec-blog.com\/tr\/wp-json\/wp\/v2\/posts"}],"about":[{"href":"https:\/\/www.trotec-blog.com\/tr\/wp-json\/wp\/v2\/types\/post"}],"author":[{"embeddable":true,"href":"https:\/\/www.trotec-blog.com\/tr\/wp-json\/wp\/v2\/users\/87"}],"replies":[{"embeddable":true,"href":"https:\/\/www.trotec-blog.com\/tr\/wp-json\/wp\/v2\/comments?post=10656"}],"version-history":[{"count":1,"href":"https:\/\/www.trotec-blog.com\/tr\/wp-json\/wp\/v2\/posts\/10656\/revisions"}],"predecessor-version":[{"id":10659,"href":"https:\/\/www.trotec-blog.com\/tr\/wp-json\/wp\/v2\/posts\/10656\/revisions\/10659"}],"wp:featuredmedia":[{"embeddable":true,"href":"https:\/\/www.trotec-blog.com\/tr\/wp-json\/wp\/v2\/media\/10658"}],"wp:attachment":[{"href":"https:\/\/www.trotec-blog.com\/tr\/wp-json\/wp\/v2\/media?parent=10656"}],"wp:term":[{"taxonomy":"category","embeddable":true,"href":"https:\/\/www.trotec-blog.com\/tr\/wp-json\/wp\/v2\/categories?post=10656"},{"taxonomy":"post_tag","embeddable":true,"href":"https:\/\/www.trotec-blog.com\/tr\/wp-json\/wp\/v2\/tags?post=10656"}],"curies":[{"name":"wp","href":"https:\/\/api.w.org\/{rel}","templated":true}]}}