{"id":10516,"date":"2019-05-08T08:00:22","date_gmt":"2019-05-08T06:00:22","guid":{"rendered":"https:\/\/www.trotec-blog.com\/tr\/?p=10516"},"modified":"2019-04-30T09:44:54","modified_gmt":"2019-04-30T07:44:54","slug":"mobil-klima-pac-2010-e-2610-e","status":"publish","type":"post","link":"https:\/\/www.trotec-blog.com\/tr\/trotec\/makineler\/mobil-klima-pac-2010-e-2610-e\/","title":{"rendered":"Mobil Klima PAC 2010 E \/ 2610 E"},"content":{"rendered":"<p><img loading=\"lazy\" class=\"alignnone size-full wp-image-10517\" src=\"https:\/\/www.trotec-blog.com\/tr\/files\/2019\/04\/tro_blog_pac2010e_pac2610e_blogbild_1000x1000.jpg\" alt=\"\" width=\"1000\" height=\"1000\" srcset=\"https:\/\/www.trotec-blog.com\/tr\/files\/2019\/04\/tro_blog_pac2010e_pac2610e_blogbild_1000x1000.jpg 1000w, https:\/\/www.trotec-blog.com\/tr\/files\/2019\/04\/tro_blog_pac2010e_pac2610e_blogbild_1000x1000-200x200.jpg 200w, https:\/\/www.trotec-blog.com\/tr\/files\/2019\/04\/tro_blog_pac2010e_pac2610e_blogbild_1000x1000-300x300.jpg 300w, https:\/\/www.trotec-blog.com\/tr\/files\/2019\/04\/tro_blog_pac2010e_pac2610e_blogbild_1000x1000-768x768.jpg 768w, https:\/\/www.trotec-blog.com\/tr\/files\/2019\/04\/tro_blog_pac2010e_pac2610e_blogbild_1000x1000-60x60.jpg 60w\" sizes=\"(max-width: 1000px) 100vw, 1000px\" \/><\/p>\n<h2><a href=\"https:\/\/www.trotec24.com.tr\/makineler\/klima\/mobil-klima-pac-serisi\/lokal-klima-pac-2010-e.html?rc=550458b54a\" class=\"broken_link\">PAC 2010 E<\/a> ve <a href=\"https:\/\/www.trotec24.com.tr\/makineler\/klima\/mobil-klima-pac-serisi\/lokal-klima-pac-2610-e.html?rc=550458b54a\" class=\"broken_link\">PAC 2610 E<\/a> mobil klimalar\u0131n ikna edici tasar\u0131mlar\u0131 arkas\u0131nda y\u00fcksek performans sakl\u0131d\u0131r. Kompakt tasar\u0131mlar\u0131 sayesinde her k\u00f6\u015fede yerini bulurlar. En iyisi: 3\u00fc1 arada klima so\u011futma, havaland\u0131rma ve nem alma fonksiyonuna sahiptir ve b\u00f6ylece a\u015f\u0131r\u0131 s\u0131caklara kar\u015f\u0131 haz\u0131rl\u0131kl\u0131d\u0131r. Her iki cihaz so\u011futma ve nem alma kapasitesi hari\u00e7 ayn\u0131d\u0131r.<\/h2>\n<p><!--more--><\/p>\n<p>Oda b\u00fcy\u00fckl\u00fc\u011f\u00fcne g\u00f6re <a href=\"https:\/\/www.trotec24.com.tr\/makineler\/klima\/mobil-klima-pac-serisi\/lokal-klima-pac-2010-e.html?rc=550458b54a\" class=\"broken_link\">PAC 2010 E<\/a> ve <a href=\"https:\/\/www.trotec24.com.tr\/makineler\/klima\/mobil-klima-pac-serisi\/lokal-klima-pac-2610-e.html?rc=550458b54a\" class=\"broken_link\">PAC 2610 E<\/a> aras\u0131ndan se\u00e7im yapabilirsiniz, \u00e7e\u015fitli so\u011futma ve nem alma kapasitesi:<\/p>\n<p>\u25a0 <a href=\"https:\/\/www.trotec24.com.tr\/makineler\/klima\/mobil-klima-pac-serisi\/lokal-klima-pac-2010-e.html?rc=550458b54a\" class=\"broken_link\">PAC 2010 E<\/a> 2,1 kW so\u011futma kapasitesi ve g\u00fcnde 24 litre nem alma kapasitesi ile 65 m\u00b3 b\u00fcy\u00fckl\u00fc\u011f\u00fcndeki odalar\u0131 serin tutar.<br \/>\n\u25a0 <a href=\"https:\/\/www.trotec24.com.tr\/makineler\/klima\/mobil-klima-pac-serisi\/lokal-klima-pac-2610-e.html?rc=550458b54a\" class=\"broken_link\">PAC 2610 E<\/a> 2,6 kW so\u011futma kapasitesi ve 34 litre nem alma kapasitesi ile 85 m\u00b3 b\u00fcy\u00fckl\u00fc\u011f\u00fcndeki odalar\u0131 serin tutar.<\/p>\n<h3>Avantajlar\u0131n\u0131z \u2013 Mobil Klima PAC 2010 E \/ 2610 E<\/h3>\n<p>\u25a0 \u00dc\u00e7 \u00e7al\u0131\u015fma -moduna sahiptir: so\u011futma, havaland\u0131rma, nem alma &#8211; \u00fc\u00e7 fan kademesi.<br \/>\n\u25a0 S\u00fcrekli \u00e7al\u0131\u015fmada otomatik modu ile g\u00fcvenilir so\u011futma sa\u011flar. Fan modunda otomatik kademesi se\u00e7ildi\u011finde fan h\u0131z\u0131n\u0131 \u00e7evre s\u0131cakl\u0131\u011f\u0131na g\u00f6re ayarlar.<br \/>\n\u25a0 \u00c7al\u0131\u015fma modu, oda s\u0131cakl\u0131\u011f\u0131, \u00fc\u00e7 fan kademesi ve otomatik fan fonksiyonlar\u0131 IR uzaktan kumanda ile ayarlanabilir. Ayn\u0131 zamanda diyafram tu\u015flu kullanma panelinden ayarlanabilir.<br \/>\n\u25a0 Timer fonksiyonu, cihaz\u0131n zamanl\u0131 a\u00e7\u0131l\u0131p-kapat\u0131lmas\u0131n\u0131 m\u00fcmk\u00fcn k\u0131l\u0131yor, \u00f6rne\u011fin ak\u015fam saatlerinde.<br \/>\n\u25a0 Rahat bir uyku i\u00e7in s\u0131cakl\u0131\u011f\u0131 yava\u015f bir \u015fekilde y\u00fckselten gece modu yan\u0131 s\u0131ra LED ekran\u0131da kapat\u0131labilir b\u00f6ylece gereksiz ayd\u0131nlatmadan rahat\u0131s olmazs\u0131n\u0131z.<br \/>\n\u25a0 E\u011fer cihaz uzun bir s\u00fcre kullan\u0131lm\u0131yorsa yo\u011fu\u015fma, kendini temizleme fonksiyonu ile ortadan kald\u0131r\u0131l\u0131r \u2013 b\u00f6ylece bu cihaz kolay bir \u015fekilde depolanabilir.<br \/>\n\u25a0 Di\u011fer klimalara ra\u011fmen bu PAC 2010 E ve PAC 2610 E kliman\u0131n haznesi \u00e7ok nadir bo\u015falt\u0131lmal\u0131d\u0131r, \u00e7\u00fcnk\u00fc ak\u0131ll\u0131 bir yeniden kullan\u0131m sistemi yo\u011fu\u015fmu\u015f olan suyu kondensat\u00f6r\u00fcn so\u011futulmas\u0131 i\u00e7in kullan\u0131r ve b\u00f6ylece b\u00fcy\u00fck bir k\u0131sm\u0131 buharla\u015f\u0131r.<\/p>\n<h3>Mobil Klima PAC 2010 E \/ 2610 E \u2013 Intertek kontroll\u00fc marka kalitesi!<\/h3>\n<p>Sizde hemen \u015fimdi online al\u0131\u015fveri\u015f ma\u011fazam\u0131zdan PAC 2010 E ve PAC 2610 E hakk\u0131nda daha fazla bilgi alabilirsiniz.<\/p>\n<p>\u25a0 <a href=\"https:\/\/www.trotec24.com.tr\/makineler\/klima\/mobil-klima-pac-serisi\/lokal-klima-pac-2010-e.html?rc=550458b54a\" class=\"broken_link\">Mobil klima PAC 2010 E<\/a><br \/>\n\u25a0 <a href=\"https:\/\/www.trotec24.com.tr\/makineler\/klima\/mobil-klima-pac-serisi\/lokal-klima-pac-2610-e.html?rc=550458b54a\" class=\"broken_link\">Mobil klima PAC 2610 E<\/a><\/p>\n","protected":false},"excerpt":{"rendered":"<p>PAC 2010 E ve PAC 2610 E mobil klimalar\u0131n ikna edici tasar\u0131mlar\u0131 arkas\u0131nda y\u00fcksek performans sakl\u0131d\u0131r. Kompakt tasar\u0131mlar\u0131 sayesinde her k\u00f6\u015fede yerini bulurlar. En iyisi: 3\u00fc1 arada klima so\u011futma, havaland\u0131rma ve nem alma fonksiyonuna sahiptir ve b\u00f6ylece a\u015f\u0131r\u0131 s\u0131caklara kar\u015f\u0131 haz\u0131rl\u0131kl\u0131d\u0131r. Her iki cihaz so\u011futma ve nem alma kapasitesi hari\u00e7 ayn\u0131d\u0131r.<\/p>\n","protected":false},"author":87,"featured_media":10518,"comment_status":"open","ping_status":"open","sticky":false,"template":"","format":"standard","meta":[],"categories":[106,10,147],"tags":[143,549,586,552],"_links":{"self":[{"href":"https:\/\/www.trotec-blog.com\/tr\/wp-json\/wp\/v2\/posts\/10516"}],"collection":[{"href":"https:\/\/www.trotec-blog.com\/tr\/wp-json\/wp\/v2\/posts"}],"about":[{"href":"https:\/\/www.trotec-blog.com\/tr\/wp-json\/wp\/v2\/types\/post"}],"author":[{"embeddable":true,"href":"https:\/\/www.trotec-blog.com\/tr\/wp-json\/wp\/v2\/users\/87"}],"replies":[{"embeddable":true,"href":"https:\/\/www.trotec-blog.com\/tr\/wp-json\/wp\/v2\/comments?post=10516"}],"version-history":[{"count":1,"href":"https:\/\/www.trotec-blog.com\/tr\/wp-json\/wp\/v2\/posts\/10516\/revisions"}],"predecessor-version":[{"id":10519,"href":"https:\/\/www.trotec-blog.com\/tr\/wp-json\/wp\/v2\/posts\/10516\/revisions\/10519"}],"wp:featuredmedia":[{"embeddable":true,"href":"https:\/\/www.trotec-blog.com\/tr\/wp-json\/wp\/v2\/media\/10518"}],"wp:attachment":[{"href":"https:\/\/www.trotec-blog.com\/tr\/wp-json\/wp\/v2\/media?parent=10516"}],"wp:term":[{"taxonomy":"category","embeddable":true,"href":"https:\/\/www.trotec-blog.com\/tr\/wp-json\/wp\/v2\/categories?post=10516"},{"taxonomy":"post_tag","embeddable":true,"href":"https:\/\/www.trotec-blog.com\/tr\/wp-json\/wp\/v2\/tags?post=10516"}],"curies":[{"name":"wp","href":"https:\/\/api.w.org\/{rel}","templated":true}]}}