{"id":2183,"count":1,"description":"","link":"https:\/\/www.trotec-blog.com\/ro\/blog\/tag\/foarfeca-cu-acumulator-foarfeca-de-gradina\/","name":"foarfec\u0103 cu acumulator. foarfec\u0103 de gr\u0103din\u0103","slug":"foarfeca-cu-acumulator-foarfeca-de-gradina","taxonomy":"post_tag","meta":[],"_links":{"self":[{"href":"https:\/\/www.trotec-blog.com\/ro\/wp-json\/wp\/v2\/tags\/2183"}],"collection":[{"href":"https:\/\/www.trotec-blog.com\/ro\/wp-json\/wp\/v2\/tags"}],"about":[{"href":"https:\/\/www.trotec-blog.com\/ro\/wp-json\/wp\/v2\/taxonomies\/post_tag"}],"wp:post_type":[{"href":"https:\/\/www.trotec-blog.com\/ro\/wp-json\/wp\/v2\/posts?tags=2183"}],"curies":[{"name":"wp","href":"https:\/\/api.w.org\/{rel}","templated":true}]}}