{"id":9985,"date":"2020-04-08T09:15:27","date_gmt":"2020-04-08T07:15:27","guid":{"rendered":"https:\/\/www.trotec-blog.com\/ro\/?p=9985"},"modified":"2020-04-08T09:15:50","modified_gmt":"2020-04-08T07:15:50","slug":"aparat-de-climatizare-pac-2610-e-inovatie-tehnica-cu-design-acum-din-nou-livrabil","status":"publish","type":"post","link":"https:\/\/www.trotec-blog.com\/ro\/blog\/trotec\/aparat-de-climatizare-pac-2610-e-inovatie-tehnica-cu-design-acum-din-nou-livrabil\/","title":{"rendered":"Aparat de climatizare PAC 2610 E: inova\u021bie tehnic\u0103 cu design acum din nou livrabil"},"content":{"rendered":"<h2><a href=\"https:\/\/www.trotec-blog.com\/ro\/blog\/trotec\/aparat-de-climatizare-pac-2610-e-inovatie-tehnica-cu-design-acum-din-nou-livrabil\/\"><img loading=\"lazy\" class=\"alignnone size-full wp-image-9993\" src=\"https:\/\/www.trotec-blog.com\/ro\/files\/2020\/04\/tro_blog_pac2610e_blogbild_1000x1000.jpg\" alt=\"\" width=\"1000\" height=\"1000\" srcset=\"https:\/\/www.trotec-blog.com\/ro\/files\/2020\/04\/tro_blog_pac2610e_blogbild_1000x1000.jpg 1000w, https:\/\/www.trotec-blog.com\/ro\/files\/2020\/04\/tro_blog_pac2610e_blogbild_1000x1000-200x200.jpg 200w, https:\/\/www.trotec-blog.com\/ro\/files\/2020\/04\/tro_blog_pac2610e_blogbild_1000x1000-300x300.jpg 300w, https:\/\/www.trotec-blog.com\/ro\/files\/2020\/04\/tro_blog_pac2610e_blogbild_1000x1000-768x768.jpg 768w, https:\/\/www.trotec-blog.com\/ro\/files\/2020\/04\/tro_blog_pac2610e_blogbild_1000x1000-60x60.jpg 60w\" sizes=\"(max-width: 1000px) 100vw, 1000px\" \/><\/a><\/h2>\n<h2>Un design frumos ce \u00eempacheteaz\u0103 o tehnic\u0103 confortabil\u0103. Aparatul de climatizare <strong>PAC 2610 E<\/strong> a fost vara trecut\u0103 unul dintre cele mai dorite aparate de clim\u0103 de pe pia\u021b\u0103. Aparatul 3-\u00een-1 ofer\u0103 r\u0103cire, ventilare \u0219i dezumidificare \u00eentr-un singur aparat. are o putere de r\u0103cire de 2,6 kW \u0219i cu ajutorul suflantei automate precum \u0219i trei trepte de ventilare, acesta sufl\u0103 aerul fierbinte al verii din orice \u00eenc\u0103pere prin simpla ap\u0103sare pe buton. <!--more--><\/h2>\n<p>Nici nu se pune problema ca urm\u0103toarea var\u0103 s\u0103 nu fie fierbinte ci mai degrab\u0103 c\u00e2nd se va instala canicula! Noi recomand\u0103 s\u0103 v\u0103 preg\u0103ti\u021bi din timp pentru aceste timpuri. Asigura\u021bi-v\u0103 din timp aparatul design cu tehnic\u0103 inovativ\u0103 prin aparatul de climatizare\u00a0<a href=\"https:\/\/www.trotec24.ro\/masini\/climatizare\/aparate-de-aer-conditionat-seria-pac\/aparat-de-climatizare-local-pac-2610-e.html?rc=783e2f47dd\" class=\"broken_link\"><strong> PAC 2610 E. <\/strong><\/a>Pe l\u00e2ng\u0103\u00a0 func\u021bionea de r\u0103cire cu puterea de 2,6 kW, acest multitalent mai de\u021bine \u0219i o func\u021biune de dezumidificare \u0219i o suflant\u0103 cu trei trepte de ventilare pentru \u00eenc\u0103peri de p\u00e2n\u0103 la 85 m\u00b3.<\/p>\n<h3><strong>Avantajele la un loc &#8211; aparatul de climatizare PAC 2610 E \u2026<\/strong><\/h3>\n<ul>\n<li>datorit\u0103 modului automat confer\u0103 o r\u0103cire rapid\u0103 pentru atingerea temperaturii dorite. Dac\u0103 alege\u021bi modul automatic pentru Fan-Modus acesta reglementeaz\u0103 de la sine viteza suflantei.<\/li>\n<li>climatizeaz\u0103 \u00eenc\u0103perile cu o performan\u021b\u0103 de dezumidificare de p\u00e2n\u0103 la 1,4 litri pe or\u0103.<\/li>\n<li>convinge prin caracteristici confortabile precum temporizator pentru comandarea automat\u0103 a pornirii \u0219i opriri precum \u0219i un mod silen\u021bios de noapte.<\/li>\n<li>se poate utiliza confortabil fie prin tabloul de comand\u0103 sau prin telecomanda cu infraro\u0219u din dotare pentru setarea temperaturii, treptei de ventila\u021bie \u0219i a modului automat.<\/li>\n<\/ul>\n<h3><strong>Aparat local de climatizare PAC 2610 E \u2013 calitate de marc\u0103 de la Trotec!<\/strong><\/h3>\n<p>Profita\u021bi de calitatea de marc\u0103 Trotec ca un garant al valorii, siguran\u021bei \u0219i func\u021bionalit\u0103\u021bii. Comanda\u021bi \u00een magazinul online a<a href=\"https:\/\/www.trotec24.ro\/masini\/climatizare\/aparate-de-aer-conditionat-seria-pac\/aparat-de-climatizare-local-pac-2610-e.html?rc=783e2f47dd\" class=\"broken_link\"><strong>paratul de climatizare PAC 2610<\/strong> E<\/a> la cele mai atractive pre\u021buri &#8211; acum \u00een\u00a0 Trotec-Shop!<\/p>\n","protected":false},"excerpt":{"rendered":"<p>Un design frumos ce \u00eempacheteaz\u0103 o tehnic\u0103 confortabil\u0103. Aparatul de climatizare PAC 2610 E a fost vara trecut\u0103 unul dintre cele mai dorite aparate de clim\u0103 de pe pia\u021b\u0103. Aparatul 3-\u00een-1 ofer\u0103 r\u0103cire, ventilare \u0219i dezumidificare \u00eentr-un singur aparat. are o putere de r\u0103cire de 2,6 kW \u0219i cu ajutorul suflantei automate precum \u0219i trei [&hellip;]<\/p>\n","protected":false},"author":66,"featured_media":9994,"comment_status":"open","ping_status":"open","sticky":false,"template":"","format":"standard","meta":[],"categories":[6,8,9,2],"tags":[1492,19,1167,88],"_links":{"self":[{"href":"https:\/\/www.trotec-blog.com\/ro\/wp-json\/wp\/v2\/posts\/9985"}],"collection":[{"href":"https:\/\/www.trotec-blog.com\/ro\/wp-json\/wp\/v2\/posts"}],"about":[{"href":"https:\/\/www.trotec-blog.com\/ro\/wp-json\/wp\/v2\/types\/post"}],"author":[{"embeddable":true,"href":"https:\/\/www.trotec-blog.com\/ro\/wp-json\/wp\/v2\/users\/66"}],"replies":[{"embeddable":true,"href":"https:\/\/www.trotec-blog.com\/ro\/wp-json\/wp\/v2\/comments?post=9985"}],"version-history":[{"count":5,"href":"https:\/\/www.trotec-blog.com\/ro\/wp-json\/wp\/v2\/posts\/9985\/revisions"}],"predecessor-version":[{"id":9996,"href":"https:\/\/www.trotec-blog.com\/ro\/wp-json\/wp\/v2\/posts\/9985\/revisions\/9996"}],"wp:featuredmedia":[{"embeddable":true,"href":"https:\/\/www.trotec-blog.com\/ro\/wp-json\/wp\/v2\/media\/9994"}],"wp:attachment":[{"href":"https:\/\/www.trotec-blog.com\/ro\/wp-json\/wp\/v2\/media?parent=9985"}],"wp:term":[{"taxonomy":"category","embeddable":true,"href":"https:\/\/www.trotec-blog.com\/ro\/wp-json\/wp\/v2\/categories?post=9985"},{"taxonomy":"post_tag","embeddable":true,"href":"https:\/\/www.trotec-blog.com\/ro\/wp-json\/wp\/v2\/tags?post=9985"}],"curies":[{"name":"wp","href":"https:\/\/api.w.org\/{rel}","templated":true}]}}