{"id":9479,"date":"2020-03-04T09:20:28","date_gmt":"2020-03-04T07:20:28","guid":{"rendered":"https:\/\/www.trotec-blog.com\/ro\/?p=9479"},"modified":"2020-03-04T09:22:53","modified_gmt":"2020-03-04T07:22:53","slug":"aerul-rau-imbolnaveste-cum-sa-aerisiti-corect","status":"publish","type":"post","link":"https:\/\/www.trotec-blog.com\/ro\/blog\/trotec\/aerul-rau-imbolnaveste-cum-sa-aerisiti-corect\/","title":{"rendered":"Aerul r\u0103u \u00eemboln\u0103ve\u0219te: Cum s\u0103 aerisi\u021bi corect"},"content":{"rendered":"<h2><a href=\"https:\/\/www.trotec-blog.com\/ro\/blog\/trotec\/aerul-rau-imbolnaveste-cum-sa-aerisiti-corect\/\"><img loading=\"lazy\" class=\"alignnone size-full wp-image-9480\" src=\"https:\/\/www.trotec-blog.com\/ro\/files\/2020\/03\/RO_tro_blog_schlechte_Luft_Teil1_blogbild_1000x1000.jpg\" alt=\"\" width=\"1000\" height=\"1000\" srcset=\"https:\/\/www.trotec-blog.com\/ro\/files\/2020\/03\/RO_tro_blog_schlechte_Luft_Teil1_blogbild_1000x1000.jpg 1000w, https:\/\/www.trotec-blog.com\/ro\/files\/2020\/03\/RO_tro_blog_schlechte_Luft_Teil1_blogbild_1000x1000-200x200.jpg 200w, https:\/\/www.trotec-blog.com\/ro\/files\/2020\/03\/RO_tro_blog_schlechte_Luft_Teil1_blogbild_1000x1000-300x300.jpg 300w, https:\/\/www.trotec-blog.com\/ro\/files\/2020\/03\/RO_tro_blog_schlechte_Luft_Teil1_blogbild_1000x1000-768x768.jpg 768w, https:\/\/www.trotec-blog.com\/ro\/files\/2020\/03\/RO_tro_blog_schlechte_Luft_Teil1_blogbild_1000x1000-60x60.jpg 60w\" sizes=\"(max-width: 1000px) 100vw, 1000px\" \/><\/a><\/h2>\n<h2>Aerul \u00eemb\u00e2csit \u0219i \u00eenfierb\u00e2ntat din \u00eenc\u0103pere f\u0103r\u0103 oxigen produce rapid dureri de cap. \u00cen afar\u0103 de aceasta, cine se men\u021bine o durat\u0103 mai lung\u0103 \u00een \u00eenc\u0103peri cu mucegai, noxe \u0219i alergeni, acela risc\u0103 probleme mari de s\u0103n\u0103tate. Contra durerilor de cap \u0219i contra mucegaiului ajut\u0103 de obicei o fereast\u0103 larg deschis\u0103. Pentru a v\u0103 \u00eendruma am format o serie de sfaturi. S\u0103 \u00eencepem cu primul pas important pentru o aerisire corect\u0103 a \u00eenc\u0103perilor.<\/h2>\n<p><!--more--><\/p>\n<p>Cel mai important element pentru trai este aerul de respirat. Fiecare om inhaleaz\u0103 zilnic c\u00e2te 12.000 de litri de aer. Dac\u0103 calcul\u0103m acest lucru la o densitate a aerului de ca. 1,2041 kg\/m\u00b3, putem spune c\u0103 respir\u0103m zilnic ca. 15 kilograme de aer. Corpul nostru transform\u0103 \u00eens\u0103 oxigenul \u00een dioxid de carbon (CO2). Rezultatul este c\u0103, noi expir\u0103m un aer care va con\u021bine cu 4 % mai pu\u021bin oxigen, dar cu\u00a0 4 % mai mult CO2. Acest lucru nu e nicio problem\u0103 at\u00e2ta timp c\u00e2t ne afl\u0103m afar\u0103 \u00een natur\u0103. Datorit\u0103 procesului de respira\u021bie, \u00een \u00eenc\u0103peri aerul devine rapid lipsit de calitate. Cu c\u00e2t se afl\u0103 mai multe persoane \u00een \u00eenc\u0103peri, cu at\u00e2t cre\u0219te \u0219i cantitatea de bioxid de carbon produs\u0103.<\/p>\n<p>Aerul se resimte consumat \u0219i \u00eemb\u00e2csit \u0219i numai o aerisire regulat\u0103 \u0219i corect\u0103 poate furniza destul oxigen. La o cre\u0219tere continu\u0103 a concentra\u021biei de CO2 reac\u021bion\u0103m cu o oboseal\u0103 pronun\u021bat\u0103 \u0219i o sc\u0103dere considerabil\u0103 a concentra\u021biei \u0219i performan\u021bei. De aceea, noi recomand\u0103m m\u0103surarea \u00een \u00eenc\u0103perile \u00eenchise, cu aparate de m\u0103sur\u0103 ale parametrilor climaterici precum <a href=\"https:\/\/www.trotec24.ro\/instrumente-de-masura\/clima\/instrumente-de-mana\/indicator-de-calitate-aer-detector-de-co2-bz25.html?rc=783e2f47dd\" class=\"broken_link\"><strong>indicatorul calit\u0103\u021bii aerului<\/strong> <strong>BZ25<\/strong><\/a> sau aparatul profesional <a href=\"https:\/\/www.trotec24.ro\/instrumente-de-masura\/clima\/data-logger\/data-logger-calitate-aer-co2-bz30.html?rc=783e2f47dd\" class=\"broken_link\"><strong>data logger al calit\u0103\u021bii aerului BZ30<\/strong><\/a> de la Trotec. \u00cen primul r\u00e2nd \u00een cl\u0103dirile publice precum gr\u0103dini\u021be \u0219i \u0219coli dar \u0219i \u00een gospod\u0103riile private este recomandat\u0103 monitorizarea.<\/p>\n<h3><strong>A\u0219a aerisi\u021bi corect &#8211; dupa norma DIN 1946-6<\/strong><\/h3>\n<p>Aerul consumat , afar\u0103 cu el, aerul proasp\u0103t \u00een locul lui. Deci pur \u0219i simplu deschide\u021bi ferestrele? Practica ne arat\u0103 c\u0103 nu merge astfel. O aerisire gre\u0219it\u0103 \u00eenr\u0103ut\u0103\u021be\u0219te calitatea aerului din interior \u0219i \u00een plus risipe\u0219te energie caloric\u0103 pre\u021bioas\u0103. De aceea este indicat s\u0103 folosi\u021bi metoda stipulat\u0103 de Deutschen Instituts f\u00fcr Normung (DIN): Norma DIN 1946-6 stabile\u0219te \u00eenainte de toate, c\u00e2t de mult timp trebuie aerisit, pentru a garanta o clim\u0103 \u00een \u00eenc\u0103peri pl\u0103cut\u0103.<\/p>\n<p>\u2022 De patru ori pe zi trebuie s\u0103 deschide\u021bi ferestrele larg iar caloriferele trebuie \u00eenchise.:<br \/>\n&#8211; \u00een iunie, iulie \u0219i august cel pu\u021bin 30 de minute,<br \/>\n&#8211; \u00een septembrie \u0219i mai\u00a0 20 de minute,<br \/>\n&#8211; \u00een octombrie \u0219i aprilie c\u00e2te 15 minute,<br \/>\n&#8211; \u00een noiembrie \u0219i martie c\u00e2te 10 minute,<br \/>\n&#8211; \u00een decembrie p\u00e2n\u0103 \u00een februarie p\u00e2n\u0103 la 5 minute.<\/p>\n<p>\u2022 Chiar \u0219i dac\u0103 pe timpul zilei nu sunte\u021bi acas\u0103, este indicat totu\u0219i s\u0103 aerisi\u021bi de trei ori cre\u00e2nd un curent de aer: cel mai bine procede\u021bi la aerisire odat\u0103 \u00een orele dimine\u021bii \u0219i de dou\u0103 ori seara. Dac\u0103 sear\u0103 face\u021bi o baie mai lung\u0103 este necesar\u0103 o\u00a0 aerisire mai lung\u0103.<\/p>\n<p>\u2022 Prin aerisirea cu ferestrele aflate fa\u021b\u0103 \u00een fa\u021b\u0103, se produce un curent mare de aer care transport\u0103 aerul consumat rapid afar\u0103. Cine nu de\u021bine ferestre \u0219i u\u0219i fa\u021b\u0103 \u00een fa\u021b\u0103, acela este bine s\u0103 aeriseasc\u0103 pe o perioad\u0103 mai lung\u0103. Economisi\u021bi energie dac\u0103 \u00eenchide\u021bi caloriferele \u00eenc\u0103 \u00eenainte de a \u00eencepe s\u0103 aerisi\u021bi iar caloriferele sunt reci.<\/p>\n<p>\u2022 Dup\u0103 lucr\u0103ri de sanare energetic\u0103 este indicat s\u0103 aerisi\u021bi des. Dac\u0103 s-au efectuat lucr\u0103ri de\u00a0 modernizare la fa\u021bad\u0103 sau s-au schimbat ferestrele, trebuie s\u0103 aerisi\u021bi o perioad\u0103 mai \u00eendelungat\u0103, deoarece aerisirea nu se mai poate face \u0219i prin locurile ne-etan\u0219e.<\/p>\n<h3><strong>A\u0219a depista\u021bi concentra\u021bia de CO2<\/strong><\/h3>\n<p>Cu aparatele de m\u0103sur\u0103 ale climei \u0219i data loggerele de clim\u0103 de la Trotec, monitoriza\u021bi concentrat aerul \u00eenc\u0103perilor. Unit\u0103\u021bile de senzori sunt senzibile \u0219i livreaz\u0103 rapid parametrii climaterici precum valoarea concentra\u021biei de CO2, umiditatea aerului, temperatur\u0103 \u0219i punctul de rou\u0103. Aparate de m\u0103surare ale parametrilor climaterici, precum <a href=\"https:\/\/www.trotec24.ro\/instrumente-de-masura\/clima\/instrumente-de-mana\/indicator-de-calitate-aer-detector-de-co2-bz25.html?rc=783e2f47dd\" class=\"broken_link\"><strong>indicatorul calit\u0103\u021bii aerului BZ25<\/strong><\/a> sau <a href=\"https:\/\/www.trotec24.ro\/instrumente-de-masura\/clima\/data-logger\/data-logger-calitate-aer-co2-bz30.html?rc=783e2f47dd\" class=\"broken_link\"><strong>data logger al calit\u0103\u021bii aerului BZ30<\/strong><\/a>, sunt utilizabile pentru m\u0103surarea \u00een locuin\u021be \u0219i birouri, hale de produc\u021bie \u0219i depozite, gr\u0103dini\u021be sau laboratoare, \u00een agricultur\u0103 \u0219i florisitic\u0103.<\/p>\n<p>\u2022 <a href=\"https:\/\/www.trotec24.ro\/instrumente-de-masura\/clima\/instrumente-de-mana\/indicator-de-calitate-aer-detector-de-co2-bz25.html?rc=783e2f47dd\" class=\"broken_link\"><strong>Monitorul concentra\u021biei de\u00a0 CO2 \u0219i al calit\u0103\u021bii aerului BZ25<\/strong><\/a> se poate utiliza ideal pentru birou, scoal\u0103 \u0219i gr\u0103dini\u021b\u0103. Aparatul m\u0103soar\u0103 la un interval de 2 secunde, concentra\u021bia de CO2 din aerul \u00eenc\u0103perii. Un indicator ajut\u0103 spre orientare dac\u0103 valoarea indicat\u0103 este critic\u0103? \u00cen acest caz trebuie deschise ferestrele \u0219i u\u0219ile. \u00cen \u0219coli \u0219i gr\u0103dini\u021be, acest lucru se uit\u0103 foarte des. <a href=\"https:\/\/www.trotec24.ro\/instrumente-de-masura\/clima\/instrumente-de-mana\/indicator-de-calitate-aer-detector-de-co2-bz25.html?rc=783e2f47dd\" class=\"broken_link\"><strong>BZ25<\/strong> <\/a>aminte\u0219te spre acest lucru permanent \u0219i la timp!<\/p>\n<p>\u2022 <a href=\"https:\/\/www.trotec24.ro\/instrumente-de-masura\/clima\/data-logger\/data-logger-calitate-aer-co2-bz30.html?rc=783e2f47dd\" class=\"broken_link\"><strong>Data logger calitate aer BZ30<\/strong><\/a> este aparatul combinat, ideal pentru arhitec\u021bi, speciali\u0219ti \u0219i exper\u021bi \u00een construc\u021bia de aparate \u0219i agregate de climatizare, aerisire \u0219i \u00eenc\u0103lzire a aerului.\u00a0 <a href=\"https:\/\/www.trotec24.ro\/instrumente-de-masura\/clima\/data-logger\/data-logger-calitate-aer-co2-bz30.html?rc=783e2f47dd\" class=\"broken_link\"><strong>BZ30<\/strong> <\/a>nu m\u0103soar\u0103 numai concentra\u021bia de CO2, temperatura \u0219i umiditatea din \u00eenc\u0103pere,\u00a0 ci poate salva \u0219i memora p\u00e2n\u0103 la 50.000 de valori m\u0103surate. Din acest fapt, cu acest aparat sunt posibile m\u0103sur\u0103ri de lung\u0103 durat\u0103, f\u0103r\u0103 o supraveghere intens\u0103.<\/p>\n<h3><strong>Controlul concentra\u021biei de CO2 \u2013 cu ajutorul aparatelor de m\u0103sur\u0103 inovative de la Trotec<\/strong><\/h3>\n<p>Informa\u021bi-v\u0103 detaliat despre toate avantajele pe cere vi le aduce managementul calit\u0103\u021bii aerului \u0219i profita\u021bi de ofertele noastre de calitate de marc\u0103 Trotec:<\/p>\n<p><strong>\u2022 <a href=\"https:\/\/www.trotec24.ro\/instrumente-de-masura\/clima\/instrumente-de-mana\/indicator-de-calitate-aer-detector-de-co2-bz25.html?rc=783e2f47dd\" class=\"broken_link\">Detectorul de CO2 BZ25<\/a><\/strong>,<br \/>\n<strong>\u2022 <a href=\"https:\/\/www.trotec24.ro\/instrumente-de-masura\/clima\/data-logger\/data-logger-calitate-aer-co2-bz30.html?rc=783e2f47dd\" class=\"broken_link\">Data logger al calit\u0103\u021bii aerului \u0219i concentra\u021biei de CO2 BZ30<\/a><\/strong>,<\/p>\n<p>\u2013 acum \u00een Trotec-Shop!<\/p>\n<p><strong>Sfaturi de la Trotec. \u201aSfaturi pentru un aer pl\u0103cut \u00een interioare\u2018<\/strong><\/p>\n<p><strong>1\/7 Aerul r\u0103u \u00eemboln\u0103ve\u0219te: Cum s\u0103 aerisi\u021bi corect<\/strong><br \/>\n<strong>2\/7 Prea mare sau prea mic\u0103? A\u0219a p\u0103stra\u021bi umiditatea aerului la valori optimale<\/strong><br \/>\n<strong>3\/7 Climatizare perfect\u0103: Plantele de camer\u0103 m\u0103resc confortul!<\/strong><br \/>\n<strong>4\/7 Aerul uscat nu este s\u0103n\u0103tos: Astfel \u00eenbun\u0103t\u0103\u021bi\u021bi clima din \u00eenc\u0103peri <\/strong><br \/>\n<strong>5\/7 Miroase p\u00e2n\u0103 la cer: Cum \u00eendep\u0103rta\u021bi mirosurile ur\u00e2te \u0219i grele<\/strong><br \/>\n<strong>6\/7 Mucegaiul: Alunga\u021bi-l din cas\u0103 \u0219i din din locuin\u021b\u0103<\/strong><br \/>\n<strong>7\/7 Praful fin \u0219i alergenii: Preveni\u021bi apari\u021bia lor<\/strong><\/p>\n","protected":false},"excerpt":{"rendered":"<p>Cel mai important element pentru trai este aerul de respirat. Fiecare om inhaleaz\u0103 zilnic c\u00e2te 12.000 de litri de aer. Dac\u0103 calcul\u0103m acest lucru la o densitate a aerului de ca. 1,2041 kg\/m\u00b3, putem spune c\u0103 respir\u0103m zilnic ca. 15 kilograme de aer. Corpul nostru transform\u0103 \u00eens\u0103 oxigenul \u00een dioxid de carbon (CO2). Rezultatul este c\u0103, noi expir\u0103m un aer care va con\u021bine cu 4 % mai pu\u021bin oxigen, dar cu  4 % mai mult CO2. Acest lucru nu e nicio problem\u0103 at\u00e2ta timp c\u00e2t ne afl\u0103m afar\u0103 \u00een natur\u0103. Datorit\u0103 procesului de respira\u021bie, \u00een \u00eenc\u0103peri aerul devine rapid lipsit de calitate. Cu c\u00e2t se afl\u0103 mai multe persoane \u00een \u00eenc\u0103peri, cu at\u00e2t cre\u0219te \u0219i cantitatea de bioxid de carbon produs\u0103.<\/p>\n","protected":false},"author":66,"featured_media":9488,"comment_status":"open","ping_status":"open","sticky":false,"template":"","format":"standard","meta":[],"categories":[6,7,8,2,41],"tags":[1092,1093,1430],"_links":{"self":[{"href":"https:\/\/www.trotec-blog.com\/ro\/wp-json\/wp\/v2\/posts\/9479"}],"collection":[{"href":"https:\/\/www.trotec-blog.com\/ro\/wp-json\/wp\/v2\/posts"}],"about":[{"href":"https:\/\/www.trotec-blog.com\/ro\/wp-json\/wp\/v2\/types\/post"}],"author":[{"embeddable":true,"href":"https:\/\/www.trotec-blog.com\/ro\/wp-json\/wp\/v2\/users\/66"}],"replies":[{"embeddable":true,"href":"https:\/\/www.trotec-blog.com\/ro\/wp-json\/wp\/v2\/comments?post=9479"}],"version-history":[{"count":7,"href":"https:\/\/www.trotec-blog.com\/ro\/wp-json\/wp\/v2\/posts\/9479\/revisions"}],"predecessor-version":[{"id":9487,"href":"https:\/\/www.trotec-blog.com\/ro\/wp-json\/wp\/v2\/posts\/9479\/revisions\/9487"}],"wp:featuredmedia":[{"embeddable":true,"href":"https:\/\/www.trotec-blog.com\/ro\/wp-json\/wp\/v2\/media\/9488"}],"wp:attachment":[{"href":"https:\/\/www.trotec-blog.com\/ro\/wp-json\/wp\/v2\/media?parent=9479"}],"wp:term":[{"taxonomy":"category","embeddable":true,"href":"https:\/\/www.trotec-blog.com\/ro\/wp-json\/wp\/v2\/categories?post=9479"},{"taxonomy":"post_tag","embeddable":true,"href":"https:\/\/www.trotec-blog.com\/ro\/wp-json\/wp\/v2\/tags?post=9479"}],"curies":[{"name":"wp","href":"https:\/\/api.w.org\/{rel}","templated":true}]}}