{"id":8681,"date":"2019-10-29T08:10:24","date_gmt":"2019-10-29T06:10:24","guid":{"rendered":"https:\/\/www.trotec-blog.com\/ro\/?p=8681"},"modified":"2019-10-29T08:12:27","modified_gmt":"2019-10-29T06:12:27","slug":"saptamana-aceasta-vine-frigul-si-trotec-are-in-sortiment-aparate-electrice-de-incalzit-pe-toate-gusturile","status":"publish","type":"post","link":"https:\/\/www.trotec-blog.com\/ro\/blog\/trotec\/saptamana-aceasta-vine-frigul-si-trotec-are-in-sortiment-aparate-electrice-de-incalzit-pe-toate-gusturile\/","title":{"rendered":"S\u0103pt\u0103m\u00e2na aceasta vine frigul \u0219i Trotec are \u00een sortiment aparate electrice de \u00eenc\u0103lzit pe toate gusturile"},"content":{"rendered":"<h2><\/h2>\n<p><a href=\"https:\/\/www.trotec-blog.com\/ro\/blog\/trotec\/saptamana-aceasta-vine-frigul-si-trotec-are-in-sortiment-aparate-electrice-de-incalzit-pe-toate-gusturile\/\"><img loading=\"lazy\" class=\"alignnone size-full wp-image-8683\" src=\"https:\/\/www.trotec-blog.com\/ro\/files\/2019\/10\/tro_blog_heizer_fuer_jeden_bedarf_blogbild_1000x1000.jpg\" alt=\"\" width=\"1000\" height=\"1000\" srcset=\"https:\/\/www.trotec-blog.com\/ro\/files\/2019\/10\/tro_blog_heizer_fuer_jeden_bedarf_blogbild_1000x1000.jpg 1000w, https:\/\/www.trotec-blog.com\/ro\/files\/2019\/10\/tro_blog_heizer_fuer_jeden_bedarf_blogbild_1000x1000-200x200.jpg 200w, https:\/\/www.trotec-blog.com\/ro\/files\/2019\/10\/tro_blog_heizer_fuer_jeden_bedarf_blogbild_1000x1000-300x300.jpg 300w, https:\/\/www.trotec-blog.com\/ro\/files\/2019\/10\/tro_blog_heizer_fuer_jeden_bedarf_blogbild_1000x1000-768x768.jpg 768w, https:\/\/www.trotec-blog.com\/ro\/files\/2019\/10\/tro_blog_heizer_fuer_jeden_bedarf_blogbild_1000x1000-60x60.jpg 60w\" sizes=\"(max-width: 1000px) 100vw, 1000px\" \/><\/a><\/p>\n<h2>Meteorologii prev\u0103d pentru s\u0103pt\u0103m\u00e2na aceasta c\u0103 vine frigul. Dup\u0103 zilele superbe de toamn\u0103 de la sf\u00e2r\u0219itul s\u0103pt\u0103m\u00e2nii vine acum un front rece cu sc\u0103deri semnificative de temperatur\u0103. Se prognosticheaz\u0103 sc\u0103deri \u00een jurul a 2 p\u00e2n\u0103 la 7 grade. Pute\u021bi s\u0103 v\u0103 \u00eengriji\u021bi prin aparatele de \u00eenc\u0103lzire de la Trotec pentru ca aceast\u0103 perioad\u0103 s\u0103 treac\u0103 pl\u0103cut, at\u00e2t \u00een interiorul \u00eenc\u0103perilor c\u00e2t \u0219i afar\u0103, pe \u0219antiere.<\/h2>\n<p><!--more--><\/p>\n<p>Vestea bun\u0103 e c\u0103 pute\u021bi s\u0103 contra\u021bi aceast\u0103 perioad\u0103 recu cu ajutorul aparatelor de \u00eenc\u0103lzire de la Trotec. Aceste aparate pot fi practic utilizate peste tot \u0219i se pot folosi pentru scopuri diferite at\u00e2t la interior \u00een \u00eenc\u0103peri c\u00e2t \u0219i afar\u0103. Astfel aparatele sunt oprimale pentru \u00eenc\u0103lzirea locuin\u021belor \u0219i teraselor precum \u0219i \u00een interiorul atelierelor, \u00een domeniul gastronomic, pe \u0219antiere sau \u00een agricultur\u0103.<\/p>\n<h3><strong>C\u0103ldur\u0103 pentru birou \u0219i acas\u0103<\/strong><\/h3>\n<p>Atunci c\u021bnd este nevoie de c\u0103ldur\u0103 rapid \u0219i necomplicat, Trotec are prin seria ComfortTemp pentru toate cerin\u021bele \u0219i pungile cu bani aparatele potrivite \u00een sortimentul s\u0103u.<\/p>\n<p><strong>Convectoare<\/strong><br \/>\nPentru \u00eenc\u0103lzirea temporar\u0103 a unor \u00eenc\u0103peri se pot utiliza <a href=\"https:\/\/www.trotec24.ro\/masini\/incalzire\/convectoare-electrice?rc=783e2f47dd\" class=\"broken_link\"><strong>convectoarele mobile de la Trotec<\/strong><\/a>. Acestea se \u00eengrijesc prin puterea lor mare de \u00eenc\u0103lzire \u0219i f\u0103r\u0103 s\u0103 fie nevoie de mult timp p\u00e2n\u0103 dau c\u0103ldur\u0103, f\u0103r\u0103 zgomot \u0219i f\u0103r\u0103 miros pentru o \u00eenc\u0103lzire pl\u0103cut\u0103.\u00a0\u00a0Convectoarele pot fi alese \u00eentre cele de perete \u0219i cele de podea \u0219i pot fi livrate cu suflant\u0103 sau f\u0103r\u0103 ea.<\/p>\n<p><strong>Radiatoarele cu infraro\u0219u<\/strong><br \/>\n<a href=\"https:\/\/www.trotec24.ro\/masini\/incalzire\/panouri-cu-infrarosu?rc=783e2f47dd\" class=\"broken_link\"><strong>Radiatoarele cu infraro\u0219u de la Trotec<\/strong><\/a> repartizeaz\u0103 c\u0103ldura uniform \u00een interioare c\u00e2t \u0219i \u00een domenii exterioare ferite \u0219i acoperite. Aceste radiatoare livreaz\u0103 o c\u0103ldur\u0103 pl\u0103cut\u0103 prin infraro\u0219u f\u0103r\u0103 s\u0103 necesite perioade lungi de pre\u00eenc\u0103lzire. Utilizarea se face f\u0103r\u0103 miros \u0219i zgomot \u0219i este o alternativ\u0103 bun\u0103 la aerotermele cu aer cald.<\/p>\n<p><strong>Panourile cu infraro\u0219u<\/strong><br \/>\nDenumite \u0219i calorifere plate, <a href=\"https:\/\/www.trotec24.ro\/masini\/incalzire\/panouri-cu-infrarosu?rc=783e2f47dd\" class=\"broken_link\"><strong>panourile cu infraro\u0219u din seria TIH<\/strong> <\/a>sunt mai mult dec\u00e2t o alternativ\u0103 pentru \u00eenc\u0103lzire: fie \u00een domeniul casnic, \u00een piscine sau \u00een camerele de hobby, montate pe tavan sau pe perete, aceste aparate de \u00eenc\u0103lzire cu infraro\u0219u deschid noi posibilit\u0103\u021bi de utilizare \u0219i fac mereu o figur\u0103 bun\u0103.<\/p>\n<h3><strong>Solu\u021bii profesionale de \u00eenc\u0103lzire pentru firme<\/strong><\/h3>\n<p>Aparatele mobile de \u00eenc\u0103lzire pentru domeniul profesional se pot achizi\u021biona \u00een diferite dot\u0103ri, clas\u0103 de pre\u021b \u0219i performan\u021be.\u00a0 Trotec de\u021bine pentru toate felurile de \u00eenc\u0103lzire profesional\u0103 solu\u021bia potrivit\u0103. Care aparat este cel ce se potrive\u0219te cel mai bine, depinde de locul \u0219i domeniul \u00een care acesta este utilizat.<\/p>\n<p><strong>Agregate de \u00eenc\u0103lzire de mare performan\u021b\u0103<\/strong><br \/>\nPentru utiliz\u0103ri ce necesit\u0103 performan\u021be m\u0103rite din industrie se recomand\u0103 <a href=\"https:\/\/www.trotec24.ro\/masini\/incalzire?rc=783e2f47dd\" class=\"broken_link\"><strong>agregatele electrice de mare putere <\/strong><\/a>de p\u00e2n\u0103 la 120 kW. Acestea sunt optimizate pentru utilizarea \u00een anumite domenii ferite \u0219i acoperite.<\/p>\n<p><strong>Radiatoarele pe ulei<\/strong><br \/>\nCu aerotermele cu motorin\u0103 care sunt foarte atractive ca pre\u021b din seriile\u00a0<a href=\"https:\/\/www.trotec24.ro\/masini\/incalzire\/aeroterme-pe-ulei?rc=783e2f47dd\" class=\"broken_link\"><strong>IDS<\/strong>\u00a0<\/a>\u0219i\u00a0\u00a0<a href=\"https:\/\/www.trotec24.ro\/masini\/incalzire\/aeroterme-pe-ulei?rc=783e2f47dd\" class=\"broken_link\"><strong>IDE<\/strong><\/a>,\u00a0 agregatele de \u00eenc\u0103lzire pentru puteri mari \u0219i <strong><a href=\"https:\/\/www.trotec24.ro\/masini\/incalzire\/aeroterme-pe-ulei?rc=783e2f47dd\" class=\"broken_link\">centalele de c\u0103ldur\u0103 pe motorin\u0103<\/a>,<\/strong> sunte\u021bi felxibili la alegerea locului de utilizare .\u00a0Indiferent dac\u0103 ave\u021bi nevoie de c\u0103ldur\u0103 \u00een agricultur\u0103, la \u00eenc\u0103lzirea de hale \u0219i depozite, corturi , sortimentul de aparate de \u00eenc\u0103lzire pe motorin\u0103 \u0219i ulei de la Trotec ajunge de la 19,6 kW p\u00e2n\u0103 la puteri centrale de 350 kW.<\/p>\n<h3><strong>Astfel ve\u021bi afla mai multe despre \u00eenc\u0103lzitoarele de la Trotec<\/strong><\/h3>\n<p>Ve\u021bi primi mai multe informa\u021bii despre seriile de \u00eenc\u0103lzitoare cu infraro\u0219u \u00een magazinul nostru online\u00a0 Trotec-Shop \u2013 ap\u0103sa\u021bi pur \u0219i simplu pe linkurile descrise mai sus \u00een text.<\/p>\n","protected":false},"excerpt":{"rendered":"<p>Vestea bun\u0103 e c\u0103 pute\u021bi s\u0103 contra\u021bi aceast\u0103 perioad\u0103 recu cu ajutorul aparatelor de \u00eenc\u0103lzire de la Trotec. Aceste aparate pot fi practic utilizate peste tot \u0219i se pot folosi pentru scopuri diferite at\u00e2t la interior \u00een \u00eenc\u0103peri c\u00e2t \u0219i afar\u0103. Astfel aparatele sunt oprimale pentru \u00eenc\u0103lzirea locuin\u021belor \u0219i teraselor precum \u0219i \u00een interiorul atelierelor, \u00een domeniul gastronomic, pe \u0219antiere sau \u00een agricultur\u0103.<\/p>\n","protected":false},"author":66,"featured_media":8682,"comment_status":"open","ping_status":"open","sticky":false,"template":"","format":"standard","meta":[],"categories":[6,9,12,2],"tags":[1332,379,32,425],"_links":{"self":[{"href":"https:\/\/www.trotec-blog.com\/ro\/wp-json\/wp\/v2\/posts\/8681"}],"collection":[{"href":"https:\/\/www.trotec-blog.com\/ro\/wp-json\/wp\/v2\/posts"}],"about":[{"href":"https:\/\/www.trotec-blog.com\/ro\/wp-json\/wp\/v2\/types\/post"}],"author":[{"embeddable":true,"href":"https:\/\/www.trotec-blog.com\/ro\/wp-json\/wp\/v2\/users\/66"}],"replies":[{"embeddable":true,"href":"https:\/\/www.trotec-blog.com\/ro\/wp-json\/wp\/v2\/comments?post=8681"}],"version-history":[{"count":6,"href":"https:\/\/www.trotec-blog.com\/ro\/wp-json\/wp\/v2\/posts\/8681\/revisions"}],"predecessor-version":[{"id":8689,"href":"https:\/\/www.trotec-blog.com\/ro\/wp-json\/wp\/v2\/posts\/8681\/revisions\/8689"}],"wp:featuredmedia":[{"embeddable":true,"href":"https:\/\/www.trotec-blog.com\/ro\/wp-json\/wp\/v2\/media\/8682"}],"wp:attachment":[{"href":"https:\/\/www.trotec-blog.com\/ro\/wp-json\/wp\/v2\/media?parent=8681"}],"wp:term":[{"taxonomy":"category","embeddable":true,"href":"https:\/\/www.trotec-blog.com\/ro\/wp-json\/wp\/v2\/categories?post=8681"},{"taxonomy":"post_tag","embeddable":true,"href":"https:\/\/www.trotec-blog.com\/ro\/wp-json\/wp\/v2\/tags?post=8681"}],"curies":[{"name":"wp","href":"https:\/\/api.w.org\/{rel}","templated":true}]}}