{"id":8178,"date":"2019-08-06T06:30:10","date_gmt":"2019-08-06T04:30:10","guid":{"rendered":"https:\/\/www.trotec-blog.com\/ro\/?p=8178"},"modified":"2020-04-27T05:45:55","modified_gmt":"2020-04-27T03:45:55","slug":"aparatul-de-climatizare-pac-3550-pro-racire-eficienta-cu-tehnica-cu-doua-furtune","status":"publish","type":"post","link":"https:\/\/www.trotec-blog.com\/ro\/blog\/trotec\/aparatul-de-climatizare-pac-3550-pro-racire-eficienta-cu-tehnica-cu-doua-furtune\/","title":{"rendered":"Aparatul de climatizare PAC 3550 PRO: r\u0103cire eficient\u0103 cu tehnic\u0103 cu dou\u0103 furtune"},"content":{"rendered":"<h2><a href=\"https:\/\/www.trotec-blog.com\/ro\/blog\/trotec\/aparatul-de-climatizare-pac-3550-pro-racire-eficienta-cu-tehnica-cu-doua-furtune\/\"><img loading=\"lazy\" class=\"alignnone size-full wp-image-8180\" src=\"https:\/\/www.trotec-blog.com\/ro\/files\/2019\/08\/tro_blog_pac_3550_pro_blogbild_1000x1000.jpg\" alt=\"\" width=\"1000\" height=\"1000\" srcset=\"https:\/\/www.trotec-blog.com\/ro\/files\/2019\/08\/tro_blog_pac_3550_pro_blogbild_1000x1000.jpg 1000w, https:\/\/www.trotec-blog.com\/ro\/files\/2019\/08\/tro_blog_pac_3550_pro_blogbild_1000x1000-200x200.jpg 200w, https:\/\/www.trotec-blog.com\/ro\/files\/2019\/08\/tro_blog_pac_3550_pro_blogbild_1000x1000-300x300.jpg 300w, https:\/\/www.trotec-blog.com\/ro\/files\/2019\/08\/tro_blog_pac_3550_pro_blogbild_1000x1000-768x768.jpg 768w, https:\/\/www.trotec-blog.com\/ro\/files\/2019\/08\/tro_blog_pac_3550_pro_blogbild_1000x1000-60x60.jpg 60w\" sizes=\"(max-width: 1000px) 100vw, 1000px\" \/><\/a><\/h2>\n<h2>\u00cen mica pauz\u0103 dintre temperaturile extreme de s\u0103pt\u0103m\u00e2na trecut\u0103 \u0219i perioada fierbinte ce urmeaz\u0103, se recomand\u0103 s\u0103 v\u0103 p\u0103stra\u021bi capul rece \u0219i s\u0103 v\u0103 preg\u0103ti\u021bi pentru urm\u0103toarea provocare. Folosi\u021bi aceast\u0103 mic\u0103 fereastr\u0103 de timp \u0219i informa\u021bi-v\u0103 mai exact despre recomandarea noastr\u0103. <strong>Aparatul de climatizare PAC 3550 PRO<\/strong> care este din nou pe stoc scade rapid temperatura \u00een \u00eenc\u0103pere \u0219i aduce cu sine tehnologie inovativ\u0103 cu dou\u0103 furtune pentru o eficien\u021b\u0103 sporit\u0103 de r\u0103cire.<\/h2>\n<p><!--more--><\/p>\n<p>Aparatul de climatizare PAC 3550 PRO de\u021bine \u00een compara\u021bie cu alte aparate un avantaj tehnic deosebit. Aparatul este dotat cu un furtun suplimentar care poate fi utilizat alternativ.<br \/>\nPrin folosirea celui de-al doilea furtun, aparatul de climatizare de\u021bine un circuit \u00een plus de r\u0103cire.<\/p>\n<p>Pentru evacuarea aerului cald produs se utilizeaz\u0103 primul circuit de r\u0103cire cu cele dou\u0103 furtune exterioare. Prin ciruitul al doi-lea \u00eenc\u0103perea este r\u0103cit\u0103 f\u0103r\u0103 ca aerul fierbinte produs s\u0103 p\u0103trund\u0103 \u00eenapoi \u00een \u00eenc\u0103pere, ceea ce face tehnica deosebit de eficient\u0103 din punct de vedere energetic.<\/p>\n<p>\u00cempreun\u0103 cu puterea impozant\u0103 de r\u0103cire de 3,5 kW, aparatul de climatizare r\u0103core\u0219te \u00eenc\u0103peri de p\u00e2n\u0103 la 45 m\u00b2 foarte rapid la temperaturi suportabile \u0219i pl\u0103cute.<\/p>\n<h3><strong>A\u0219a func\u021bioneaz\u0103<\/strong><\/h3>\n<p>PAC 3550 PRO ofer\u0103 prin tehnologia sa cu dou\u0103 furtune, pe l\u00e2ng\u0103 posibilitatea de a utiliza aerul mai rece de afar\u0103, \u00eenc\u0103 una deosebit de important\u0103: aparatul face posibil\u0103 r\u0103cirea \u00eenc\u0103perii f\u0103r\u0103 s\u0103 se produc\u0103 curent de aer.\u00a0 Aparatele \u201anormale\u2018 de climatizare produc prin preluarea aerului necesar de r\u0103cire din \u00eenc\u0103pere o subpresiune permanent\u0103. \u00cen aceast\u0103 stare se scurge aerul cald din nou \u00een \u00eenc\u0103pere, ceea ce duce la o eficien\u021b\u0103 mai sc\u0103zut\u0103 de r\u0103cire \u0219i se produc curen\u021bi nepl\u0103cu\u021bi de aer. Furtunul de evacuare precum \u0219i furtunul alternativ de aer rece de\u021bin posibilitatea rapid\u0103 de montare.<\/p>\n<p>Bine\u00een\u021beles c\u0103 \u0219i la <strong><a href=\"https:\/\/www.trotec24.ro\/masini\/climatizare\/aparate-de-aer-conditionat-seria-pac?rc=783e2f47dd\" class=\"broken_link\">PAC 3550 PRO<\/a><\/strong> ve\u021bi g\u0103si toate standardele de confort din seria PAC de la Trotec.\u00a0 Astfel modul automatic recunoa\u0219te cu ajutorul tehnicii cu senzori dac\u0103 \u00eenc\u00eeperea trebuie r\u0103cit\u0103 sau ventilat\u0103 \u0219i mai pute\u021bi s\u0103 seta\u021bi toate func\u021biunile \u0219i modurile de func\u021bionare, treptele de ventilare \u0219i temperatura dorit\u0103 at\u00e2t pe tabloul de comand\u0103 al aparatului de r\u0103cire c\u00e2t \u0219i cu ajutorul telecomenzii cu infraro\u0219u din dotare. Ventila\u021bia \u00een trei trepte \u0219i lamelele direc\u021bionabile ale curentului de aer r\u0103sp\u00e2ndesc r\u0103coarea \u00een \u00eentreaga \u00eenc\u0103pere, \u00een plus aparatul filtreaz\u0103, dezumidific\u0103 \u0219i se \u00eengrije\u0219te pentru o climatizare pl\u0103cut\u0103 a \u00eenc\u0103perii.<\/p>\n<p>Pe l\u00e2ng\u0103 toate acestea , func\u021biunea de temporizare v\u0103 ofer\u0103 posibilitatea unei comand\u0103ri \u00een timp a cupl\u0103rii \u0219i decul\u0103rii aparatului iar golirea rezervorului de condensat este semnalizat\u0103 de c\u0103tre o lamp\u0103 LED. Dac\u0103 dori\u021bi o schimbare rapid\u0103 a loca\u021biei, aparatul este preg\u0103tit cu role de transport \u0219i m\u00e2nere integrate.<\/p>\n<h3><strong>Patru dintre multele avantaje care pe mine m-au convins:<\/strong><\/h3>\n<ul>\n<li>eficien\u021ba m\u0103rit\u0103 de r\u0103cire prin tehnologia cu dou\u0103 furtune<\/li>\n<li>eliminarea efectului de curent de aer<\/li>\n<li>clasa de eficien\u021b\u0103 energetic\u0103 A<\/li>\n<li>puterea mare de r\u0103cire de 3,5 kW<\/li>\n<\/ul>\n<h3><strong>Aparatul de climatizare PAC 3550 PRO<\/strong><\/h3>\n<p>Comanda\u021bi acum <a href=\"https:\/\/www.trotec24.ro\/masini\/climatizare\/aparate-de-aer-conditionat-seria-pac?rc=783e2f47dd\" class=\"broken_link\"><strong>aparatul de climatizare PAC 3550 PRO<\/strong><\/a> ala cele mai atractive pre\u021buri \u00een magazinul nostru online Trotec-Shop!<\/p>\n","protected":false},"excerpt":{"rendered":"<p>Aparatul de climatizare PAC 3550 PRO de\u021bine \u00een compara\u021bie cu alte aparate un avantaj tehnic deosebit. Aparatul este dotat cu un furtun suplimentar care poate fi utilizat alternativ.<br \/>\nPrin folosirea celui de-al doilea furtun, aparatul de climatizare de\u021bine un circuit \u00een plus de r\u0103cire.<\/p>\n","protected":false},"author":66,"featured_media":8179,"comment_status":"open","ping_status":"open","sticky":false,"template":"","format":"standard","meta":[],"categories":[6,9,11,2],"tags":[165,56,1238,1237],"_links":{"self":[{"href":"https:\/\/www.trotec-blog.com\/ro\/wp-json\/wp\/v2\/posts\/8178"}],"collection":[{"href":"https:\/\/www.trotec-blog.com\/ro\/wp-json\/wp\/v2\/posts"}],"about":[{"href":"https:\/\/www.trotec-blog.com\/ro\/wp-json\/wp\/v2\/types\/post"}],"author":[{"embeddable":true,"href":"https:\/\/www.trotec-blog.com\/ro\/wp-json\/wp\/v2\/users\/66"}],"replies":[{"embeddable":true,"href":"https:\/\/www.trotec-blog.com\/ro\/wp-json\/wp\/v2\/comments?post=8178"}],"version-history":[{"count":6,"href":"https:\/\/www.trotec-blog.com\/ro\/wp-json\/wp\/v2\/posts\/8178\/revisions"}],"predecessor-version":[{"id":10169,"href":"https:\/\/www.trotec-blog.com\/ro\/wp-json\/wp\/v2\/posts\/8178\/revisions\/10169"}],"wp:featuredmedia":[{"embeddable":true,"href":"https:\/\/www.trotec-blog.com\/ro\/wp-json\/wp\/v2\/media\/8179"}],"wp:attachment":[{"href":"https:\/\/www.trotec-blog.com\/ro\/wp-json\/wp\/v2\/media?parent=8178"}],"wp:term":[{"taxonomy":"category","embeddable":true,"href":"https:\/\/www.trotec-blog.com\/ro\/wp-json\/wp\/v2\/categories?post=8178"},{"taxonomy":"post_tag","embeddable":true,"href":"https:\/\/www.trotec-blog.com\/ro\/wp-json\/wp\/v2\/tags?post=8178"}],"curies":[{"name":"wp","href":"https:\/\/api.w.org\/{rel}","templated":true}]}}