{"id":8161,"date":"2019-08-02T07:32:14","date_gmt":"2019-08-02T05:32:14","guid":{"rendered":"https:\/\/www.trotec-blog.com\/ro\/?p=8161"},"modified":"2022-01-17T07:14:52","modified_gmt":"2022-01-17T05:14:52","slug":"aparatul-de-climatizare-pac-3500-face-vara-mai-suportabila-si-este-din-nou-livrabil","status":"publish","type":"post","link":"https:\/\/www.trotec-blog.com\/ro\/blog\/trotec\/aparatul-de-climatizare-pac-3500-face-vara-mai-suportabila-si-este-din-nou-livrabil\/","title":{"rendered":"Aparatul de climatizare PAC 3500 face vara mai suportabil\u0103 \u0219i este din nou livrabil"},"content":{"rendered":"<h2><a href=\"https:\/\/www.trotec-blog.com\/ro\/blog\/trotec\/aparatul-de-climatizare-pac-3500-face-vara-mai-suportabila-si-este-din-nou-livrabil\/\"><img loading=\"lazy\" class=\"alignnone size-full wp-image-8163\" src=\"https:\/\/www.trotec-blog.com\/ro\/files\/2019\/08\/tro_blog_pac_3500_blogbild_1000x1000.jpg\" alt=\"\" width=\"1000\" height=\"1000\" srcset=\"https:\/\/www.trotec-blog.com\/ro\/files\/2019\/08\/tro_blog_pac_3500_blogbild_1000x1000.jpg 1000w, https:\/\/www.trotec-blog.com\/ro\/files\/2019\/08\/tro_blog_pac_3500_blogbild_1000x1000-200x200.jpg 200w, https:\/\/www.trotec-blog.com\/ro\/files\/2019\/08\/tro_blog_pac_3500_blogbild_1000x1000-300x300.jpg 300w, https:\/\/www.trotec-blog.com\/ro\/files\/2019\/08\/tro_blog_pac_3500_blogbild_1000x1000-768x768.jpg 768w, https:\/\/www.trotec-blog.com\/ro\/files\/2019\/08\/tro_blog_pac_3500_blogbild_1000x1000-60x60.jpg 60w\" sizes=\"(max-width: 1000px) 100vw, 1000px\" \/><\/a><\/h2>\n<h2>Dup\u0103 marea perioad\u0103 de canicul\u0103 nu se \u0219tie dac\u0103 nu va veni una nou\u0103. Este foarte potrivit faptul c\u0103 <strong>aparatul nostru de climatizare PAC 3500<\/strong> este exact la timp din nou livrabil. Aparatul de climatizare lucreaz\u0103 \u0219i ca dezumidificator \u0219i previne formarea pere\u021bilor umezi, a mirosurilor ciudate, a ruginei \u0219i formarea de mucegai.<\/h2>\n<p><!--more--><\/p>\n<p><a href=\"https:\/\/www.trotec24.ro\/masini\/climatizare\/aparate-de-aer-conditionat-seria-pac?rc=783e2f47dd\" class=\"broken_link\"><strong>Aparatul de climatizare PAC 3500<\/strong><\/a> confer\u0103 r\u0103coare direct de la pornire. Datorit\u0103 capacit\u0103\u021bii sale mari de r\u0103cire de 3,5 kW se potrive\u0219te \u00een a fi utilizat pentru \u00eenc\u0103peri de p\u00e2n\u0103 la 115 m\u00b3 \u0219i convinge prin raportul deosebit de bun de pre\u021b la calitate la un consum energetic din clasa A. Aparatul este prima alegere pentru ateliere, camere de hotel, birouri, camere de server \u0219i multe altele.<\/p>\n<h3><strong>A\u0219a func\u021bioneaz\u0103<\/strong><\/h3>\n<p>La acest aparat de climatizare de \u00eenc\u0103pere seta\u021bi pur \u0219i simplu temperatura dorit\u0103. Termostatul integrat \u00eenregistreaz\u0103 valoarea setat\u0103 automatic \u0219i regularizeaz\u0103 apoi puterea de r\u0103cire a aparatului de climatizare PAC 3500. Aparatul este dotat \u0219i cu o func\u021biune de dezumidificare care se poate utiliza \u0219i f\u0103r\u0103 s\u0103 decupla\u021bi func\u021biunea de r\u0103cire. Aparatul mai de\u021bine \u00een plus trei trepte de ventilare cu posibilitatea de reglare a direc\u021biei de suflare a curentului de aer.<\/p>\n<p>O telecomand\u0103 cu infraro\u0219u \u0219i un temporizator programabil, cu care pute\u021bi defini timpul \u00een care aparatul de dezumidificare s\u0103 porneasc\u0103 sau s\u0103 se decupleze, rotunjesc dotarea confortabil\u0103 a acestui aparat de climatizare. Aparatul este de construc\u021bie compact\u0103 \u0219i se poate pozi\u021biona rapid cu ajutorul rolelor de transport.<\/p>\n<h3><strong>Patru dintre multele avantaje care pe mine m-au convins:<\/strong><\/h3>\n<p>\u2022 puterea mare de r\u0103cire<br \/>\n\u2022 clasa de eficien\u021b\u0103 energetic\u0103 A<br \/>\n\u2022 func\u021biunea de temorizare<br \/>\n\u2022 termostat cu posibilitatea de a alege temperatura exact\u0103 real\u0103<\/p>\n<h3><strong>Aparat de climatizare PAC 3500 \u2013 calitate de marc\u0103 de la Trotec!<\/strong><\/h3>\n<p>Comanda\u021bi aparatul de climatizare <a href=\"https:\/\/www.trotec24.ro\/masini\/climatizare\/aparate-de-aer-conditionat-seria-pac?rc=783e2f47dd\" class=\"broken_link\"><strong>PAC 3500<\/strong><\/a> cel mai bine ast\u0103zi \u00een magazinul nostru online la cele mai atractive pre\u021buri &#8211; acum \u00een\u00a0 <a href=\"https:\/\/www.trotec24.ro\/?rc=783e2f47dd\" class=\"broken_link\"><strong>Trotec-Shop<\/strong><\/a>!<\/p>\n","protected":false},"excerpt":{"rendered":"<p>Aparatul de climatizare PAC 3500 confer\u0103 r\u0103coare direct de la pornire. Datorit\u0103 capacit\u0103\u021bii sale mari de r\u0103cire de 3,5 kW se potrive\u0219te \u00een a fi utilizat pentru \u00eenc\u0103peri de p\u00e2n\u0103 la 115 m\u00b3 \u0219i convinge prin raportul deosebit de bun de pre\u021b la calitate la un consum energetic din clasa A. Aparatul este prima alegere pentru ateliere, camere de hotel, birouri, camere de server \u0219i multe altele.<\/p>\n","protected":false},"author":66,"featured_media":8162,"comment_status":"open","ping_status":"open","sticky":false,"template":"","format":"standard","meta":[],"categories":[6,12,2],"tags":[165,37,102],"_links":{"self":[{"href":"https:\/\/www.trotec-blog.com\/ro\/wp-json\/wp\/v2\/posts\/8161"}],"collection":[{"href":"https:\/\/www.trotec-blog.com\/ro\/wp-json\/wp\/v2\/posts"}],"about":[{"href":"https:\/\/www.trotec-blog.com\/ro\/wp-json\/wp\/v2\/types\/post"}],"author":[{"embeddable":true,"href":"https:\/\/www.trotec-blog.com\/ro\/wp-json\/wp\/v2\/users\/66"}],"replies":[{"embeddable":true,"href":"https:\/\/www.trotec-blog.com\/ro\/wp-json\/wp\/v2\/comments?post=8161"}],"version-history":[{"count":4,"href":"https:\/\/www.trotec-blog.com\/ro\/wp-json\/wp\/v2\/posts\/8161\/revisions"}],"predecessor-version":[{"id":14462,"href":"https:\/\/www.trotec-blog.com\/ro\/wp-json\/wp\/v2\/posts\/8161\/revisions\/14462"}],"wp:featuredmedia":[{"embeddable":true,"href":"https:\/\/www.trotec-blog.com\/ro\/wp-json\/wp\/v2\/media\/8162"}],"wp:attachment":[{"href":"https:\/\/www.trotec-blog.com\/ro\/wp-json\/wp\/v2\/media?parent=8161"}],"wp:term":[{"taxonomy":"category","embeddable":true,"href":"https:\/\/www.trotec-blog.com\/ro\/wp-json\/wp\/v2\/categories?post=8161"},{"taxonomy":"post_tag","embeddable":true,"href":"https:\/\/www.trotec-blog.com\/ro\/wp-json\/wp\/v2\/tags?post=8161"}],"curies":[{"name":"wp","href":"https:\/\/api.w.org\/{rel}","templated":true}]}}