{"id":7942,"date":"2019-06-24T07:25:01","date_gmt":"2019-06-24T05:25:01","guid":{"rendered":"https:\/\/www.trotec-blog.com\/ro\/?p=7942"},"modified":"2019-06-24T07:25:36","modified_gmt":"2019-06-24T05:25:36","slug":"noul-ventilator-design-sub-forma-de-turn-tve-36-t-calitate-stil-si-confort","status":"publish","type":"post","link":"https:\/\/www.trotec-blog.com\/ro\/blog\/trotec\/noul-ventilator-design-sub-forma-de-turn-tve-36-t-calitate-stil-si-confort\/","title":{"rendered":"Noul ventilator design sub form\u0103 de turn TVE 36 T &#8211; calitate, stil \u0219i confort"},"content":{"rendered":"<h2><a href=\"https:\/\/www.trotec-blog.com\/ro\/blog\/trotec\/noul-ventilator-design-sub-forma-de-turn-tve-36-t-calitate-stil-si-confort\/\"><img loading=\"lazy\" class=\"alignnone size-full wp-image-7943\" src=\"https:\/\/www.trotec-blog.com\/ro\/files\/2019\/06\/RO_tro_blog_tve_36_t_blogbild_1000x1000.jpg\" alt=\"\" width=\"1000\" height=\"1000\" srcset=\"https:\/\/www.trotec-blog.com\/ro\/files\/2019\/06\/RO_tro_blog_tve_36_t_blogbild_1000x1000.jpg 1000w, https:\/\/www.trotec-blog.com\/ro\/files\/2019\/06\/RO_tro_blog_tve_36_t_blogbild_1000x1000-200x200.jpg 200w, https:\/\/www.trotec-blog.com\/ro\/files\/2019\/06\/RO_tro_blog_tve_36_t_blogbild_1000x1000-300x300.jpg 300w, https:\/\/www.trotec-blog.com\/ro\/files\/2019\/06\/RO_tro_blog_tve_36_t_blogbild_1000x1000-768x768.jpg 768w, https:\/\/www.trotec-blog.com\/ro\/files\/2019\/06\/RO_tro_blog_tve_36_t_blogbild_1000x1000-60x60.jpg 60w\" sizes=\"(max-width: 1000px) 100vw, 1000px\" \/><\/a><\/h2>\n<h2>Cu ventilatorul design sub form\u0103 de turn <strong>TVE 36 T<\/strong> ve\u021bi g\u0103si o combina\u021bie reu\u0219it\u0103 dintre un design modern completat de un confort m\u0103rit. Fie o briz\u0103 u\u0219oar\u0103 sau un v\u00e2nt mai puternic &#8211; cu ajutorul celor trei moduri de func\u021bionare pute\u021bi s\u0103 seta\u021bi individual gradul de \u00eemprosp\u0103tare care s\u0103-l produc\u0103 ventilatorul \u00een func\u021bie de necesitate. Chiar \u0219i la temperaturi \u00een cre\u0219tere acesta convinge \u0219i poate fi utilizat cu succes fie \u00een birou, \u00een cafenea, \u00een sufragerie sau dormitor.<\/h2>\n<p><!--more--><\/p>\n<p><a href=\"https:\/\/www.trotec24.ro\/masini\/ventilatie\/ventilatoare-seria-tve\/ventilator-turn-tve-36-t.html?rc=783e2f47dd\" class=\"broken_link\"><strong>Ventilatorul turn TVE 36 T<\/strong><\/a> livreaz\u0103 cu ajutorul celor 45 wa\u021bi \u0219i 3 trepte de ventilare o \u00eemprosp\u0103tare optimal\u0103. Cu ajutorul celor trei moduri de func\u021bionare \u201aNormal\u2018, \u201aV\u00e2nt natural\u2018 \u0219i \u201aMod de noapte\u2018 pute\u021bi seta gradul de \u00eemprosp\u0103tare al ventilatorului dup\u0103 necesit\u0103\u021bile personale. Prin oscila\u021biile de 60\u00b0 ventilatorul se poate utiliza cu succes \u0219i pentru turbionarea aerului \u00een \u00eenc\u0103peri cu un volum mare de aer. Poate uniformiza aerul \u00een \u00eenc\u0103pere \u0219i s\u0103 elimine pe fereastra larg deschis\u0103 aerul st\u0103tut adunat peste zi.<\/p>\n<h3><strong>A\u0219a func\u021bioneaz\u0103<\/strong><\/h3>\n<p>Altfel ca la ventilatoarele cu rotoare, curentul de aer la TVE 36 T este produs de o construc\u021bie cu lamele care se rotes c \u00een interiorul ventilatorului.\u00a0 Axa orientat\u0103 vertical face posibil\u0103 construc\u021bia deosebit de compact\u0103. Deoarece suflarea aerului se produce pe \u00eentreaga \u00een\u0103l\u021bime a aparatului se produce o r\u0103corire pe un c\u00e2mp larg cu un curent de aer proasp\u0103t \u0219i constant.<\/p>\n<p>Aceast\u0103 tehnic\u0103 de ventilare aduce o sesizabil\u0103 r\u0103corire pe piele \u0219i prin designul de coloan\u0103 <a href=\"https:\/\/www.trotec24.ro\/masini\/ventilatie\/ventilatoare-seria-tve\/ventilator-turn-tve-36-t.html?rc=783e2f47dd\" class=\"broken_link\"><strong>TVE 36 T<\/strong><\/a> se dovede\u0219te a fi ca un obiect ce nu ocup\u0103 mult loc \u00een \u00eenc\u0103pere \u0219i este ideal de utilizat l\u00e2ng\u0103 masa de scris. Cu \u00een\u0103l\u021bimea de 92 cm ventilatorul turn r\u0103core\u0219te picioarele sub masa de scris f\u0103r\u0103 s\u0103 r\u0103scoleasc\u0103 h\u00e2rtiile de pe mas\u0103.<\/p>\n<p>Ventilatorul sub form\u0103 de coloan\u0103 func\u021bioneaz\u0103 deosebit de lini\u0219tit \u0219i silen\u021bios \u0219i este dotat cu o telecomand\u0103 cu infraro\u0219u \u0219i o func\u021bie de temporizare pentru comandarea pe baz\u0103 de timp a cupl\u0103rii \u0219i decupl\u0103rii ventilatorului. Aparatul mai de\u021bine un m\u021bner \u0219i o func\u021biune practic\u0103 pentru memorarea ultimei set\u0103ri utilizate ceea ce cre\u0219te \u0219i mai mult confortul de utilizare a acestui ventilator.<\/p>\n<h3><strong>Patru dintre multele avantaje care pe mine m-au convins:<\/strong><\/h3>\n<ul>\n<li>Puterea de 45 de wa\u021bi<\/li>\n<li>Designuil modern sub form\u0103 de coloan\u0103<\/li>\n<li>Costurile mici de \u00eentre\u021binere<\/li>\n<li>3 trepte de vitez\u0103\u00a0 de ventilare<\/li>\n<\/ul>\n<h3><strong>Ventilatorul turn TVE 36 T \u2013 Calitate de marc\u0103 controlat\u0103 T\u00dcV de la Trotec!<\/strong><\/h3>\n<p>Acest produs \u00eel achizi\u021biona\u021bi \u00een calitate controlat\u0103 T\u00dcV ca un garant al \u00eenaltei valori, siguran\u021be \u0219i func\u021bionalit\u0103\u021bi. Comanda\u021bi cel mai bine acum <a href=\"https:\/\/www.trotec24.ro\/masini\/ventilatie\/ventilatoare-seria-tve\/ventilator-turn-tve-36-t.html?rc=783e2f47dd\" class=\"broken_link\"><strong>ventilatorul turn TVE 36 T<\/strong><\/a> la cele mai atractive pre\u021buri \u00een magazinul nostru online Trotec-Shop!<\/p>\n<p><strong>\u00a0<\/strong><\/p>\n","protected":false},"excerpt":{"rendered":"<p>Ventilatorul turn TVE 36 T livreaz\u0103 cu ajutorul celor 45 wa\u021bi \u0219i 3 trepte de ventilare o \u00eemprosp\u0103tare optimal\u0103. Cu ajutorul celor trei moduri de func\u021bionare \u201aNormal\u2018, \u201aV\u00e2nt natural\u2018 \u0219i \u201aMod de noapte\u2018 pute\u021bi seta gradul de \u00eemprosp\u0103tare al ventilatorului dup\u0103 necesit\u0103\u021bile personale. Prin oscila\u021biile de 60\u00b0 ventilatorul se poate utiliza cu succes \u0219i pentru turbionarea aerului \u00een \u00eenc\u0103peri cu un volum mare de aer. Poate uniformiza aerul \u00een \u00eenc\u0103pere \u0219i s\u0103 elimine pe fereastra larg deschis\u0103 aerul st\u0103tut adunat peste zi. <\/p>\n","protected":false},"author":66,"featured_media":7944,"comment_status":"open","ping_status":"open","sticky":false,"template":"","format":"standard","meta":[],"categories":[6,9,12,2],"tags":[57,1216,55,170],"_links":{"self":[{"href":"https:\/\/www.trotec-blog.com\/ro\/wp-json\/wp\/v2\/posts\/7942"}],"collection":[{"href":"https:\/\/www.trotec-blog.com\/ro\/wp-json\/wp\/v2\/posts"}],"about":[{"href":"https:\/\/www.trotec-blog.com\/ro\/wp-json\/wp\/v2\/types\/post"}],"author":[{"embeddable":true,"href":"https:\/\/www.trotec-blog.com\/ro\/wp-json\/wp\/v2\/users\/66"}],"replies":[{"embeddable":true,"href":"https:\/\/www.trotec-blog.com\/ro\/wp-json\/wp\/v2\/comments?post=7942"}],"version-history":[{"count":6,"href":"https:\/\/www.trotec-blog.com\/ro\/wp-json\/wp\/v2\/posts\/7942\/revisions"}],"predecessor-version":[{"id":7950,"href":"https:\/\/www.trotec-blog.com\/ro\/wp-json\/wp\/v2\/posts\/7942\/revisions\/7950"}],"wp:featuredmedia":[{"embeddable":true,"href":"https:\/\/www.trotec-blog.com\/ro\/wp-json\/wp\/v2\/media\/7944"}],"wp:attachment":[{"href":"https:\/\/www.trotec-blog.com\/ro\/wp-json\/wp\/v2\/media?parent=7942"}],"wp:term":[{"taxonomy":"category","embeddable":true,"href":"https:\/\/www.trotec-blog.com\/ro\/wp-json\/wp\/v2\/categories?post=7942"},{"taxonomy":"post_tag","embeddable":true,"href":"https:\/\/www.trotec-blog.com\/ro\/wp-json\/wp\/v2\/tags?post=7942"}],"curies":[{"name":"wp","href":"https:\/\/api.w.org\/{rel}","templated":true}]}}