{"id":7904,"date":"2019-06-17T08:33:29","date_gmt":"2019-06-17T06:33:29","guid":{"rendered":"https:\/\/www.trotec-blog.com\/ro\/?p=7904"},"modified":"2019-06-17T08:34:54","modified_gmt":"2019-06-17T06:34:54","slug":"noutate-aparatul-de-climatizare-pac-2010-sh-raceste-incalzeste-dezumidifica-si-ventileaza","status":"publish","type":"post","link":"https:\/\/www.trotec-blog.com\/ro\/blog\/trotec\/noutate-aparatul-de-climatizare-pac-2010-sh-raceste-incalzeste-dezumidifica-si-ventileaza\/","title":{"rendered":"Noutate! Aparatul de climatizare PAC 2010 SH r\u0103ce\u0219te, \u00eenc\u0103lze\u0219te, dezumidific\u0103 \u0219i ventileaz\u0103"},"content":{"rendered":"<h2><a href=\"https:\/\/www.trotec-blog.com\/ro\/blog\/trotec\/noutate-aparatul-de-climatizare-pac-2010-sh-raceste-incalzeste-dezumidifica-si-ventileaza\/\"><img loading=\"lazy\" class=\"alignnone size-full wp-image-7905\" src=\"https:\/\/www.trotec-blog.com\/ro\/files\/2019\/06\/RO_tro_blog_pac_2010_sh_blogbild_1000x1000.jpg\" alt=\"\" width=\"1000\" height=\"1000\" srcset=\"https:\/\/www.trotec-blog.com\/ro\/files\/2019\/06\/RO_tro_blog_pac_2010_sh_blogbild_1000x1000.jpg 1000w, https:\/\/www.trotec-blog.com\/ro\/files\/2019\/06\/RO_tro_blog_pac_2010_sh_blogbild_1000x1000-200x200.jpg 200w, https:\/\/www.trotec-blog.com\/ro\/files\/2019\/06\/RO_tro_blog_pac_2010_sh_blogbild_1000x1000-300x300.jpg 300w, https:\/\/www.trotec-blog.com\/ro\/files\/2019\/06\/RO_tro_blog_pac_2010_sh_blogbild_1000x1000-768x768.jpg 768w, https:\/\/www.trotec-blog.com\/ro\/files\/2019\/06\/RO_tro_blog_pac_2010_sh_blogbild_1000x1000-60x60.jpg 60w\" sizes=\"(max-width: 1000px) 100vw, 1000px\" \/><\/a><\/h2>\n<h2>Noul <a href=\"https:\/\/www.trotec24.ro\/masini\/climatizare\/aparate-de-aer-conditionat-seria-pac\/aparat-de-climatizare-local-pac-2010-sh.html?rc=783e2f47dd\" class=\"broken_link\"><strong>aparat de climatizare 4-\u00een-1 PAC 2010 SH<\/strong><\/a> este un aparat pentru toate cele patru anotimpuri. Dac\u0103 vara temperaturile se \u00eentrec pe sine, noul nostru erou, aparatul de climatizare, r\u0103ce\u0219te rapid p\u00e2n\u0103 la temperaturi pl\u0103cute. Dori\u021bi prim\u0103vara \u0219i toamna temperaturi ceva mai calde? \u0218i acest caz este rezolvat de la sine\u00a0 de aparatul de climatizare care schimb\u0103 prin comandarea cu termostat \u00eentre func\u021biunea de r\u0103cire \u0219i cea de \u00eenc\u0103lzire \u0219i p\u0103streaz\u0103 temperatura dorit\u0103 \u0219i setat\u0103 de dumneavoastr\u0103 actual\u0103. Aparatul convinge \u0219i prin pre\u021bul s\u0103u deosebit de atractiv&#8230;<\/h2>\n<p><!--more--><\/p>\n<p>La PAC 2010 SH trebuie s\u0103 seta\u021bi temperatura dorit\u0103. \u00cen func\u021bie de temperatura real\u0103 din \u00eenc\u0103pere, aparatul de climatizare comandat cu termostat schimb\u0103 de la sine func\u021bionarea \u00eentre \u00eenc\u0103lzire sau r\u0103cire \u0219i astfel p\u0103streaz\u0103 temperatura setat\u0103 permanent actual\u0103. Aceste procese se petrec automatizat, func\u021bionarea aparatului PAC 2010 SH se bazeaz\u0103 pe principiul de func\u021bionare a unei pompe de ap\u0103 reversibile. Astfel se pot r\u0103ci cu u\u0219urin\u021b\u0103 cu puterea de 2,0 kW chiar \u0219i la o cre\u0219tere a temperaturii , \u00eenc\u0103peri de p\u00e2n\u0103 la 26 m\u00b2. \u00cen acela\u0219i timp aparatul poate \u00eenc\u0103lzi cu puterea de 1,8 kW \u00een serile mai r\u0103coroase.<\/p>\n<p><strong>A\u0219a func\u021bioneaz\u0103<\/strong><\/p>\n<p>Bine\u00een\u021beles ca anul aduce cu sine mai multe situa\u021bii meteo dec\u00e2t numai cald sau rece. De aceea <a href=\"https:\/\/www.trotec24.ro\/masini\/climatizare\/aparate-de-aer-conditionat-seria-pac\/aparat-de-climatizare-local-pac-2010-sh.html?rc=783e2f47dd\" class=\"broken_link\"><strong>PAC 2010 SH<\/strong><\/a> este un aparat de climatizare 4-\u00een-1. Pe l\u00e2ng\u0103 func\u021biunea de r\u0103cire \u0219i \u00eenc\u0103lzire confer\u0103 o climatizare corespunz\u0103toare pe \u00eentreaga perioad\u0103 a anului datorit\u0103 func\u021biunilor de dezumidificare \u0219i de ventilare cu dou\u0103 trepte \u0219i direc\u021bie reglabil\u0103 de suflare.<\/p>\n<p>\u00cen timp ce func\u021biunea de temporizare \u0219i telecomanda cu infraro\u0219u completeaz\u0103 dotarea confortabil\u0103, tabloul cu taste cu membran\u0103 precum \u0219i filtrul de aer deta\u0219abil fac ca utilizarea aparatului de climatizare de 4-\u00een-1 s\u0103 fie o joac\u0103 de copil. Prin designul s\u0103u clasic, paratul se poate amplasa practic \u00een orice \u00eenc\u0103pere fie la birou sau acas\u0103.<\/p>\n<h3><strong>Patru dintre avantajele care pe mine m-au convins:<\/strong><\/h3>\n<ul>\n<li>cele patru moduri de func\u021bionare: r\u0103cire, \u00eenc\u0103lzire, dezumidificare, ventilare<\/li>\n<li>clasa de eficien\u021b\u0103 energetic\u0103 A<\/li>\n<li>puterea de r\u0103cire de 2,0 kW \u0219i cea de \u00eenc\u0103lzire de 1,8 kW<\/li>\n<li>func\u021biunea de temporizare<\/li>\n<\/ul>\n<h3><strong>Aparat de climatizare PAC 2010 SH \u2013 calitate de marc\u0103 de la Trotec<\/strong><\/h3>\n<p>Comanda\u021bi acum \u00een magazinul nostru online Trotec-Shop la cele mai atractive condi\u021bii de achizi\u021bionare <a href=\"https:\/\/www.trotec24.ro\/masini\/climatizare\/aparate-de-aer-conditionat-seria-pac\/aparat-de-climatizare-local-pac-2010-sh.html?rc=783e2f47dd\" class=\"broken_link\"><strong>aparatul de climatizare PAC 2010 SH<\/strong><\/a>.<\/p>\n<p><strong>Livrare din s\u0103pt\u0103m\u00e2na 27<\/strong><\/p>\n","protected":false},"excerpt":{"rendered":"<p>La PAC 2010 SH trebuie s\u0103 seta\u021bi temperatura dorit\u0103. \u00cen func\u021bie de temperatura real\u0103 din \u00eenc\u0103pere, aparatul de climatizare comandat cu termostat schimb\u0103 de la sine func\u021bionarea \u00eentre \u00eenc\u0103lzire sau r\u0103cire \u0219i astfel p\u0103streaz\u0103 temperatura setat\u0103 permanent actual\u0103. Aceste procese se petrec automatizat, func\u021bionarea aparatului PAC 2010 SH se bazeaz\u0103 pe principiul de func\u021bionare a unei pompe de ap\u0103 reversibile. Astfel se pot r\u0103ci cu u\u0219urin\u021b\u0103 cu puterea de 2,0 kW chiar \u0219i la o cre\u0219tere a temperaturii , \u00eenc\u0103peri de p\u00e2n\u0103 la 26 m\u00b2. \u00cen acela\u0219i timp aparatul poate \u00eenc\u0103lzi cu puterea de 1,8 kW \u00een serile mai r\u0103coroase.<\/p>\n","protected":false},"author":66,"featured_media":7906,"comment_status":"open","ping_status":"open","sticky":false,"template":"","format":"standard","meta":[],"categories":[6,9,2],"tags":[58,1211,19,30,1212,88],"_links":{"self":[{"href":"https:\/\/www.trotec-blog.com\/ro\/wp-json\/wp\/v2\/posts\/7904"}],"collection":[{"href":"https:\/\/www.trotec-blog.com\/ro\/wp-json\/wp\/v2\/posts"}],"about":[{"href":"https:\/\/www.trotec-blog.com\/ro\/wp-json\/wp\/v2\/types\/post"}],"author":[{"embeddable":true,"href":"https:\/\/www.trotec-blog.com\/ro\/wp-json\/wp\/v2\/users\/66"}],"replies":[{"embeddable":true,"href":"https:\/\/www.trotec-blog.com\/ro\/wp-json\/wp\/v2\/comments?post=7904"}],"version-history":[{"count":4,"href":"https:\/\/www.trotec-blog.com\/ro\/wp-json\/wp\/v2\/posts\/7904\/revisions"}],"predecessor-version":[{"id":7910,"href":"https:\/\/www.trotec-blog.com\/ro\/wp-json\/wp\/v2\/posts\/7904\/revisions\/7910"}],"wp:featuredmedia":[{"embeddable":true,"href":"https:\/\/www.trotec-blog.com\/ro\/wp-json\/wp\/v2\/media\/7906"}],"wp:attachment":[{"href":"https:\/\/www.trotec-blog.com\/ro\/wp-json\/wp\/v2\/media?parent=7904"}],"wp:term":[{"taxonomy":"category","embeddable":true,"href":"https:\/\/www.trotec-blog.com\/ro\/wp-json\/wp\/v2\/categories?post=7904"},{"taxonomy":"post_tag","embeddable":true,"href":"https:\/\/www.trotec-blog.com\/ro\/wp-json\/wp\/v2\/tags?post=7904"}],"curies":[{"name":"wp","href":"https:\/\/api.w.org\/{rel}","templated":true}]}}