{"id":7880,"date":"2019-06-12T07:29:12","date_gmt":"2019-06-12T05:29:12","guid":{"rendered":"https:\/\/www.trotec-blog.com\/ro\/?p=7880"},"modified":"2019-06-12T07:30:10","modified_gmt":"2019-06-12T05:30:10","slug":"ventilatoarele-cu-picior-tve-15-s-17-s-atractive-ca-pret-si-la-design","status":"publish","type":"post","link":"https:\/\/www.trotec-blog.com\/ro\/blog\/trotec\/ventilatoarele-cu-picior-tve-15-s-17-s-atractive-ca-pret-si-la-design\/","title":{"rendered":"Ventilatoarele cu picior TVE 15 S \/ 17 S atractive ca pre\u021b \u0219i la design"},"content":{"rendered":"<h2><a href=\"https:\/\/www.trotec-blog.com\/ro\/blog\/trotec\/ventilatoarele-cu-picior-tve-15-s-17-s-atractive-ca-pret-si-la-design\/\"><img loading=\"lazy\" class=\"alignnone size-full wp-image-7881\" src=\"https:\/\/www.trotec-blog.com\/ro\/files\/2019\/06\/tro_blog_tve_15_s_17_s_blogbild_1000x1000.jpg\" alt=\"\" width=\"1000\" height=\"1000\" srcset=\"https:\/\/www.trotec-blog.com\/ro\/files\/2019\/06\/tro_blog_tve_15_s_17_s_blogbild_1000x1000.jpg 1000w, https:\/\/www.trotec-blog.com\/ro\/files\/2019\/06\/tro_blog_tve_15_s_17_s_blogbild_1000x1000-200x200.jpg 200w, https:\/\/www.trotec-blog.com\/ro\/files\/2019\/06\/tro_blog_tve_15_s_17_s_blogbild_1000x1000-300x300.jpg 300w, https:\/\/www.trotec-blog.com\/ro\/files\/2019\/06\/tro_blog_tve_15_s_17_s_blogbild_1000x1000-768x768.jpg 768w, https:\/\/www.trotec-blog.com\/ro\/files\/2019\/06\/tro_blog_tve_15_s_17_s_blogbild_1000x1000-60x60.jpg 60w\" sizes=\"(max-width: 1000px) 100vw, 1000px\" \/><\/a><\/h2>\n<h2>Se face cald afar\u0103? Atunci e bine s\u0103 r\u0103corim, cu v\u00e2nt \u0219i calitate pentru un pre\u021b deosebit de accesibil. Deci este foarte clar c\u0103 ne \u00eendrept\u0103m spre produc\u0103tori de calitate precum Trotec. R\u0103spunsul nostru este ventilatorul cu picior\u00a0 <strong>TVE 15 S<\/strong> \/ <strong>TVE 17 S<\/strong>. P\u00e2n\u0103 la culoare, ambele modele sunt identice, fac peste tot o figur\u0103 bun\u0103, sunt bine prelucrate \u0219i sunt deosebit de ieftine. Alege\u021bi! Alb sau negru? Sau ambele?<\/h2>\n<p><!--more--><\/p>\n<p>Fie \u00een alb sau \u00een negru, ventilatorul\u00a0 <a href=\"https:\/\/www.trotec24.ro\/masini\/ventilatie\/ventilatoare-seria-tve\/ventilator-cu-picior-tve-15-s.html?rc=783e2f47dd\" class=\"broken_link\"><strong>TVE 15 S<\/strong><\/a> \/ <a href=\"https:\/\/www.trotec24.ro\/masini\/ventilatie\/ventilatoare-seria-tve\/ventilator-cu-picior-tve-17-s.html?rc=783e2f47dd\" class=\"broken_link\"><strong>TVE 17 S<\/strong><\/a> confer\u0103 prin cei 40 wa\u021bi putere o r\u0103corire continu\u0103. \u00cen compara\u021bie cu aparatele mobile de climatizare, \u00een ceea ce privesc costurile de achizi\u021bionare dar \u0219i cele de utilizare precum cele de consum al energiei electrice, sunt deosebit de ieftine \u0219i nu necesit\u0103 mult loc pentru amplasare fie la birou sau acas\u0103.<\/p>\n<h3><strong>Avantajele practice la un loc \u2013 ventilatorul cu picior TVE 15 S \/ TVE 17 S \u2026<\/strong><\/h3>\n<ul>\n<li>convinge prin putere mare de r\u0103corire la un consum redus de energie &#8211; cei 40 wa\u021bi putere ajung chiar \u0219i pentru \u00eenc\u0103peri mai mari.<\/li>\n<li>de\u021bine trei trepte de ventilare: Treapta 1 este economicoas\u0103 energetic \u0219i produce un v\u00e2nt subtil, pl\u0103cut \u0219i r\u0103coros.\u00a0 Treapta 2 confer\u0103 la temperaturi mai ridicate \u00een jur de 30 grade pentru o r\u0103corire \u0219i mai accentuat\u0103. Cu treapta 3 \u00eendep\u0103rta\u021bi aerul st\u0103tut de peste zi \u00een doar c\u00e2teva clipe prin fereastra larg deschis\u0103.<\/li>\n<li>de\u021bine o func\u021biune decuplabil\u0103 de oscila\u021bii de 80\u00b0 cu care aerul este turbionat orizontal \u00eentr-o mi\u0219care de pendulare. Pentru o adaptare corect\u0103 la locul de utilizare, capul ventilator se las\u0103 rabatat pe vertical\u0103 cu p\u00e2n\u0103 la 30\u00b0 \u00een direc\u021bia de ventilare.<\/li>\n<li>este reglabil \u00een \u00een\u0103l\u021bime de la 105 p\u00e2n\u0103 la 122 cm. Acest fapt face din ventilator s\u0103 poat\u0103 fi utilizat aproape peste tot.<\/li>\n<li>prin palele de ventilare perfect calibrate \u0219i\u00a0 \u00een combina\u021bie cu piciorul stabil, ventilatorul func\u021bioneaz\u0103 silen\u021bios \u00een toate treptele de func\u021bionare\u00a0 \u2013 acest fapt face posibil\u0103 utilizarea sa \u00een dormitoare.<\/li>\n<li>urmeaz\u0103 cele mai stricte norme de siguran\u021b\u0103: talpa sub form\u0103 de stea a piciorului confer\u0103 stabilitate la r\u0103sturnare, cele trei pale ale ventilatorului de\u021bin pe partea frontal\u0103 c\u00e2t \u0219i pe spate un co\u0219 din s\u00e2rm\u0103 metalic\u0103 de protec\u021bie.\u00a0 Protec\u021bia la supra\u00eenc\u0103lzire confer\u0103 ventilatorului siguran\u021b\u0103 \u00een func\u021bionare chiar \u0219i la temperaturi mai ridicate.<\/li>\n<\/ul>\n<h3><strong>Ventilatoarele cu picior TVE 15 S \/ TVE 17 S \u2013 calitate de marc\u0103 de la Trotec!<\/strong><\/h3>\n<p>Comanda\u021bi cel mai bine acum, la cele mai atractive pre\u021buri, ventilatorul cu picior la alegere:<\/p>\n<ul>\n<li><a href=\"https:\/\/www.trotec24.ro\/masini\/ventilatie\/ventilatoare-seria-tve\/ventilator-cu-picior-tve-15-s.html?rc=783e2f47dd\" class=\"broken_link\"><strong>Ventilatorul cu picior TVE 15 S in alb<\/strong><\/a><\/li>\n<li><a href=\"https:\/\/www.trotec24.ro\/masini\/ventilatie\/ventilatoare-seria-tve\/ventilator-cu-picior-tve-17-s.html?rc=783e2f47dd\" class=\"broken_link\"><strong>Ventilatorul cu picior TVE 17 S in negru<\/strong><\/a><\/li>\n<\/ul>\n<p>\u00een magazinul nostru online <a href=\"https:\/\/www.trotec24.ro\/masini\/ventilatie\/ventilatoare-seria-tve?rc=783e2f47dd\" class=\"broken_link\"><strong>Trotec-Shop<\/strong><\/a>!<\/p>\n","protected":false},"excerpt":{"rendered":"<p>Fie \u00een alb sau \u00een negru, ventilatorul  TVE 15 S \/ TVE 17 S confer\u0103 prin cei 40 wa\u021bi putere o r\u0103corire continu\u0103. \u00cen compara\u021bie cu aparatele mobile de climatizare, \u00een ceea ce privesc costurile de achizi\u021bionare dar \u0219i cele de utilizare precum cele de consum al energiei electrice, sunt deosebit de ieftine \u0219i nu necesit\u0103 mult loc pentru amplasare fie la birou sau acas\u0103.<\/p>\n","protected":false},"author":66,"featured_media":7882,"comment_status":"open","ping_status":"open","sticky":false,"template":"","format":"standard","meta":[],"categories":[6,9,12,2],"tags":[57,1206,1207,55,118],"_links":{"self":[{"href":"https:\/\/www.trotec-blog.com\/ro\/wp-json\/wp\/v2\/posts\/7880"}],"collection":[{"href":"https:\/\/www.trotec-blog.com\/ro\/wp-json\/wp\/v2\/posts"}],"about":[{"href":"https:\/\/www.trotec-blog.com\/ro\/wp-json\/wp\/v2\/types\/post"}],"author":[{"embeddable":true,"href":"https:\/\/www.trotec-blog.com\/ro\/wp-json\/wp\/v2\/users\/66"}],"replies":[{"embeddable":true,"href":"https:\/\/www.trotec-blog.com\/ro\/wp-json\/wp\/v2\/comments?post=7880"}],"version-history":[{"count":4,"href":"https:\/\/www.trotec-blog.com\/ro\/wp-json\/wp\/v2\/posts\/7880\/revisions"}],"predecessor-version":[{"id":7886,"href":"https:\/\/www.trotec-blog.com\/ro\/wp-json\/wp\/v2\/posts\/7880\/revisions\/7886"}],"wp:featuredmedia":[{"embeddable":true,"href":"https:\/\/www.trotec-blog.com\/ro\/wp-json\/wp\/v2\/media\/7882"}],"wp:attachment":[{"href":"https:\/\/www.trotec-blog.com\/ro\/wp-json\/wp\/v2\/media?parent=7880"}],"wp:term":[{"taxonomy":"category","embeddable":true,"href":"https:\/\/www.trotec-blog.com\/ro\/wp-json\/wp\/v2\/categories?post=7880"},{"taxonomy":"post_tag","embeddable":true,"href":"https:\/\/www.trotec-blog.com\/ro\/wp-json\/wp\/v2\/tags?post=7880"}],"curies":[{"name":"wp","href":"https:\/\/api.w.org\/{rel}","templated":true}]}}