{"id":7845,"date":"2019-06-05T07:30:45","date_gmt":"2019-06-05T05:30:45","guid":{"rendered":"https:\/\/www.trotec-blog.com\/ro\/?p=7845"},"modified":"2019-06-05T07:31:34","modified_gmt":"2019-06-05T05:31:34","slug":"noutate-ventilatorul-design-tve-24-s-in-trei-marimi-si-opt-viteze-de-ventilare","status":"publish","type":"post","link":"https:\/\/www.trotec-blog.com\/ro\/blog\/trotec\/noutate-ventilatorul-design-tve-24-s-in-trei-marimi-si-opt-viteze-de-ventilare\/","title":{"rendered":"Noutate! Ventilatorul design TVE 24 S \u00een trei m\u0103rimi \u0219i opt viteze de ventilare"},"content":{"rendered":"<p><a href=\"https:\/\/www.trotec-blog.com\/ro\/blog\/trotec\/noutate-ventilatorul-design-tve-24-s-in-trei-marimi-si-opt-viteze-de-ventilare\/\"><img loading=\"lazy\" class=\"alignnone size-full wp-image-7846\" src=\"https:\/\/www.trotec-blog.com\/ro\/files\/2019\/06\/RO_tro_blog_tve_24_s_blogbild_1000x1000.jpg\" alt=\"\" width=\"1000\" height=\"1000\" srcset=\"https:\/\/www.trotec-blog.com\/ro\/files\/2019\/06\/RO_tro_blog_tve_24_s_blogbild_1000x1000.jpg 1000w, https:\/\/www.trotec-blog.com\/ro\/files\/2019\/06\/RO_tro_blog_tve_24_s_blogbild_1000x1000-200x200.jpg 200w, https:\/\/www.trotec-blog.com\/ro\/files\/2019\/06\/RO_tro_blog_tve_24_s_blogbild_1000x1000-300x300.jpg 300w, https:\/\/www.trotec-blog.com\/ro\/files\/2019\/06\/RO_tro_blog_tve_24_s_blogbild_1000x1000-768x768.jpg 768w, https:\/\/www.trotec-blog.com\/ro\/files\/2019\/06\/RO_tro_blog_tve_24_s_blogbild_1000x1000-60x60.jpg 60w\" sizes=\"(max-width: 1000px) 100vw, 1000px\" \/><\/a><\/p>\n<h2><strong>Ventilatorul TVE 24 S<\/strong> este acum din nou pe stoc \u0219i poate fi utilizat ca ventilator cu picior sau de mas\u0103. Tija central\u0103 care pare optic dintr-o bucat\u0103 este de fapt pozi\u021bionabil\u0103 la trei \u00een\u0103l\u021bimi diferite \u0219i d\u0103 acestui ventilator de calitate un design modern. Dar \u0219i celellate dot\u0103ri tehnice sunt okay &#8211; cele 8 viteze de ventilare \u0219i puterea de 48 de wa\u021bi pot livra pe timpul verii aer proasp\u0103t r\u0103coros. Telecomanda \u0219i programarea prin temporizator \u00eentregesc programul&#8230;<\/h2>\n<p><!--more--><\/p>\n<p>Indiferent unde este pozi\u021bionat, ventilatorul design <a href=\"https:\/\/www.trotec24.ro\/masini\/ventilatie\/ventilatoare-seria-tve\/ventilator-design-cu-picior-tve-24-s.html?rc=783e2f47dd\" class=\"broken_link\"><strong>TVE 24 S<\/strong><\/a> se \u00eencadreaz\u0103 perfect \u00een ambient. Ventilatorul convinge prin forma sa clar\u0103 \u0219i un confort m\u0103rit completat de o func\u021bionalitate m\u0103rit\u0103. Prin sistemul practic cu tij\u0103, aparatul poate fi pozi\u021bionat \u00een trei m\u0103rimi diferite la 1,3 metri, 1 metru sau numai 70 de centimetri, elimin\u00e2nd din componen\u021ba tijei dou\u0103 elemente. Ecranul negru cu LED d\u0103 \u0219i el un accent subtil \u0219i indic\u0103 \u00een acela\u0219i timp ce treapt\u0103 de ventilare este setat\u0103 .<\/p>\n<h3><strong>Avantajele la un loc \u2013 <a href=\"https:\/\/www.trotec24.ro\/masini\/ventilatie\/ventilatoare-seria-tve\/ventilator-design-cu-picior-tve-24-s.html?rc=783e2f47dd\" class=\"broken_link\">ventilatorul design cu picior TVE 24 S<\/a> \u2026<\/strong><\/h3>\n<ul>\n<li>se poate utiliza \u00een cea mai \u00eenalt\u0103 pozi\u021bie deosebit de bine pentru a \u00eempr\u0103\u0219tia aerul pe suprafe\u021be mari \u00een \u00eenc\u0103pere. \u00cen pozi\u021bia de mijloc ca \u00een\u0103l\u021bime, curentul de aer se poate utiliza optimal pentru persoanele care \u0219ed. Pe cea mai scund\u0103 treapt\u0103, TVE 24 S se prezint\u0103 ca un ventilator elegant de mas\u0103.<\/li>\n<li>de\u0219ine o putere de 48 de wa\u021bi cu 8 trepte de vitez\u0103 reglabile astfel \u00eenc\u00e2t s\u0103 g\u0103si\u021bi cea mai potrivit\u0103 modalitate de ventilare.<\/li>\n<li>cu ajutorul oscila\u021biilor de 80 de grade \u00eempr\u0103\u0219tie curentul de aer uniform \u00een \u00eentreaga \u00eenc\u0103pere.\u00a0 Capul ventilator pivoteaz\u0103 de la st\u00e2nga la dreapta \u0219i produce la intervale egale un curent de aer proasp\u0103t. \u00cen plus capul ventilator se poate rabata \u00een \u00een\u0103l\u021bime cu un unghi de p\u00e2n\u0103 la 30\u00b0 .<\/li>\n<li>de\u021bine un temporizator integrat cu care pute\u021bi seta timpul de func\u021bionare de la 1 la 8 ore \u00een pa\u0219i de c\u00e2te o or\u0103. Astfel \u00een dormitor pute\u021bi seta s\u0103 func\u021bioneze at\u00e2ta timp c\u00e2t s\u0103 aduc\u0103 o briz\u0103 pl\u0103cut\u0103 dup\u0103 care se decupleaz\u0103. Diminea\u021ba la birou poate porni \u0219i aera \u00eenc\u0103perea \u00eenainte ca dumneavoastr\u0103 s\u0103 fi\u021bi acolo.<\/li>\n<li>Temporizatorul se poate utiliza cu ajutorul telecomandei, func\u021biile de cuplare\/decuplare , cele 8 viteze de ventilare \u0219i oscila\u021biile de 80\u00b0 se pot seta at\u021bt cu telecomanda c\u00e2t \u0219i pe tabloul de comand\u0103 de pe capul ventilator.<\/li>\n<li>de\u021bine un picior cu talp\u0103 rotund\u0103 deosebit de stabil pentru toate situa\u021biile fie la birou, \u00een sufragertie, dormitor sala de sport etc.<\/li>\n<\/ul>\n<h3><strong>Ventilator cu picior design TVE 24 S \u2013 calitate controlat\u0103 DEKRA!<\/strong><\/h3>\n<p>Acest produs \u00eel achizi\u021biona\u021bi \u00een calitate controlat\u0103 DEKRA ca un garant al valorii, siguran\u021bei \u0219i func\u021bionalit\u0103\u021bii. Comanda\u021bi \u00een magazinul nostru online <a href=\"https:\/\/www.trotec24.ro\/masini\/ventilatie\/ventilatoare-seria-tve\/ventilator-design-cu-picior-tve-24-s.html?rc=783e2f47dd\" class=\"broken_link\"><strong>ventilatorul design TVE 24 S<\/strong> <\/a>la cele mai atractive pre\u021buri\u00a0 &#8211; acum \u00een Trotec-Shop.<\/p>\n","protected":false},"excerpt":{"rendered":"<p>Indiferent unde este pozi\u021bionat, ventilatorul design TVE 24 S se \u00eencadreaz\u0103 perfect \u00een ambient. Ventilatorul convinge prin forma sa clar\u0103 \u0219i un confort m\u0103rit completat de o func\u021bionalitate m\u0103rit\u0103. Prin sistemul practic cu tij\u0103, aparatul poate fi pozi\u021bionat \u00een trei m\u0103rimi diferite la 1,3 metri, 1 metru sau numai 70 de centimetri, elimin\u00e2nd din componen\u021ba tijei dou\u0103 elemente. Ecranul negru cu LED d\u0103 \u0219i el un accent subtil \u0219i indic\u0103 \u00een acela\u0219i timp ce treapt\u0103 de ventilare este setat\u0103 .<\/p>\n","protected":false},"author":66,"featured_media":7847,"comment_status":"open","ping_status":"open","sticky":false,"template":"","format":"standard","meta":[],"categories":[6,9,12,2],"tags":[57,1177,88,39],"_links":{"self":[{"href":"https:\/\/www.trotec-blog.com\/ro\/wp-json\/wp\/v2\/posts\/7845"}],"collection":[{"href":"https:\/\/www.trotec-blog.com\/ro\/wp-json\/wp\/v2\/posts"}],"about":[{"href":"https:\/\/www.trotec-blog.com\/ro\/wp-json\/wp\/v2\/types\/post"}],"author":[{"embeddable":true,"href":"https:\/\/www.trotec-blog.com\/ro\/wp-json\/wp\/v2\/users\/66"}],"replies":[{"embeddable":true,"href":"https:\/\/www.trotec-blog.com\/ro\/wp-json\/wp\/v2\/comments?post=7845"}],"version-history":[{"count":6,"href":"https:\/\/www.trotec-blog.com\/ro\/wp-json\/wp\/v2\/posts\/7845\/revisions"}],"predecessor-version":[{"id":7853,"href":"https:\/\/www.trotec-blog.com\/ro\/wp-json\/wp\/v2\/posts\/7845\/revisions\/7853"}],"wp:featuredmedia":[{"embeddable":true,"href":"https:\/\/www.trotec-blog.com\/ro\/wp-json\/wp\/v2\/media\/7847"}],"wp:attachment":[{"href":"https:\/\/www.trotec-blog.com\/ro\/wp-json\/wp\/v2\/media?parent=7845"}],"wp:term":[{"taxonomy":"category","embeddable":true,"href":"https:\/\/www.trotec-blog.com\/ro\/wp-json\/wp\/v2\/categories?post=7845"},{"taxonomy":"post_tag","embeddable":true,"href":"https:\/\/www.trotec-blog.com\/ro\/wp-json\/wp\/v2\/tags?post=7845"}],"curies":[{"name":"wp","href":"https:\/\/api.w.org\/{rel}","templated":true}]}}