{"id":7825,"date":"2019-06-03T08:44:55","date_gmt":"2019-06-03T06:44:55","guid":{"rendered":"https:\/\/www.trotec-blog.com\/ro\/?p=7825"},"modified":"2019-06-03T08:46:45","modified_gmt":"2019-06-03T06:46:45","slug":"noutate-ventilatorul-design-cu-picior-tve-23-s-cu-50-de-wati-si-2-viteze-acum-livrabil","status":"publish","type":"post","link":"https:\/\/www.trotec-blog.com\/ro\/blog\/trotec\/noutate-ventilatorul-design-cu-picior-tve-23-s-cu-50-de-wati-si-2-viteze-acum-livrabil\/","title":{"rendered":"Noutate! Ventilatorul design cu picior TVE 23 S cu 50 de wa\u021bi \u0219i 2 viteze, acum livrabil"},"content":{"rendered":"<h2><a href=\"https:\/\/www.trotec-blog.com\/ro\/blog\/trotec\/noutate-ventilatorul-design-cu-picior-tve-23-s-cu-50-de-wati-si-2-viteze-acum-livrabil\/\"><img loading=\"lazy\" class=\"alignnone size-full wp-image-7830\" src=\"https:\/\/www.trotec-blog.com\/ro\/files\/2019\/06\/RO_tro_blog_tve_23_s_blogbild_1000x1000.jpg\" alt=\"\" width=\"1000\" height=\"1000\" srcset=\"https:\/\/www.trotec-blog.com\/ro\/files\/2019\/06\/RO_tro_blog_tve_23_s_blogbild_1000x1000.jpg 1000w, https:\/\/www.trotec-blog.com\/ro\/files\/2019\/06\/RO_tro_blog_tve_23_s_blogbild_1000x1000-200x200.jpg 200w, https:\/\/www.trotec-blog.com\/ro\/files\/2019\/06\/RO_tro_blog_tve_23_s_blogbild_1000x1000-300x300.jpg 300w, https:\/\/www.trotec-blog.com\/ro\/files\/2019\/06\/RO_tro_blog_tve_23_s_blogbild_1000x1000-768x768.jpg 768w, https:\/\/www.trotec-blog.com\/ro\/files\/2019\/06\/RO_tro_blog_tve_23_s_blogbild_1000x1000-60x60.jpg 60w\" sizes=\"(max-width: 1000px) 100vw, 1000px\" \/><\/a><\/h2>\n<h2>\u00cen sf\u00e2r\u0219it \u0219i la timp, \u00eenainte ca zilele fierbin\u021bi s\u0103 se instaleze, noul <strong>ventilator design cu picior TVE 23 S<\/strong> este din nou livrabil. Datorit\u0103 elegan\u021bei sale clasice \u00een alb \u0219i tehnicii sale cu 50 wa\u021bi putere \u00een trei trepte de vitez\u0103 \u0219i dou\u0103 m\u0103rimi, acesta aduce r\u0103corirea de care ave\u021bi nevoie av\u00e2nd posibilitatea s\u0103 ajusta\u021bi curentul de aer.<\/h2>\n<p><!--more--><\/p>\n<p>Cu ventilatorul design cu picior <a href=\"https:\/\/www.trotec24.ro\/masini\/ventilatie\/ventilatoare-seria-tve\/ventilator-design-cu-picior-tve-23-s.html?rc=783e2f47dd\" class=\"broken_link\"><strong>TVE 23 S,<\/strong><\/a> pute\u021bi de exemplu, s\u0103 transforma\u021bi o camer\u0103 cu aer \u00eemb\u00e2csit \u00eentr-una de primire sau pute\u021bi s\u0103-l utiliza\u021bi focuzat, spre a r\u0103corii sub mas\u0103 picioarele. Ambele lucruri merg pentru c\u0103 ventilatorul se poate achizi\u021biona \u00een dou\u0103 m\u0103rimi, fie de 130 sau de 96 centimetri. Aparatul d\u0103 senza\u021bia c\u0103 este construit dintr-o singur\u0103 bucat\u0103 datorit\u0103 construc\u021biei tijei centrale care pare s\u0103 fie ca turnat\u0103. Secretul se afl\u0103 \u00een faptul c\u0103 tija central\u0103 se poate \u00eendep\u0103rta \u0219i s\u0103 cupla\u021bi doar capul ventilator, astfel pute\u021bi varia flexibil \u00een\u0103l\u021bimea acestuia. Bine\u00een\u021beles c\u0103 acesta puncteaz\u0103 \u0219i cu mai multe date tehnice interesante:<\/p>\n<p><strong>\u00a0Avantajele dumneavoastr\u0103 la un loc \u2013 ventilatorul design cu picior TVE 23 S \u2026<\/strong><\/p>\n<ul>\n<li>de\u021bine putere destul\u0103 datorit\u0103 celor 50 wa\u021bi \u0219i un diametru al palelor de 40 cm, pentru a \u00eempr\u0103\u0219tia aerul \u00eemb\u00e2csit din orice \u00eenc\u0103pere. Viteza de ventilare adecvat\u0103 pe care o regla\u021bi cu ajutorul unui comutator se face \u00een trei trepte.<\/li>\n<li>pentru o turbionare constant\u0103 a aerului, ventilatorul de\u021bine oscila\u021bii de 80 de grade. Odat\u0103 activat\u0103 aceast\u0103 func\u021biune, capul ventilator \u00eencepe s\u0103 penduleze direc\u021bia de suflare de la st\u021bnga la dreapta \u0219i \u00eenvers \u0219i produce astfel o briz\u0103 u\u0219oar\u0103 produc\u00e2nd o r\u0103corire la intervale de timp. Capul ventilator poate fi rabatat \u00een \u00een\u0103l\u021bime cu p\u00e2n\u0103 la 30 de grade.<\/li>\n<li>cu ajutorul m\u0103rimilor diferite , fie de 130 sau de 96 centimetri, ventilatorul de\u021bine o tij\u0103 central\u0103 care se poate \u00eendep\u0103rta pentru a regla c\u00e2t mai confortabil curentul de aer.<\/li>\n<li>cu ajutorul piciorului cu talp\u0103 rotunmd\u0103, ventilatorul prime\u0219te stabilitate \u0219i se poate utiliza astfel peste tot, \u00een birou, \u00een locuin\u021b\u0103, \u00een magazin sau \u00een dormitor.<\/li>\n<li>dup\u0103 trecerea sezonului se poate face mic, demont\u00e2ndu-se el poate fi depozitat \u00een orice dulap.<\/li>\n<\/ul>\n<h3><strong>Patru dintre multiplele avantaje care pe mine m-au convins:<\/strong><\/h3>\n<ul>\n<li>Puterea de die 50 Watt<\/li>\n<li>Costurile mici de \u00eentre\u021binere<\/li>\n<li>3 trepte de vitez\u0103<\/li>\n<li>Oscila\u021bii automate de 80\u00b0 cu func\u021biune de decuplare<\/li>\n<\/ul>\n<h3><strong>Ventilatorul design cu picior TVE 23 S \u2013 calitate de marc\u0103 controlat\u0103 T\u00dcV!<\/strong><\/h3>\n<p>Acest produs \u00eel achizi\u021biona\u021bi \u00een calitate controlat\u0103 T\u00dcV, ca un garant al valorii, siguran\u021bei \u0219i func\u021bionalit\u0103\u021bii. Comanda\u021bi cel mai bine \u00een magazinul nostru online, la cele mai atractive pre\u021buri <a href=\"https:\/\/www.trotec24.ro\/masini\/ventilatie\/ventilatoare-seria-tve\/ventilator-design-cu-picior-tve-23-s.html?rc=783e2f47dd\" class=\"broken_link\"><strong>ventilatorul design cu picior TVE 23 S<\/strong><\/a> acum \u00een Trotec-Shop!<\/p>\n","protected":false},"excerpt":{"rendered":"<p>Cu ventilatorul design cu picior TVE 23 S, pute\u021bi de exemplu, s\u0103 transforma\u021bi o camer\u0103 cu aer \u00eemb\u00e2csit \u00eentr-una de primire sau pute\u021bi s\u0103-l utiliza\u021bi focuzat, spre a r\u0103corii sub mas\u0103 picioarele. Ambele lucruri merg pentru c\u0103 ventilatorul se poate achizi\u021biona \u00een dou\u0103 m\u0103rimi, fie de 130 sau de 96 centimetri. Aparatul d\u0103 senza\u021bia c\u0103 este construit dintr-o singur\u0103 bucat\u0103 datorit\u0103 construc\u021biei tijei centrale care pare s\u0103 fie ca turnat\u0103. Secretul se afl\u0103 \u00een faptul c\u0103 tija central\u0103 se poate \u00eendep\u0103rta \u0219i s\u0103 cupla\u021bi doar capul ventilator, astfel pute\u021bi varia flexibil \u00een\u0103l\u021bimea acestuia. Bine\u00een\u021beles c\u0103 acesta puncteaz\u0103 \u0219i cu mai multe date tehnice interesante:<\/p>\n","protected":false},"author":66,"featured_media":7828,"comment_status":"open","ping_status":"open","sticky":false,"template":"","format":"standard","meta":[],"categories":[6,9,12,2],"tags":[57,1173,55,1195],"_links":{"self":[{"href":"https:\/\/www.trotec-blog.com\/ro\/wp-json\/wp\/v2\/posts\/7825"}],"collection":[{"href":"https:\/\/www.trotec-blog.com\/ro\/wp-json\/wp\/v2\/posts"}],"about":[{"href":"https:\/\/www.trotec-blog.com\/ro\/wp-json\/wp\/v2\/types\/post"}],"author":[{"embeddable":true,"href":"https:\/\/www.trotec-blog.com\/ro\/wp-json\/wp\/v2\/users\/66"}],"replies":[{"embeddable":true,"href":"https:\/\/www.trotec-blog.com\/ro\/wp-json\/wp\/v2\/comments?post=7825"}],"version-history":[{"count":6,"href":"https:\/\/www.trotec-blog.com\/ro\/wp-json\/wp\/v2\/posts\/7825\/revisions"}],"predecessor-version":[{"id":7833,"href":"https:\/\/www.trotec-blog.com\/ro\/wp-json\/wp\/v2\/posts\/7825\/revisions\/7833"}],"wp:featuredmedia":[{"embeddable":true,"href":"https:\/\/www.trotec-blog.com\/ro\/wp-json\/wp\/v2\/media\/7828"}],"wp:attachment":[{"href":"https:\/\/www.trotec-blog.com\/ro\/wp-json\/wp\/v2\/media?parent=7825"}],"wp:term":[{"taxonomy":"category","embeddable":true,"href":"https:\/\/www.trotec-blog.com\/ro\/wp-json\/wp\/v2\/categories?post=7825"},{"taxonomy":"post_tag","embeddable":true,"href":"https:\/\/www.trotec-blog.com\/ro\/wp-json\/wp\/v2\/tags?post=7825"}],"curies":[{"name":"wp","href":"https:\/\/api.w.org\/{rel}","templated":true}]}}