{"id":7673,"date":"2019-05-14T07:31:59","date_gmt":"2019-05-14T05:31:59","guid":{"rendered":"https:\/\/www.trotec-blog.com\/ro\/?p=7673"},"modified":"2019-05-14T07:40:20","modified_gmt":"2019-05-14T05:40:20","slug":"noul-ventilator-design-cu-picior-tve-24-s-racorire-cu-stil-in-3-marimi-si-8-viteze","status":"publish","type":"post","link":"https:\/\/www.trotec-blog.com\/ro\/blog\/trotec\/noul-ventilator-design-cu-picior-tve-24-s-racorire-cu-stil-in-3-marimi-si-8-viteze\/","title":{"rendered":"Noul ventilator design cu picior TVE 24 S: r\u0103corire cu stil \u00een 3 m\u0103rimi \u0219i 8 viteze"},"content":{"rendered":"<h2><a href=\"https:\/\/www.trotec-blog.com\/ro\/blog\/trotec\/noul-ventilator-design-cu-picior-tve-24-s-racorire-cu-stil-in-3-marimi-si-8-viteze\/\"><img loading=\"lazy\" class=\"alignnone size-full wp-image-7675\" src=\"https:\/\/www.trotec-blog.com\/ro\/files\/2019\/05\/RO_tro_blog_tve_24_s_blogbild_1000x1000.jpg\" alt=\"\" width=\"1000\" height=\"1000\" srcset=\"https:\/\/www.trotec-blog.com\/ro\/files\/2019\/05\/RO_tro_blog_tve_24_s_blogbild_1000x1000.jpg 1000w, https:\/\/www.trotec-blog.com\/ro\/files\/2019\/05\/RO_tro_blog_tve_24_s_blogbild_1000x1000-200x200.jpg 200w, https:\/\/www.trotec-blog.com\/ro\/files\/2019\/05\/RO_tro_blog_tve_24_s_blogbild_1000x1000-300x300.jpg 300w, https:\/\/www.trotec-blog.com\/ro\/files\/2019\/05\/RO_tro_blog_tve_24_s_blogbild_1000x1000-768x768.jpg 768w, https:\/\/www.trotec-blog.com\/ro\/files\/2019\/05\/RO_tro_blog_tve_24_s_blogbild_1000x1000-60x60.jpg 60w\" sizes=\"(max-width: 1000px) 100vw, 1000px\" \/><\/a><\/h2>\n<h2>Indiferent la ce \u00een\u0103l\u021bime va fi ridicat <strong>TVE 24 S<\/strong> ventilatorul cu picior va face \u0219i sub form\u0103 de ventilator de mas\u0103 o figur\u0103 bun\u0103. El convinge prin designul s\u0103u clar combinat cu un confort sporit \u0219i func\u021bionalitate. Faptele vorbesc de la sine: cu cele trei \u00een\u0103l\u021bimi diferite la care poate fi setat, cele 8 viteze de ventilare, telecomand\u0103, programare cu temporizator \u0219i o putere de 48 de wa\u021bi, ventilatorul se \u00eengrije\u0219te pentru o r\u0103corire considerabil\u0103 \u00een zilele fierbin\u021bi care urmeaz\u0103.<\/h2>\n<p><!--more--><\/p>\n<p>Indiferent la ce \u00een\u0103l\u021bime ve\u021bi dori s\u0103 utiliza\u021bi\u00a0<a href=\"https:\/\/www.trotec24.ro\/masini\/ventilatie\/ventilatoare-seria-tve\/ventilator-design-cu-picior-tve-24-s.html?rc=783e2f47dd\" class=\"broken_link\"><strong> ventilatorul design cu picior TVE 24 S<\/strong><\/a>\u00a0acesta datorit\u0103 designului atractiv impune. Toata atrac\u021bia este concentrat\u0103 \u00een tija vertical\u0103 care se poate monta \u0219i demonta. Monta\u021bi pur \u0219i simplu capul ventilator fie la o \u00een\u0103l\u021bime de 70 cm., 1 metru\u00a0 sau la 130 cm. variabil.<br \/>\nCu puterea de 48 de wa\u021bi \u0219i un diametru al palelor de ventilare de 40 cm , TVE 24 S\u00a0 ofer\u0103 destul\u0103 putere pentru a transporma \u00eenc\u0103perea cu aer st\u0103tut \u0219i cald \u00eentr-una confortabil\u0103. Viteza v\u00e2ntului se poate regla cu ajutorul comutatorului. Ecranul cu LED confer\u0103 ventilatorului un accent modern.<\/p>\n<p>Cea mai mare vitez\u0103 de ventilare se potrive\u0219te pentru a elimina aerul st\u0103tut din \u00eenc\u0103perile \u00eencinse. Cu vitezele de mijloc, curen\u021bii de aer se pot pozi\u021biona spre persoana care \u0219ede. La cea mai mic\u0103 \u00een\u0103l\u021bime TVE 24 S se prezint\u0103 ca un ventilator elegant de mas\u0103.<\/p>\n<h3><strong>A\u0219a func\u021bioneaz\u0103<\/strong><\/h3>\n<p><a href=\"https:\/\/www.trotec24.ro\/masini\/ventilatie\/ventilatoare-seria-tve\/ventilator-design-cu-picior-tve-24-s.html?rc=783e2f47dd\" class=\"broken_link\"><strong>TVE 24 S<\/strong><\/a> de\u021bine opt viteze de rota\u021bie care se pot doza fin \u00een func\u021bie de necesit\u0103\u021bile fiec\u0103ruia.\u00a0 Cu ajutorul oscila\u021biilor integrate de 80\u00b0 curentul de aer este repartizat uniform \u00een \u00eentreaga \u00eenc\u0103pere. Capul ventilatorului\u00a0 se mi\u0219c\u0103 automat de la st\u00e2nga la dreapta \u0219i face ca la diferite intervale de timp aerul s\u0103 capete o form\u0103 de briz\u0103 u\u0219oar\u0103. \u00cen plus capul ventilator se poate rabata vertical la 30\u00b0. Cu 60 dB(A) maximal ventilatorul TVE 24 S este \u0219i pe timpul func\u021bion\u0103rii pe cea mai puternic\u0103 treapt\u0103 foarte silen\u021bios.<\/p>\n<p>Cu timerul integrat pute\u021bi seta timpul de func\u021bionare de la 1 la 8 ore \u00een pa\u0219i de c\u00e2te o or\u0103. Acest lucru face ca ventilatorul s\u0103 r\u0103coreas\u0103 u\u0219or de exemplu \u00een dormitor \u00ee\u0103nainte de culcare chiar dac\u0103 nu trebuie s\u0103 func\u021bioneze toat\u0103 noaptea. La birou, diminea\u021ba ventilatorul poate elimina aerul st\u0103tut peste noapte \u00eenainte ca dumneavoastr\u0103 s\u0103 ajunge\u021bi acolo. \u00cen timp ce func\u021bia de temporizare o pute\u021bi seta numai cu telecomanda, cuplarea \u0219i decuplarea, cele 8 viteze de ventilare \u0219i oscila\u021biile de 80\u00b0 se pot utiliza at\u00e2t prin telecomand\u0103 c\u00e2t \u0219i la panoul de comand\u0103 de pe capul ventilator.<\/p>\n<p>\u00cen afar\u0103 de acestea, pe tija central\u0103 se afl\u0103 un ecran cu LED, pe care pute\u021bi citi treapta actual\u0103 de vitez\u0103. Dac\u0103 este cuplat temporizatorul pute\u021bi citi \u00een c\u00e2t timp ventilatorul se va cupla sau decupla. Talpa picior stabil\u0103 a TVE 24 S, ajut\u0103 ca ventilatorul s\u0103 \u00ee\u0219i fac\u0103 treaba \u00een siguran\u021b\u0103 fie \u00een locuin\u021b\u0103, la birou, \u00een sala de gimnastic\u0103 sau dormitor, \u00een buc\u0103t\u0103rie sau pe teras\u0103.<\/p>\n<h3><strong>Patru dintre multele avantaje care pe mina m-au convins:<\/strong><\/h3>\n<ul>\n<li>Puterea de 48 de wa\u021bi \u0219i diametrul palelor ventilatorului de 40 cm<\/li>\n<li>Costurile mici de \u00eentre\u021binere<\/li>\n<li>Cele 8 trepte de vitez\u0103 de ventilare<\/li>\n<li>Oscila\u021biile automate cu decuplare de 80\u00b0<\/li>\n<\/ul>\n<h3><strong>Ventilatorul design cu picior TVE 24 S \u2013 calitate controlat\u0103 DEKRA de la Trotec!<\/strong><\/h3>\n<p>Acest produs de la Trotec \u00eel achizi\u021biona\u021bi \u00een calitate controlat\u0103\u00a0 DEKRA ca o garan\u021bie pentru valoare, siguran\u021b\u0103 \u0219i func\u021bionalitate.\u00a0 Comanda\u021bi cel mai bine acum \u00een magazinul nostru online la cele mai atractive pre\u021buri <a href=\"https:\/\/www.trotec24.ro\/masini\/ventilatie\/ventilatoare-seria-tve\/ventilator-design-cu-picior-tve-24-s.html?rc=783e2f47dd\" class=\"broken_link\"><strong>ventilatorul design cu picior TVE 24 S<\/strong><\/a> &#8211; \u00een \u00a0Trotec-Shop!<\/p>\n<p><strong>Livrarea din s\u0103pt\u0103m\u00e2na 21<\/strong><\/p>\n","protected":false},"excerpt":{"rendered":"<p>Indiferent la ce \u00een\u0103l\u021bime ve\u021bi dori s\u0103 utiliza\u021bi  ventilatorul design cu picior TVE 24 S acesta datorit\u0103 designului atractiv impune. Toata atrac\u021bia este concentrat\u0103 \u00een tija vertical\u0103 care se poate monta \u0219i demonta. Monta\u021bi pur \u0219i simplu capul ventilator fie la o \u00een\u0103l\u021bime de 70 cm., 1 metru  sau la 130 cm. variabil.<br \/>\nCu puterea de 48 de wa\u021bi \u0219i un diametru al palelor de ventilare de 40 cm , TVE 24 S  ofer\u0103 destul\u0103 putere pentru a transporma \u00eenc\u0103perea cu aer st\u0103tut \u0219i cald \u00eentr-una confortabil\u0103. Viteza v\u00e2ntului se poate regla cu ajutorul comutatorului. Ecranul cu LED confer\u0103 ventilatorului un accent modern.<\/p>\n","protected":false},"author":66,"featured_media":7674,"comment_status":"open","ping_status":"open","sticky":false,"template":"","format":"standard","meta":[],"categories":[6,9,12,2],"tags":[1177,55,118],"_links":{"self":[{"href":"https:\/\/www.trotec-blog.com\/ro\/wp-json\/wp\/v2\/posts\/7673"}],"collection":[{"href":"https:\/\/www.trotec-blog.com\/ro\/wp-json\/wp\/v2\/posts"}],"about":[{"href":"https:\/\/www.trotec-blog.com\/ro\/wp-json\/wp\/v2\/types\/post"}],"author":[{"embeddable":true,"href":"https:\/\/www.trotec-blog.com\/ro\/wp-json\/wp\/v2\/users\/66"}],"replies":[{"embeddable":true,"href":"https:\/\/www.trotec-blog.com\/ro\/wp-json\/wp\/v2\/comments?post=7673"}],"version-history":[{"count":8,"href":"https:\/\/www.trotec-blog.com\/ro\/wp-json\/wp\/v2\/posts\/7673\/revisions"}],"predecessor-version":[{"id":7683,"href":"https:\/\/www.trotec-blog.com\/ro\/wp-json\/wp\/v2\/posts\/7673\/revisions\/7683"}],"wp:featuredmedia":[{"embeddable":true,"href":"https:\/\/www.trotec-blog.com\/ro\/wp-json\/wp\/v2\/media\/7674"}],"wp:attachment":[{"href":"https:\/\/www.trotec-blog.com\/ro\/wp-json\/wp\/v2\/media?parent=7673"}],"wp:term":[{"taxonomy":"category","embeddable":true,"href":"https:\/\/www.trotec-blog.com\/ro\/wp-json\/wp\/v2\/categories?post=7673"},{"taxonomy":"post_tag","embeddable":true,"href":"https:\/\/www.trotec-blog.com\/ro\/wp-json\/wp\/v2\/tags?post=7673"}],"curies":[{"name":"wp","href":"https:\/\/api.w.org\/{rel}","templated":true}]}}