{"id":7642,"date":"2019-05-10T11:45:57","date_gmt":"2019-05-10T09:45:57","guid":{"rendered":"https:\/\/www.trotec-blog.com\/ro\/?p=7642"},"modified":"2019-05-14T07:39:46","modified_gmt":"2019-05-14T05:39:46","slug":"noutate-ventilatorul-design-tve-23-s-aduce-briza-proaspata-cu-ajutorul-a-50-de-wati","status":"publish","type":"post","link":"https:\/\/www.trotec-blog.com\/ro\/blog\/trotec\/noutate-ventilatorul-design-tve-23-s-aduce-briza-proaspata-cu-ajutorul-a-50-de-wati\/","title":{"rendered":"Noutate! Ventilatorul design TVE 23 S aduce briza proasp\u0103t\u0103 cu ajutorul a 50 de wa\u021bi"},"content":{"rendered":"<h2><a href=\"https:\/\/www.trotec-blog.com\/ro\/blog\/trotec\/noutate-ventilatorul-design-tve-23-s-aduce-briza-proaspata-cu-ajutorul-a-50-de-wati\/?rc=783e2f47dd\"><img loading=\"lazy\" class=\"alignnone size-full wp-image-7644\" src=\"https:\/\/www.trotec-blog.com\/ro\/files\/2019\/05\/RO_tro_blog_tve_23_s_blogbild_1000x1000.jpg\" alt=\"\" width=\"1000\" height=\"1000\" srcset=\"https:\/\/www.trotec-blog.com\/ro\/files\/2019\/05\/RO_tro_blog_tve_23_s_blogbild_1000x1000.jpg 1000w, https:\/\/www.trotec-blog.com\/ro\/files\/2019\/05\/RO_tro_blog_tve_23_s_blogbild_1000x1000-200x200.jpg 200w, https:\/\/www.trotec-blog.com\/ro\/files\/2019\/05\/RO_tro_blog_tve_23_s_blogbild_1000x1000-300x300.jpg 300w, https:\/\/www.trotec-blog.com\/ro\/files\/2019\/05\/RO_tro_blog_tve_23_s_blogbild_1000x1000-768x768.jpg 768w, https:\/\/www.trotec-blog.com\/ro\/files\/2019\/05\/RO_tro_blog_tve_23_s_blogbild_1000x1000-60x60.jpg 60w\" sizes=\"(max-width: 1000px) 100vw, 1000px\" \/><\/a><\/h2>\n<h2>\u00cemprosp\u0103tare f\u0103cut\u0103 cu stil &#8211; aceasta ne promite noul nostru <strong>ventilator cu picior\u00a0 TVE 23 S<\/strong>. Cu designul s\u0103u clasic \u0219i elegant de culoarea alb\u0103\u00a0 se integreaz\u0103 \u00een orice mediu cu alura sa solid\u0103 de 130 sau 96 centimetri. Astfel pute\u021bi curentul a de aer regla perfect pentru necesit\u0103\u021bile dumneavoastr\u0103, fie pentru a elimina aerul st\u0103tut din \u00eenc\u0103pere sau pentru o r\u0103corire a picioarelor pe sub mas\u0103.<\/h2>\n<p><!--more--><\/p>\n<p>Indiferent la ce \u00een\u0103l\u021bime ve\u021bi dori s\u0103 utiliza\u021bi<a href=\"https:\/\/www.trotec24.ro\/masini\/ventilatie\/ventilatoare-seria-tve\/ventilator-design-cu-picior-tve-23-s.html?rc=783e2f47dd\" class=\"broken_link\"><strong> ventilatorul design cu picior TVE 23 S<\/strong><\/a>\u00a0acesta datorit\u0103 designului atractiv impune. Toata atrac\u021bia este concentrat\u0103 \u00een tija vertical\u0103 care se poate monta \u0219i demonta. Monta\u021bi pur \u0219i simplu capul ventilator fie la o \u00een\u0103l\u021bime de 96 cm sau la 130 cm. variabil.<br \/>\nCu puterea de 50 de wa\u021bi \u0219i un diametru al palelor de ventilare de 40 cm , TVE 23 S\u00a0 ofer\u0103 destul\u0103 putere pentru a transporma \u00eenc\u0103perea cu aer st\u0103tut \u0219i cald \u00eentr-una confortabil\u0103. Viteza v\u00e2ntului se poate regla cu ajutorul comutatorului.<\/p>\n<h3><strong>A\u0219a func\u021bioneaz\u0103<\/strong><\/h3>\n<p><a href=\"https:\/\/www.trotec24.ro\/masini\/ventilatie\/ventilatoare-seria-tve\/ventilator-design-cu-picior-tve-23-s.html?rc=783e2f47dd\" class=\"broken_link\"><strong>TVE 23 S<\/strong><\/a> de\u021bine o repartizare uniform\u0103 a aerului cu ajutorul oscila\u021biilor de 80 de grade. Atunci c\u021bnd acestea se activeaz\u0103, capul ventilatorului\u00a0 se mi\u0219c\u0103 de la st\u00e2nga la dreapta \u0219i \u00eemprosp\u0103teaz\u0103 aerul \u00een intervale. \u00cen plus capul ventilator se mai poate rabata cu 30 de grade vertical, fie \u00een sus sau \u00een jos. Cu maximum 60 dB(A) \u0219i pe cea mai mare treapt\u0103 de ventilare TVE 23 S este deosebit de silen\u021bios \u00een func\u021bionare.<\/p>\n<p>Talpa elegant\u0103 \u0219i stabil\u0103 confer\u0103 o bun\u0103 stabilitate fie la birou sau \u00een s\u00e2nul familiei , acas\u0103. Dac\u0103 anotimpul fierbine a trecut, TVE 23 S se poate mic\u0219ora astfel \u00eenc\u00e2t acesta s\u0103 poat\u0103 fi cu u\u0219urin\u021b\u0103 stivuit.<\/p>\n<h3><strong>Patru dintre multele avantaje care mie mi-au pl\u0103cut:<\/strong><\/h3>\n<ul>\n<li>Puterea de 50 de wa\u021bi<\/li>\n<li>Costurile mici de \u00eentre\u021binere<\/li>\n<li>\u00a03 trepte de ventilare<\/li>\n<li>Oscila\u021bii automate cu decuplare de 80 de grade<\/li>\n<\/ul>\n<h3><strong>Ventilatorul design cu picior TVE 23 S \u2013 calitate de marc\u0103 controlat\u0103 T\u00dcV de la Trotec!<\/strong><\/h3>\n<p>Acest produs de la Trotec \u00eel achizi\u021biona\u021bi \u00een calitate controlat\u0103\u00a0 T\u00dcV ca o garan\u021bie pentru valoare, siguran\u021b\u0103 \u0219i func\u021bionalitate.\u00a0 Comanda\u021bi cel mai bine acum \u00een magazinul nostru online la cele mai atractive pre\u021buri <strong><a href=\"https:\/\/www.trotec24.ro\/masini\/ventilatie\/ventilatoare-seria-tve\/ventilator-design-cu-picior-tve-23-s.html?rc=783e2f47dd\" class=\"broken_link\">ventilatorul design cu picior TVE 23 S<\/a><\/strong> &#8211; \u00een \u00a0Trotec-Shop!<\/p>\n<p><strong>Livrarea din s\u0103pt\u0103m\u00e2na 21<\/strong><\/p>\n","protected":false},"excerpt":{"rendered":"<p>Indiferent la ce \u00een\u0103l\u021bime ve\u021bi dori s\u0103 utiliza\u021bi ventilatorul design cu picior TVE 23 S\u00a0acesta datorit\u0103 designului atractiv impune. Toata atrac\u021bia este concentrat\u0103 \u00een tija vertical\u0103 care se poate monta \u0219i demonta. Monta\u021bi pur \u0219i simplu capul ventilator fie la o \u00een\u0103l\u021bime de 96 cm sau la 130 cm. variabil.<br \/>\nCu puterea de 50 de wa\u021bi \u0219i un diametru al palelor de ventilare de 40 cm , TVE 23 S\u00a0 ofer\u0103 destul\u0103 putere pentru a transporma \u00eenc\u0103perea cu aer st\u0103tut \u0219i cald \u00eentr-una confortabil\u0103. Viteza v\u00e2ntului se poate regla cu ajutorul comutatorului.<\/p>\n","protected":false},"author":66,"featured_media":7643,"comment_status":"open","ping_status":"open","sticky":false,"template":"","format":"standard","meta":[],"categories":[6,9,12,2],"tags":[57,1172,1173,55,118],"_links":{"self":[{"href":"https:\/\/www.trotec-blog.com\/ro\/wp-json\/wp\/v2\/posts\/7642"}],"collection":[{"href":"https:\/\/www.trotec-blog.com\/ro\/wp-json\/wp\/v2\/posts"}],"about":[{"href":"https:\/\/www.trotec-blog.com\/ro\/wp-json\/wp\/v2\/types\/post"}],"author":[{"embeddable":true,"href":"https:\/\/www.trotec-blog.com\/ro\/wp-json\/wp\/v2\/users\/66"}],"replies":[{"embeddable":true,"href":"https:\/\/www.trotec-blog.com\/ro\/wp-json\/wp\/v2\/comments?post=7642"}],"version-history":[{"count":6,"href":"https:\/\/www.trotec-blog.com\/ro\/wp-json\/wp\/v2\/posts\/7642\/revisions"}],"predecessor-version":[{"id":7685,"href":"https:\/\/www.trotec-blog.com\/ro\/wp-json\/wp\/v2\/posts\/7642\/revisions\/7685"}],"wp:featuredmedia":[{"embeddable":true,"href":"https:\/\/www.trotec-blog.com\/ro\/wp-json\/wp\/v2\/media\/7643"}],"wp:attachment":[{"href":"https:\/\/www.trotec-blog.com\/ro\/wp-json\/wp\/v2\/media?parent=7642"}],"wp:term":[{"taxonomy":"category","embeddable":true,"href":"https:\/\/www.trotec-blog.com\/ro\/wp-json\/wp\/v2\/categories?post=7642"},{"taxonomy":"post_tag","embeddable":true,"href":"https:\/\/www.trotec-blog.com\/ro\/wp-json\/wp\/v2\/tags?post=7642"}],"curies":[{"name":"wp","href":"https:\/\/api.w.org\/{rel}","templated":true}]}}