{"id":7590,"date":"2019-05-06T15:04:33","date_gmt":"2019-05-06T13:04:33","guid":{"rendered":"https:\/\/www.trotec-blog.com\/ro\/?p=7590"},"modified":"2019-05-06T15:05:26","modified_gmt":"2019-05-06T13:05:26","slug":"cunostinte-practice-despre-radiatoarele-cu-infrarosu-totul-despre-alegerea-si-amplasarea-surselor-de-caldura-cu-infrarosu","status":"publish","type":"post","link":"https:\/\/www.trotec-blog.com\/ro\/blog\/trotec\/cunostinte-practice-despre-radiatoarele-cu-infrarosu-totul-despre-alegerea-si-amplasarea-surselor-de-caldura-cu-infrarosu\/","title":{"rendered":"Cuno\u0219tin\u021be practice despre radiatoarele cu infraro\u0219u: Totul despre alegerea \u0219i amplasarea surselor de c\u0103ldur\u0103 cu infraro\u0219u"},"content":{"rendered":"<h2><a href=\"https:\/\/www.trotec-blog.com\/ro\/blog\/trotec\/cunostinte-practice-despre-radiatoarele-cu-infrarosu-totul-despre-alegerea-si-amplasarea-surselor-de-caldura-cu-infrarosu\/\"><img loading=\"lazy\" class=\"alignnone size-full wp-image-7606\" src=\"https:\/\/www.trotec-blog.com\/ro\/files\/2019\/05\/RO_tro_blog_Infrarotheizer_PW1von5_blogbild_1000x10001.jpg\" alt=\"\" width=\"1000\" height=\"1000\" srcset=\"https:\/\/www.trotec-blog.com\/ro\/files\/2019\/05\/RO_tro_blog_Infrarotheizer_PW1von5_blogbild_1000x10001.jpg 1000w, https:\/\/www.trotec-blog.com\/ro\/files\/2019\/05\/RO_tro_blog_Infrarotheizer_PW1von5_blogbild_1000x10001-200x200.jpg 200w, https:\/\/www.trotec-blog.com\/ro\/files\/2019\/05\/RO_tro_blog_Infrarotheizer_PW1von5_blogbild_1000x10001-300x300.jpg 300w, https:\/\/www.trotec-blog.com\/ro\/files\/2019\/05\/RO_tro_blog_Infrarotheizer_PW1von5_blogbild_1000x10001-768x768.jpg 768w, https:\/\/www.trotec-blog.com\/ro\/files\/2019\/05\/RO_tro_blog_Infrarotheizer_PW1von5_blogbild_1000x10001-60x60.jpg 60w\" sizes=\"(max-width: 1000px) 100vw, 1000px\" \/><\/a><\/h2>\n<h2>Radiatoarele cu infraro\u0219u sunt acum la mod\u0103, ele produc\u00e2nd c\u0103ldur\u0103 curat\u0103, sunt economice, necesit\u0103 o \u00eentre\u021binere mic\u0103 \u0219i &#8211; fiind de la Trotec &#8211; sunt deosebit de accesibile la pre\u021b. Pentru necesit\u0103\u021bi diferite, exist\u0103 \u0219i aparate diferite: dori\u021bi s\u0103 savura\u021bi c\u0103ldura afar\u0103 pe teras\u0103? Dori\u021bi s\u0103 tempera\u021bi la interior col\u021burile r\u0103coroase ale camerei de baie? Exist\u0103 solu\u021bii dac\u0103 lumina cu infrao\u0219u deranjeaz\u0103? R\u0103spunsuri la aceste \u00eentreb\u0103ri le ve\u021bi g\u0103si \u00een seria noastr\u0103 de cinci episoade \u201a<em>Cuno\u0219tin\u021be practice despre radiatoarele cu infraro\u0219u<\/em>\u2018.<\/h2>\n<p><!--more--><\/p>\n<p>Radia\u021bia cu infraro\u0219u \u00eenc\u0103lze\u0219te f\u0103r\u0103 pre\u00eenc\u0103lzire, f\u0103r\u0103 zgomot, f\u0103r\u0103 condens sau formare de praf. De aceea aceast\u0103 surs\u0103 este utilizabil\u0103 \u0219i de c\u0103tre cei ce sufer\u0103 de alergii. Pentru a sim\u021bi c\u0103ldura \u0219i \u00een zilele mai r\u0103coroase pe teras\u0103 sau pe balcon se pot achizi\u021biona radiatoare cu infraro\u0219u mai speciale. Este mediu este acoperit sau aparatele ce trebuie utilizate necesit\u0103 o protec\u021bie contra ploii? Trebuie ca radiatoarele s\u0103 func\u021bioneze \u00een domeniul gastronomic elevat sau pe anumite terase bine organizate?<\/p>\n<p><strong>Foarte important:<\/strong> Dac\u0103 exist\u0103 spa\u021bii de la bun \u00eenceput care sunt mai ferite de v\u00e2nt, acestea sunt \u00een oricecaz de utilizat, deoarece r\u0103cirea aerului prin v\u00e2nt elimin\u0103 efectul \u00eenc\u0103lzirii cu infraro\u0219u. Trebuie aici \u0219tiut faptul c\u0103 \u00eenc\u0103lzirea cu infraro\u0219u nu \u00eenc\u0103lze\u0219te direct aerul. Aici se \u00eenc\u0103lzesc obiectele din \u00eenc\u0103pere, obiecte care apoi radiaz\u0103 c\u0103ldura acaparat\u0103 \u00eenapoi spre \u00eenc\u0103pere. Deci pentru a avea c\u0103ldu\u021b trebuie s\u0103 v\u0103 g\u00e2ndi\u021bi cum \u0219i unde ve\u021bi amplasa radiatorul cu infraro\u0219u. Urm\u0103toarele sfaturi v\u0103 pot ajuta la o amplasare corect\u0103.<\/p>\n<p><a href=\"https:\/\/www.trotec-blog.com\/ro\/files\/2019\/05\/RO_Aufstellungstipps.jpg\"><img loading=\"lazy\" class=\"alignnone size-full wp-image-7600\" src=\"https:\/\/www.trotec-blog.com\/ro\/files\/2019\/05\/RO_Aufstellungstipps.jpg\" alt=\"\" width=\"1654\" height=\"2480\" srcset=\"https:\/\/www.trotec-blog.com\/ro\/files\/2019\/05\/RO_Aufstellungstipps.jpg 1654w, https:\/\/www.trotec-blog.com\/ro\/files\/2019\/05\/RO_Aufstellungstipps-200x300.jpg 200w, https:\/\/www.trotec-blog.com\/ro\/files\/2019\/05\/RO_Aufstellungstipps-768x1152.jpg 768w, https:\/\/www.trotec-blog.com\/ro\/files\/2019\/05\/RO_Aufstellungstipps-667x1000.jpg 667w\" sizes=\"(max-width: 1654px) 100vw, 1654px\" \/><\/a><\/p>\n<h3><strong>Dori\u021bi s\u0103 afla\u021bi mai multe despre solu\u021biile noastre de \u00eenc\u0103lzire cu infraro\u0219u?<\/strong><\/h3>\n<p>\u2022 <strong><a href=\"https:\/\/www.youtube.com\/watch?time_continue=1&amp;v=KC0lGmm54rc?rc=783e2f47dd\">Ap\u0103sa\u021bi aici pentru informa\u021bii video despre radiatoarele cu infraro\u0219u<\/a>.<\/strong> V\u0103 ar\u0103t\u0103m diferite tipuri de amplasare \u0219i v\u0103 oferim c\u00e2teva solu\u021bii\u00a0 pentru emiterea puterii dorite a luminii.<br \/>\n\u2022 Urm\u0103ri\u021bi mai departe seria noastr\u0103 de cinci episoade la aceast\u0103 tematic\u0103: \u00een articolele urm\u0103toare v\u0103 ar\u0103t\u0103m \u0219i alte surse de c\u0103ldur\u0103 cu infraro\u0219u dar f\u0103r\u0103 lumin\u0103.<\/p>\n<p>\u2022 Mai multe informa\u021bii despre radiatoarele nostre cu infraro\u0219u le g\u0103si\u021bi \u00een magazinul nostru\u00a0 <a href=\"https:\/\/www.trotec24.ro\/masini\/incalzire\/panouri-cu-infrarosu?rc=783e2f47dd\" class=\"broken_link\"><strong>Online-Trotec-Shop<\/strong>.<\/a> Acolo ve\u021bi g\u0103si individual aparatul potrivit pentru necesit\u0103\u021bile dumneavostr\u0103.<\/p>\n<h3><strong>Urm\u0103torul episod din \u201aCuno\u0219tin\u021be practice despre radiatoarele cu infraro\u0219u\u2018 \u2026<\/strong><\/h3>\n<p>1\/5 Totul despre alegerea \u0219i amplasarea surselor de c\u0103ldur\u0103 cu infraro\u0219u<br \/>\n<strong>2\/5 De ce radiatoarele \u201aLow Glare\u2018 produc o atmosfer\u0103 ca la lumina lum\u00e2n\u0103rilor<\/strong><br \/>\n<strong>3\/5 Solu\u021bii de design cu radiatoarele obscure IRD<\/strong><br \/>\n<strong>4\/5 Noul trend \u2013 Panouri de \u00eenc\u0103lzire \u00een loc de imagini<\/strong><br \/>\n<strong>5\/5 Radiatoarele cu infraro\u0219u de la Trotec \u00een compara\u021bie direct\u0103<\/strong><\/p>\n<div class=\"twoclick_social_bookmarks_post_40164 social_share_privacy clearfix 1.6.4 locale-de_DE sprite-de_DE\"><\/div>\n","protected":false},"excerpt":{"rendered":"<p>Radia\u021bia cu infraro\u0219u \u00eenc\u0103lze\u0219te f\u0103r\u0103 pre\u00eenc\u0103lzire, f\u0103r\u0103 zgomot, f\u0103r\u0103 condens sau formare de praf. De aceea aceast\u0103 surs\u0103 este utilizabil\u0103 \u0219i de c\u0103tre cei ce sufer\u0103 de alergii. Pentru a sim\u021bi c\u0103ldura \u0219i \u00een zilele mai r\u0103coroase pe teras\u0103 sau pe balcon se pot achizi\u021biona radiatoare cu infraro\u0219u mai speciale. Este mediu este acoperit sau aparatele ce trebuie utilizate necesit\u0103 o protec\u021bie contra ploii? Trebuie ca radiatoarele s\u0103 func\u021bioneze \u00een domeniul gastronomic elevat sau pe anumite terase bine organizate?<\/p>\n","protected":false},"author":66,"featured_media":7607,"comment_status":"open","ping_status":"open","sticky":false,"template":"","format":"standard","meta":[],"categories":[6,7,9,12,2,41],"tags":[1170,828,425,510,597,1171],"_links":{"self":[{"href":"https:\/\/www.trotec-blog.com\/ro\/wp-json\/wp\/v2\/posts\/7590"}],"collection":[{"href":"https:\/\/www.trotec-blog.com\/ro\/wp-json\/wp\/v2\/posts"}],"about":[{"href":"https:\/\/www.trotec-blog.com\/ro\/wp-json\/wp\/v2\/types\/post"}],"author":[{"embeddable":true,"href":"https:\/\/www.trotec-blog.com\/ro\/wp-json\/wp\/v2\/users\/66"}],"replies":[{"embeddable":true,"href":"https:\/\/www.trotec-blog.com\/ro\/wp-json\/wp\/v2\/comments?post=7590"}],"version-history":[{"count":10,"href":"https:\/\/www.trotec-blog.com\/ro\/wp-json\/wp\/v2\/posts\/7590\/revisions"}],"predecessor-version":[{"id":7609,"href":"https:\/\/www.trotec-blog.com\/ro\/wp-json\/wp\/v2\/posts\/7590\/revisions\/7609"}],"wp:featuredmedia":[{"embeddable":true,"href":"https:\/\/www.trotec-blog.com\/ro\/wp-json\/wp\/v2\/media\/7607"}],"wp:attachment":[{"href":"https:\/\/www.trotec-blog.com\/ro\/wp-json\/wp\/v2\/media?parent=7590"}],"wp:term":[{"taxonomy":"category","embeddable":true,"href":"https:\/\/www.trotec-blog.com\/ro\/wp-json\/wp\/v2\/categories?post=7590"},{"taxonomy":"post_tag","embeddable":true,"href":"https:\/\/www.trotec-blog.com\/ro\/wp-json\/wp\/v2\/tags?post=7590"}],"curies":[{"name":"wp","href":"https:\/\/api.w.org\/{rel}","templated":true}]}}