{"id":6169,"date":"2018-10-15T11:04:24","date_gmt":"2018-10-15T09:04:24","guid":{"rendered":"https:\/\/www.trotec-blog.com\/ro\/?p=6169"},"modified":"2018-10-15T14:03:55","modified_gmt":"2018-10-15T12:03:55","slug":"noutate-bq30-masoara-concentratia-de-particule-si-calitatea-aerului","status":"publish","type":"post","link":"https:\/\/www.trotec-blog.com\/ro\/blog\/trotec\/noutate-bq30-masoara-concentratia-de-particule-si-calitatea-aerului\/","title":{"rendered":"Noutate! BQ30 m\u0103soar\u0103 concentra\u021bia de particule \u0219i calitatea aerului"},"content":{"rendered":"<h2><a href=\"https:\/\/www.trotec24.ro\/instrumente-de-masura\/emisii\/masurator-de-particule-bq30.html?rc=783e2f47dd\" class=\"broken_link\"><img loading=\"lazy\" class=\"alignnone size-full wp-image-6217\" src=\"https:\/\/www.trotec-blog.com\/ro\/files\/2018\/10\/RO_tro_blog_bq30_blogbild_1000x1000.jpg\" alt=\"\" width=\"1000\" height=\"1000\" srcset=\"https:\/\/www.trotec-blog.com\/ro\/files\/2018\/10\/RO_tro_blog_bq30_blogbild_1000x1000.jpg 1000w, https:\/\/www.trotec-blog.com\/ro\/files\/2018\/10\/RO_tro_blog_bq30_blogbild_1000x1000-200x200.jpg 200w, https:\/\/www.trotec-blog.com\/ro\/files\/2018\/10\/RO_tro_blog_bq30_blogbild_1000x1000-300x300.jpg 300w, https:\/\/www.trotec-blog.com\/ro\/files\/2018\/10\/RO_tro_blog_bq30_blogbild_1000x1000-768x768.jpg 768w, https:\/\/www.trotec-blog.com\/ro\/files\/2018\/10\/RO_tro_blog_bq30_blogbild_1000x1000-60x60.jpg 60w\" sizes=\"(max-width: 1000px) 100vw, 1000px\" \/><\/a><\/h2>\n<h2><strong>Concentra\u021biile critice de praf \u0219i de CO2 din aer se pot determina \u00een acela\u0219i timp cu ajutorul <a href=\"https:\/\/www.trotec24.ro\/instrumente-de-masura\/emisii\/masurator-de-particule-bq30.html?rc=783e2f47dd\" class=\"broken_link\">detectorului de particule BQ30<\/a>. Aparatul de detec\u021bie \u00eenregistreaz\u0103 cele mai mici schimb\u0103ri \u00een calitatea aerului \u0219i confer\u0103 posibilitatea unui control pe mai lung\u0103 durat\u0103 a concentra\u021biei de particule din aer. Concentra\u021biile de particule se monitorizeaz\u0103 pe indicatorul \u00een culori cu aten\u021bionare acustic\u0103. \u00cen plus se mai m\u0103soar\u0103 aici \u0219i temperatura \u0219i umiditatea din aer.<\/strong><\/h2>\n<p><!--more--><\/p>\n<p><a href=\"https:\/\/www.trotec24.ro\/instrumente-de-masura\/emisii\/masurator-de-particule-bq30.html?rc=783e2f47dd\" class=\"broken_link\"><strong>Detectorul \u0219i m\u0103sur\u0103torul de particule BQ30<\/strong><\/a> este, datorit\u0103 capacit\u0103\u021bii sale foarte precise de m\u0103surare , a greut\u0103\u021bii sale reduse \u0219i a construc\u021biei deosebit de compacte, un \u00eenso\u021bitor de n\u0103dejde acolo undde este necesar\u0103 o dovad\u0103 a unui posibil pericol pentru s\u0103n\u0103tate prin concentra\u021bii critice de praf fin \u0219i de CO2. \u00cen plus aparatul determin\u0103 \u0219i cuantific\u0103 concentra\u021biile masive de praf fin \u0219i determin\u0103 prin tehnic\u0103 cu laser cele mai mici polu\u0103ri ale aerului de m\u0103rime PM2,5 \u0219i PM10 \u00een microgram pe metru cub.\u00a0 \u00cen acela\u0219i timp aparatul m\u0103soar\u0103 cu ajutorul sondelor din dotare parametri climaterici relevan\u021bi pentru s\u0103n\u0103tate precum concentra\u021bia de CO2 \u00een ppm, temperatura aerului \u00eentre -20 bis 70 \u00b0C precum \u0219i umiditatea aerului de la 0 p\u00e2n\u0103 la 100 % u.r.<\/p>\n<h3><strong>A\u0219a func\u021bioneaz\u0103<br \/>\n<\/strong><\/h3>\n<p>Din punct de vedere al concentra\u021biilor masive de particule se pot defini aici anumite grani\u021be care se pot accentua \u0219i semnaliza prin alarm\u0103 sonor\u0103. Un indicator \u00een culori \u00een 6 trepte cu c\u00e2te un nivel de alarm\u0103 v\u0103 sus\u021bine \u00een evaluarea corect\u0103 \u0219i rapid\u0103 a concentra\u021biei de particule.<\/p>\n<p>Cu ajutorul intervalelor de timp regulate, aparatul v\u0103 d\u0103 posibilitatea de a efectua un control de lung\u0103 durat\u0103 a polu\u0103rii cu particule.\u00a0 Se pot salva p\u00e2n\u0103 la 5.000 de \u0219iruri de date\u00a0 \u00een care concetra\u021bia PM c\u00e2t \u0219i data la care se efectueaz\u0103 m\u0103surarea s\u0103 fie arhivate \u0219i \u00eenregistrate. Toate acestea se pot vizualiza pe ecranul de 3 \u021boli \u00een culori al aparatului.<\/p>\n<p>Valorile de m\u0103surare a PM10 precum \u0219i a concentra\u021biei de CO2 vor fi indicate altern\u00e2nd pe ecranul \u00een culori.\u00a0 Un alt indicator \u00een culori \u00een\u00a0 trei trepte completeaz\u0103 dotarea \u00een special pentru cei doi parametri.<\/p>\n<h3><strong>Patru avantaje care pe mine m-au convins:<\/strong><\/h3>\n<p>\u2022 M\u0103surarea prafului fin cu un diametru maxim de PM2.5 \u0219i PM10<br \/>\n\u2022 Indicator de poluare CO2, temperatura \u0219i umiditatea aerului<br \/>\n\u2022 Memorie de salvare pentru ca. 5.000 \u0219iruri de date<br \/>\n\u2022 Indicator grafic Bargraph<\/p>\n<h3><strong>M\u0103sur\u0103tor de particule <a href=\"https:\/\/www.trotec24.ro\/instrumente-de-masura\/emisii\/masurator-de-particule-bq30.html?rc=783e2f47dd\" class=\"broken_link\">BQ30<\/a> \u2013 un m\u0103sur\u0103tor de calitate de la Trotec!<\/strong><\/h3>\n<p>Comanda\u021bi <a href=\"https:\/\/www.trotec24.ro\/instrumente-de-masura\/emisii\/masurator-de-particule-bq30.html?rc=783e2f47dd\" class=\"broken_link\">aparatul de m\u0103sur\u0103 \u0219i detector de particule BQ30<\/a> la cele mai atractive pre\u021buri de achizi\u021bionare acum \u00een magazinul nsotru online Trotec-Shop!<\/p>\n<p>Livrabil din s\u0103pt\u0103m\u00e2na 42<\/p>\n","protected":false},"excerpt":{"rendered":"<p>Detectorul \u0219i m\u0103sur\u0103torul de particule BQ30 este, datorit\u0103 capacit\u0103\u021bii sale foarte precise de m\u0103surare , a greut\u0103\u021bii sale reduse \u0219i a construc\u021biei deosebit de compacte, un \u00eenso\u021bitor de n\u0103dejde acolo undde este necesar\u0103 o dovad\u0103 a unui posibil pericol pentru s\u0103n\u0103tate prin concentra\u021bii critice de praf fin \u0219i de CO2. \u00cen plus aparatul determin\u0103 \u0219i cuantific\u0103 concentra\u021biile masive de praf fin \u0219i determin\u0103 prin tehnic\u0103 cu laser cele mai mici polu\u0103ri ale aerului de m\u0103rime PM2,5 \u0219i PM10 \u00een microgram pe metru cub.  \u00cen acela\u0219i timp aparatul m\u0103soar\u0103 cu ajutorul sondelor din dotare parametri climaterici relevan\u021bi pentru s\u0103n\u0103tate precum concentra\u021bia de CO2 \u00een ppm, temperatura aerului \u00eentre -20 bis 70 \u00b0C precum \u0219i umiditatea aerului de la 0 p\u00e2n\u0103 la 100 % u.r.<\/p>\n","protected":false},"author":66,"featured_media":6218,"comment_status":"open","ping_status":"open","sticky":false,"template":"","format":"standard","meta":[],"categories":[6,9,2],"tags":[809,808,806,807,354,805,804],"_links":{"self":[{"href":"https:\/\/www.trotec-blog.com\/ro\/wp-json\/wp\/v2\/posts\/6169"}],"collection":[{"href":"https:\/\/www.trotec-blog.com\/ro\/wp-json\/wp\/v2\/posts"}],"about":[{"href":"https:\/\/www.trotec-blog.com\/ro\/wp-json\/wp\/v2\/types\/post"}],"author":[{"embeddable":true,"href":"https:\/\/www.trotec-blog.com\/ro\/wp-json\/wp\/v2\/users\/66"}],"replies":[{"embeddable":true,"href":"https:\/\/www.trotec-blog.com\/ro\/wp-json\/wp\/v2\/comments?post=6169"}],"version-history":[{"count":4,"href":"https:\/\/www.trotec-blog.com\/ro\/wp-json\/wp\/v2\/posts\/6169\/revisions"}],"predecessor-version":[{"id":6232,"href":"https:\/\/www.trotec-blog.com\/ro\/wp-json\/wp\/v2\/posts\/6169\/revisions\/6232"}],"wp:featuredmedia":[{"embeddable":true,"href":"https:\/\/www.trotec-blog.com\/ro\/wp-json\/wp\/v2\/media\/6218"}],"wp:attachment":[{"href":"https:\/\/www.trotec-blog.com\/ro\/wp-json\/wp\/v2\/media?parent=6169"}],"wp:term":[{"taxonomy":"category","embeddable":true,"href":"https:\/\/www.trotec-blog.com\/ro\/wp-json\/wp\/v2\/categories?post=6169"},{"taxonomy":"post_tag","embeddable":true,"href":"https:\/\/www.trotec-blog.com\/ro\/wp-json\/wp\/v2\/tags?post=6169"}],"curies":[{"name":"wp","href":"https:\/\/api.w.org\/{rel}","templated":true}]}}