{"id":6043,"date":"2018-09-20T13:34:25","date_gmt":"2018-09-20T11:34:25","guid":{"rendered":"https:\/\/www.trotec-blog.com\/ro\/?p=6043"},"modified":"2018-09-20T13:34:25","modified_gmt":"2018-09-20T11:34:25","slug":"noutate-ventilatorul-de-masa-tve-14","status":"publish","type":"post","link":"https:\/\/www.trotec-blog.com\/ro\/blog\/trotec\/noutate-ventilatorul-de-masa-tve-14\/","title":{"rendered":"Noutate! Ventilatorul de mas\u0103 TVE 14"},"content":{"rendered":"<h2><a href=\"https:\/\/www.trotec24.ro\/masini\/ventilatie\/ventilatoare-seria-tve\/ventilator-de-masa-tve-14.html?rc=783e2f47dd\" class=\"broken_link\"><img loading=\"lazy\" class=\"alignnone size-full wp-image-6084\" src=\"https:\/\/www.trotec-blog.com\/ro\/files\/2018\/09\/RO_tro_blog_tve_14_blogbild_1000x1000.jpg\" alt=\"\" width=\"1000\" height=\"1000\" srcset=\"https:\/\/www.trotec-blog.com\/ro\/files\/2018\/09\/RO_tro_blog_tve_14_blogbild_1000x1000.jpg 1000w, https:\/\/www.trotec-blog.com\/ro\/files\/2018\/09\/RO_tro_blog_tve_14_blogbild_1000x1000-200x200.jpg 200w, https:\/\/www.trotec-blog.com\/ro\/files\/2018\/09\/RO_tro_blog_tve_14_blogbild_1000x1000-300x300.jpg 300w, https:\/\/www.trotec-blog.com\/ro\/files\/2018\/09\/RO_tro_blog_tve_14_blogbild_1000x1000-768x768.jpg 768w, https:\/\/www.trotec-blog.com\/ro\/files\/2018\/09\/RO_tro_blog_tve_14_blogbild_1000x1000-60x60.jpg 60w\" sizes=\"(max-width: 1000px) 100vw, 1000px\" \/><\/a><\/h2>\n<h2>Soarele este martor: contra caniculei din birouri \u0219i din locuin\u021b\u0103 <a href=\"https:\/\/www.trotec24.ro\/masini\/ventilatie\/ventilatoare-seria-tve\/ventilator-de-masa-tve-14.html?rc=783e2f47dd\" class=\"broken_link\">ventilatorul de mas\u0103 TVE 14<\/a> face minuni.\u00a0 Acest fapt este bun pentru to\u021bi cei ce au comandat din timp, ceilal\u021bi pot \u00eens\u0103 recupera \u0219i proba calitatea acestui ventilator foarte accesibil la pre\u021b.<\/h2>\n<p><!--more--><\/p>\n<p>Cu ventilatorul de mas\u0103 <a href=\"https:\/\/www.trotec24.ro\/masini\/ventilatie\/ventilatoare-seria-tve\/ventilator-de-masa-tve-14.html?rc=783e2f47dd\" class=\"broken_link\"><strong>TVE 14<\/strong><\/a> aduce\u021bi r\u0103coarea \u0219i aerisirea \u00een cas\u0103 sau la birou. Datorit\u0103 m\u00e2nerului integrat se poate face schimbul de loca\u021bie deosebit de rapid \u0219i confortabil. Optic, ventilatorul puncteaz\u0103 prin culoarea sa alb\u0103 \u0219i un design clar. Din punct de vedere al dotarii, ventilatorul e\u021bine o putere de 50 Watt \u0219i un diametru al palelor de 40 de centimetri.<\/p>\n<h3><strong>A\u0219a func\u021bioneaz\u0103<br \/>\n<\/strong><\/h3>\n<p><strong>TVE 14<\/strong> poate ventila la punct prin posibilitatea de rabatare a capului ventilator cu p\u00e2n\u0103 la 60\u00b0. Pentru m\u0103rirea suprafe\u021bei de v\u00e2nturare se pot cupla op\u021bional oscila\u021biile de\u00a0 90\u00b0 cu care se poate m\u0103ri eficien\u021ba.\u00a0 Ventilatorul mai de\u021bine \u0219i trei trepte de ventilare, \u00eencep\u00e2nde de la o briz\u0103 u\u0219oar\u0103 p\u00e2n\u0103 la v\u00e2nt puternic.<\/p>\n<p>Ventilatorul se poate utiliza cu succes \u0219i \u00een camerele de dormit datorit\u0103 calibr\u0103rii de calitate a palelor de ventilare prin care func\u021bionarea aparatului este deosebit de silen\u021bioas\u0103. \u00cen punctul siguran\u021bei aparatul de\u021bine un picior stabil iar palele ventilatorului sunt protejate at\u00e2t pe front c\u00e2t \u0219i pe spate cu un co\u0219 din s\u00e2rm\u0103 metalic\u0103 u\u0219or de demontat \u0219i cur\u0103\u021bat. Protec\u021bia la supra\u00eenc\u0103lzire face posibil\u0103 decuplarea aparatului automat\u0103 astfel \u00eenc\u00e2t s\u0103 nu existe probleme de func\u021bionare.<\/p>\n<h3><strong>Patru avanavantaje care pe mine m-au convins:<\/strong><\/h3>\n<p>\u2022 Putere de 50 wa\u021bi<br \/>\n\u2022 Costuri mici de \u00eentre\u021binere \u0219i achizi\u021bionare<br \/>\n\u2022 3 trepte de vitez\u0103<br \/>\n\u2022 Func\u021biune automat\u0103 de oscila\u021bii de 90\u00b0, cu decuplare<\/p>\n<h3><strong>Ventilatorul de mas\u0103 TVE 14\u00a0\u2013 calitate controlat\u0103!<\/strong><\/h3>\n<p>Comanda\u021bi<a href=\"https:\/\/www.trotec24.ro\/masini\/ventilatie\/ventilatoare-seria-tve\/ventilator-de-masa-tve-14.html?rc=783e2f47dd\" class=\"broken_link\"> ventilatorul de mas\u0103 <strong>TVE 14<\/strong><\/a> la cele mai atractive pre\u021buri \u00een magazinul nostru online &#8211; acum \u00eem Trotec-Shop!<\/p>\n","protected":false},"excerpt":{"rendered":"<p>Soarele este martor: contra caniculei din birouri \u0219i din locuin\u021b\u0103 ventilatorul de mas\u0103 TVE 14 face minuni.\u00a0 Acest fapt este bun pentru to\u021bi cei ce au comandat din timp, ceilal\u021bi pot \u00eens\u0103 recupera \u0219i proba calitatea acestui ventilator foarte accesibil la pre\u021b.<\/p>\n","protected":false},"author":66,"featured_media":6085,"comment_status":"open","ping_status":"open","sticky":false,"template":"","format":"standard","meta":[],"categories":[6,9,12,2],"tags":[57,745,744,55,89,742],"_links":{"self":[{"href":"https:\/\/www.trotec-blog.com\/ro\/wp-json\/wp\/v2\/posts\/6043"}],"collection":[{"href":"https:\/\/www.trotec-blog.com\/ro\/wp-json\/wp\/v2\/posts"}],"about":[{"href":"https:\/\/www.trotec-blog.com\/ro\/wp-json\/wp\/v2\/types\/post"}],"author":[{"embeddable":true,"href":"https:\/\/www.trotec-blog.com\/ro\/wp-json\/wp\/v2\/users\/66"}],"replies":[{"embeddable":true,"href":"https:\/\/www.trotec-blog.com\/ro\/wp-json\/wp\/v2\/comments?post=6043"}],"version-history":[{"count":3,"href":"https:\/\/www.trotec-blog.com\/ro\/wp-json\/wp\/v2\/posts\/6043\/revisions"}],"predecessor-version":[{"id":6087,"href":"https:\/\/www.trotec-blog.com\/ro\/wp-json\/wp\/v2\/posts\/6043\/revisions\/6087"}],"wp:featuredmedia":[{"embeddable":true,"href":"https:\/\/www.trotec-blog.com\/ro\/wp-json\/wp\/v2\/media\/6085"}],"wp:attachment":[{"href":"https:\/\/www.trotec-blog.com\/ro\/wp-json\/wp\/v2\/media?parent=6043"}],"wp:term":[{"taxonomy":"category","embeddable":true,"href":"https:\/\/www.trotec-blog.com\/ro\/wp-json\/wp\/v2\/categories?post=6043"},{"taxonomy":"post_tag","embeddable":true,"href":"https:\/\/www.trotec-blog.com\/ro\/wp-json\/wp\/v2\/tags?post=6043"}],"curies":[{"name":"wp","href":"https:\/\/api.w.org\/{rel}","templated":true}]}}