{"id":6039,"date":"2018-09-19T12:04:41","date_gmt":"2018-09-19T10:04:41","guid":{"rendered":"https:\/\/www.trotec-blog.com\/ro\/?p=6039"},"modified":"2018-09-19T12:04:41","modified_gmt":"2018-09-19T10:04:41","slug":"ventilatorul-cu-picior-tve-16","status":"publish","type":"post","link":"https:\/\/www.trotec-blog.com\/ro\/blog\/trotec\/ventilatorul-cu-picior-tve-16\/","title":{"rendered":"Ventilatorul cu picior TVE 16"},"content":{"rendered":"<h2><a href=\"https:\/\/www.trotec24.ro\/masini\/ventilatie\/ventilatoare-seria-tve\/ventilator-cu-picior-tve-16.html?rc=783e2f47dd\" class=\"broken_link\"><img loading=\"lazy\" class=\"alignnone size-full wp-image-6078\" src=\"https:\/\/www.trotec-blog.com\/ro\/files\/2018\/09\/tro_blog_TVE16_blogbild_1000x1000.jpg\" alt=\"\" width=\"1000\" height=\"1000\" srcset=\"https:\/\/www.trotec-blog.com\/ro\/files\/2018\/09\/tro_blog_TVE16_blogbild_1000x1000.jpg 1000w, https:\/\/www.trotec-blog.com\/ro\/files\/2018\/09\/tro_blog_TVE16_blogbild_1000x1000-200x200.jpg 200w, https:\/\/www.trotec-blog.com\/ro\/files\/2018\/09\/tro_blog_TVE16_blogbild_1000x1000-300x300.jpg 300w, https:\/\/www.trotec-blog.com\/ro\/files\/2018\/09\/tro_blog_TVE16_blogbild_1000x1000-768x768.jpg 768w, https:\/\/www.trotec-blog.com\/ro\/files\/2018\/09\/tro_blog_TVE16_blogbild_1000x1000-60x60.jpg 60w\" sizes=\"(max-width: 1000px) 100vw, 1000px\" \/><\/a><\/h2>\n<h2>Livrarea ventilatorului nostru cu picior TVE16 este posibil\u0103. El a ap\u0103rut din nou \u00een depozitele noastre \u0219i multe au p\u0103r\u0103sit deja locul spre clien\u021bii no\u0219tri. Afla\u021bi mai multe despre <a href=\"https:\/\/www.trotec24.ro\/masini\/ventilatie\/ventilatoare-seria-tve\/ventilator-cu-picior-tve-16.html?rc=783e2f47dd\" class=\"broken_link\">ventilatorul cu picior TVE 16<\/a> \u00een cele ce urmeaz\u0103&#8230;<\/h2>\n<p><!--more--><\/p>\n<p>Cu puterea sa de\u00a0 50 Watt \u00eempinge cu u\u0219urin\u021b\u0103 aerul fierbintre din \u00eenc\u0103pere. Foarte practic este faptul c\u0103 el are un picior stabil \u0219i deci nu necesit\u0103 un loc aparte pe masa de birou.<\/p>\n<p><a href=\"https:\/\/www.trotec24.ro\/masini\/ventilatie\/ventilatoare-seria-tve\/ventilator-cu-picior-tve-16.html?rc=783e2f47dd\" class=\"broken_link\">\u00a0<strong>TVE 16<\/strong><\/a> convinge prin cele trei trepte de vitez\u0103 \u0219i datorit\u0103 func\u021bion\u0103rii sale deosebit de silen\u021bioase. Datorit\u0103 palelor sale bine calibrate \u00een combina\u021bie cu piciorul stabil \u0219i robust sub form\u0103 de stea, ventilatoruil func\u021bioneaz\u0103 deosebit de lin ceea ce \u00eei confer\u0103 posibilitatea de a fi utilizat \u0219i pe timpul nop\u021bii \u00een camerele de dormit. Consumul ventilatorului <strong>TVE 16<\/strong> este deosebit de mic \u0219i pe l\u00e2ng\u0103 aparatele conven\u021bionale de aclimatizare el este deosebit de accesibil la pre\u021b. \u00cen\u0103l\u021bimea se poate seta variabil \u00eentre 110 \u0219i 129 cm, ceea ce face din el un partener flexibil, at\u00e2t acas\u0103 c\u00e2t \u0219i la birou. Oscila\u021biile automate de 90\u00b0 \u0219i unghiul rabatabil de 30\u00b0 al capului ventilator \u00eentregesc multitudinea de dot\u0103ri ale ventilatorului.<\/p>\n<h3><strong>Ventilatorul cu picior TVE 16 \u2013 pentru acas\u0103 \u0219i pentru birou<\/strong><\/h3>\n<p>Cu\u00a0 <strong>TVE 16<\/strong> ave\u021bi pentru orice cre\u0219tere de temperatur\u0103 solu\u021bia ideal\u0103. Comanda\u021bi \u00een magazinul nostru online la cele mai accesibile pre\u021buri<a href=\"https:\/\/www.trotec24.ro\/masini\/ventilatie\/ventilatoare-seria-tve\/ventilator-cu-picior-tve-16.html?rc=783e2f47dd\" class=\"broken_link\"> ventilatorul cu picior TVE 16<\/a> &#8211; acum \u00een Trotec-Shop!<\/p>\n","protected":false},"excerpt":{"rendered":"<p>TVE 16 convinge prin cele trei trepte de vitez\u0103 \u0219i datorit\u0103 func\u021bion\u0103rii sale deosebit de silen\u021bioase. Datorit\u0103 palelor sale bine calibrate \u00een combina\u021bie cu piciorul stabil \u0219i robust sub form\u0103 de stea, ventilatoruil func\u021bioneaz\u0103 deosebit de lin ceea ce \u00eei confer\u0103 posibilitatea de a fi utilizat \u0219i pe timpul nop\u021bii \u00een camerele de dormit. Consumul ventilatorului TVE 16 este deosebit de mic \u0219i pe l\u00e2ng\u0103 aparatele conven\u021bionale de aclimatizare el este deosebit de accesibil la pre\u021b. \u00cen\u0103l\u021bimea se poate seta variabil \u00eentre 110 \u0219i 129 cm, ceea ce face din el un partener flexibil, at\u00e2t acas\u0103 c\u00e2t \u0219i la birou. Oscila\u021biile automate de 90\u00b0 \u0219i unghiul rabatabil de 30\u00b0 al capului ventilator \u00eentregesc multitudinea de dot\u0103ri ale ventilatorului.<\/p>\n","protected":false},"author":66,"featured_media":6077,"comment_status":"open","ping_status":"open","sticky":false,"template":"","format":"standard","meta":[],"categories":[6,9,12,2],"tags":[57,774,773,55,39,742],"_links":{"self":[{"href":"https:\/\/www.trotec-blog.com\/ro\/wp-json\/wp\/v2\/posts\/6039"}],"collection":[{"href":"https:\/\/www.trotec-blog.com\/ro\/wp-json\/wp\/v2\/posts"}],"about":[{"href":"https:\/\/www.trotec-blog.com\/ro\/wp-json\/wp\/v2\/types\/post"}],"author":[{"embeddable":true,"href":"https:\/\/www.trotec-blog.com\/ro\/wp-json\/wp\/v2\/users\/66"}],"replies":[{"embeddable":true,"href":"https:\/\/www.trotec-blog.com\/ro\/wp-json\/wp\/v2\/comments?post=6039"}],"version-history":[{"count":3,"href":"https:\/\/www.trotec-blog.com\/ro\/wp-json\/wp\/v2\/posts\/6039\/revisions"}],"predecessor-version":[{"id":6080,"href":"https:\/\/www.trotec-blog.com\/ro\/wp-json\/wp\/v2\/posts\/6039\/revisions\/6080"}],"wp:featuredmedia":[{"embeddable":true,"href":"https:\/\/www.trotec-blog.com\/ro\/wp-json\/wp\/v2\/media\/6077"}],"wp:attachment":[{"href":"https:\/\/www.trotec-blog.com\/ro\/wp-json\/wp\/v2\/media?parent=6039"}],"wp:term":[{"taxonomy":"category","embeddable":true,"href":"https:\/\/www.trotec-blog.com\/ro\/wp-json\/wp\/v2\/categories?post=6039"},{"taxonomy":"post_tag","embeddable":true,"href":"https:\/\/www.trotec-blog.com\/ro\/wp-json\/wp\/v2\/tags?post=6039"}],"curies":[{"name":"wp","href":"https:\/\/api.w.org\/{rel}","templated":true}]}}