{"id":6001,"date":"2018-06-28T12:28:35","date_gmt":"2018-06-28T10:28:35","guid":{"rendered":"https:\/\/www.trotec-blog.com\/ro\/?p=6001"},"modified":"2018-06-28T12:28:35","modified_gmt":"2018-06-28T10:28:35","slug":"ventilatorul-cu-picior-tve-26-s-de-mare-clasa","status":"publish","type":"post","link":"https:\/\/www.trotec-blog.com\/ro\/blog\/trotec\/ventilatorul-cu-picior-tve-26-s-de-mare-clasa\/","title":{"rendered":"Ventilatorul cu picior TVE 26 S de mare clas\u0103"},"content":{"rendered":"<h2><a href=\"https:\/\/www.trotec24.ro\/masini\/ventilatie\/ventilatoare-seria-tve\/ventilator-cu-picior-tve-26-s.html?rc=783e2f47dd\" class=\"broken_link\"><img loading=\"lazy\" class=\"alignnone wp-image-6004 size-full\" src=\"https:\/\/www.trotec-blog.com\/ro\/files\/2018\/06\/tro_blog_TVE26S_blogbild.jpg\" alt=\"\" width=\"1000\" height=\"1000\" srcset=\"https:\/\/www.trotec-blog.com\/ro\/files\/2018\/06\/tro_blog_TVE26S_blogbild.jpg 1000w, https:\/\/www.trotec-blog.com\/ro\/files\/2018\/06\/tro_blog_TVE26S_blogbild-200x200.jpg 200w, https:\/\/www.trotec-blog.com\/ro\/files\/2018\/06\/tro_blog_TVE26S_blogbild-300x300.jpg 300w, https:\/\/www.trotec-blog.com\/ro\/files\/2018\/06\/tro_blog_TVE26S_blogbild-768x768.jpg 768w, https:\/\/www.trotec-blog.com\/ro\/files\/2018\/06\/tro_blog_TVE26S_blogbild-60x60.jpg 60w\" sizes=\"(max-width: 1000px) 100vw, 1000px\" \/><\/a><\/h2>\n<h2><strong>Canicula poate s\u0103 revin\u0103, noi suntem preg\u0103ti\u021bi pentru ea! <a href=\"https:\/\/www.trotec24.ro\/masini\/ventilatie\/ventilatoare-seria-tve\/ventilator-cu-picior-tve-26-s.html?rc=783e2f47dd\" class=\"broken_link\">Ventilatorul de extra clas\u0103 TVE 26 S<\/a> ofer\u0103 26 trepte de ventilare \u00een cinci moduri diferite de func\u021bionare. \u00cen modul confort, ventilatorul m\u0103soar\u0103 temperatura mediului \u0219i porne\u0219te automat c\u00e2nd temperatura atinge valori peste 20 de grade. Optic, ventilatorul armonizeaz\u0103 elegant \u00een orice mediu de locuit sau birou<\/strong>.<\/h2>\n<p><!--more--><\/p>\n<p><strong>Ca un ventilator de mare clas\u0103<\/strong> , <strong>TVE 26 S<\/strong> are c\u00e2teva lucrui s\u0103 ne arate: <strong>func\u021biunea de temporizare,<\/strong> cu ajutorul c\u0103reia pute\u021bi p\u0103stra r\u0103coroas\u0103 atmosfera \u00eentre cei patru pere\u021bi \u00eenainte de aveni acas\u0103 de la servici sau de a pleca la birou. <strong>Deasemenea inclusiv: oscila\u021biile automate de 85\u00b0 cu decuplare<\/strong> \u0219i <strong>unghiul rabatabil<\/strong> al capului ventilator cu p\u00e2n\u0103 la <strong>20\u00b0.<\/strong> Ventilatorul se poate regla \u00een \u00een\u0103l\u021bime de la <strong>120 p\u00e2n\u0103 la 137 cm. <\/strong><\/p>\n<p>Aparatul de\u0219i de\u021bine un num\u0103r mare de func\u021biuni are un consum minim de numai 35 de wa\u021bi ceea ce face ca acest ventilator s\u0103 consume deosebit de pu\u021bina energie electric\u0103 \u0219i se poate utiliza permanent.<\/p>\n<h3><strong>A\u0219a func\u021bioneaz\u0103<\/strong><\/h3>\n<p><a href=\"https:\/\/www.trotec24.ro\/masini\/ventilatie\/ventilatoare-seria-tve\/ventilator-cu-picior-tve-26-s.html?rc=783e2f47dd\" class=\"broken_link\"><strong>Ventilatorul cu picior TVE 26 S<\/strong> <\/a>ofer\u0103 prin cele cinci moduri de func\u021bionare o \u00eemprosp\u0103tare dup\u0103 necesit\u0103\u021bile dumneavoastr\u0103. In modul normal de func\u021bionare ventilatorul merge constant la treapta de vitez\u0103 aleas\u0103, treapt\u0103 care se poate seta de la<strong> 1 la 26,\u00a0<\/strong> de la un v\u00e2nt frontal puternic cu care s\u0103 r\u0103cori\u021bi rapid p\u00e2n\u0103 la o briz\u0103 u\u0219oar\u0103. Dac\u0103 alege\u021bi modul <strong>Confort:<\/strong> aparatul m\u0103soar\u0103 automat temperatura din mediu. Dac\u0103 aceasta este sub 20 \u00b0C, atunci ventilatorul se seteaz\u0103 pe modul standby iar oscila\u021biile vor fi decuplate. <strong>La o temperatur\u0103 a mediului de peste 20 \u00b0C ventilatorul se cupleaz\u0103 automat. <\/strong><\/p>\n<p>\u00cen modul <strong>\u201ev\u00e2nt natural\u201c<\/strong> viteza ventilatorului cre\u0219te \u0219i scade altern\u00e2nd ceea ce face ca cu rentul de aer s\u0103 fie pl\u0103cut pe piele. \u00cen <strong>modul de noaptea\u00a0<\/strong> curentul de aer se men\u021bine mai slab \u0219i treptele de ventila\u021bie se reduc treptat dup\u0103 un timp. Pentru utilizarea ventilatorului \u00een loca\u021bii sensibile la sonor, ventilatorul <strong>TVE 26 S<\/strong> mai de\u021bine un <strong>mod silen\u021bios.<\/strong><\/p>\n<p><strong>TVE 26 S<\/strong> se poate comanda \u0219i cu ajutorul telecomenzii cu infraro\u0219u. Datorit\u0103 greut\u0103\u021bii sale compacte \u0219i a m\u00e2nerului practic, ventilatorul design este deosebit de flexibil iar datorit\u0103 piciorului stabil, vantilatorul r\u0103m\u00e2ne mereu pe pozi\u021bie deosebit de sigur.<\/p>\n<h3><strong>Patru avantaje practice care pe mine m-au convins:<\/strong><\/h3>\n<ul>\n<li><strong>Putere de 35 wa\u021bi<\/strong><\/li>\n<li><strong>Costuri mici de \u00eentre\u021binere<\/strong><\/li>\n<li><strong>26 trepte de vitez\u0103<br \/>\n<\/strong><\/li>\n<li><strong>5 Moduri de func\u021bionare:<\/strong> normal, v\u00e2nt natural, de noapte, confort \u0219i silent<\/li>\n<\/ul>\n<h3><strong><em>Ventilator cu picior design TVE 26 S \u2013 calitate de marc\u0103 de la Trotec!<\/em><\/strong><\/h3>\n<p><a href=\"https:\/\/www.trotec24.ro\/masini\/ventilatie\/ventilatoare-seria-tve\/ventilator-cu-picior-tve-26-s.html?rc=783e2f47dd\" class=\"broken_link\"><strong>Comanda\u021bi din s\u0103pt\u0103m\u00e2na 27 ventilatorul cu picior design TVE 26 S la cele mai accesibile pre\u021buri \u00een magazinul nostru online &#8211; acum \u00een <\/strong><\/a><strong>Trotec-Shop!<\/strong><\/p>\n","protected":false},"excerpt":{"rendered":"<p>Ca un ventilator de mare clas\u0103 , TVE 26 S are c\u00e2teva lucrui s\u0103 ne arate: func\u021biunea de temporizare, cu ajutorul c\u0103reia pute\u021bi p\u0103stra r\u0103coroas\u0103 atmosfera \u00eentre cei patru pere\u021bi \u00eenainte de aveni acas\u0103 de la servici sau de a pleca la birou. Deasemenea inclusiv: oscila\u021biile automate de 85\u00b0 cu decuplare \u0219i unghiul rabatabil al capului ventilator cu p\u00e2n\u0103 la 20\u00b0. Ventilatorul se poate regla \u00een \u00een\u0103l\u021bime de la 120 p\u00e2n\u0103 la 137 cm. <\/p>\n","protected":false},"author":66,"featured_media":6005,"comment_status":"open","ping_status":"open","sticky":false,"template":"","format":"standard","meta":[],"categories":[6,9,12,2],"tags":[56,37,171,763,762,88],"_links":{"self":[{"href":"https:\/\/www.trotec-blog.com\/ro\/wp-json\/wp\/v2\/posts\/6001"}],"collection":[{"href":"https:\/\/www.trotec-blog.com\/ro\/wp-json\/wp\/v2\/posts"}],"about":[{"href":"https:\/\/www.trotec-blog.com\/ro\/wp-json\/wp\/v2\/types\/post"}],"author":[{"embeddable":true,"href":"https:\/\/www.trotec-blog.com\/ro\/wp-json\/wp\/v2\/users\/66"}],"replies":[{"embeddable":true,"href":"https:\/\/www.trotec-blog.com\/ro\/wp-json\/wp\/v2\/comments?post=6001"}],"version-history":[{"count":4,"href":"https:\/\/www.trotec-blog.com\/ro\/wp-json\/wp\/v2\/posts\/6001\/revisions"}],"predecessor-version":[{"id":6008,"href":"https:\/\/www.trotec-blog.com\/ro\/wp-json\/wp\/v2\/posts\/6001\/revisions\/6008"}],"wp:featuredmedia":[{"embeddable":true,"href":"https:\/\/www.trotec-blog.com\/ro\/wp-json\/wp\/v2\/media\/6005"}],"wp:attachment":[{"href":"https:\/\/www.trotec-blog.com\/ro\/wp-json\/wp\/v2\/media?parent=6001"}],"wp:term":[{"taxonomy":"category","embeddable":true,"href":"https:\/\/www.trotec-blog.com\/ro\/wp-json\/wp\/v2\/categories?post=6001"},{"taxonomy":"post_tag","embeddable":true,"href":"https:\/\/www.trotec-blog.com\/ro\/wp-json\/wp\/v2\/tags?post=6001"}],"curies":[{"name":"wp","href":"https:\/\/api.w.org\/{rel}","templated":true}]}}