{"id":5913,"date":"2018-05-30T12:17:04","date_gmt":"2018-05-30T10:17:04","guid":{"rendered":"https:\/\/www.trotec-blog.com\/ro\/?p=5913"},"modified":"2022-04-11T09:31:41","modified_gmt":"2022-04-11T07:31:41","slug":"primele-zile-caniculare-ale-anului-peste-30-de-grade","status":"publish","type":"post","link":"https:\/\/www.trotec-blog.com\/ro\/blog\/trotec\/primele-zile-caniculare-ale-anului-peste-30-de-grade\/","title":{"rendered":"Primele zile caniculare ale anului &#8211; Peste 30 de grade!"},"content":{"rendered":"<h2><a href=\"https:\/\/www.trotec-blog.com\/ro\/files\/2018\/05\/tro_blog_hitzewelle_banner.jpg\"><img loading=\"lazy\" class=\"alignnone wp-image-5914 size-full\" src=\"https:\/\/www.trotec-blog.com\/ro\/files\/2018\/05\/tro_blog_hitzewelle_banner.jpg\" alt=\"\" width=\"700\" height=\"300\" srcset=\"https:\/\/www.trotec-blog.com\/ro\/files\/2018\/05\/tro_blog_hitzewelle_banner.jpg 700w, https:\/\/www.trotec-blog.com\/ro\/files\/2018\/05\/tro_blog_hitzewelle_banner-300x129.jpg 300w, https:\/\/www.trotec-blog.com\/ro\/files\/2018\/05\/tro_blog_hitzewelle_banner-200x86.jpg 200w\" sizes=\"(max-width: 700px) 100vw, 700px\" \/><\/a><\/h2>\n<h2>Prima perioad\u0103 canicular\u0103 a anului vine cu mult\u0103 fierbin\u021beal\u0103! exper\u021bii anun\u021b\u0103 cel mai fierbinte mai din ultimii ani care trec ades peste 30 de grade. \u00cen lunile iulie p\u00e2n\u0103 \u00een august ne a\u0219tept\u0103m la valori de peste 35 de grade!<\/h2>\n<p><!--more--><\/p>\n<p>Pentru aceast\u0103 perioad\u0103 a anului sunt prognosticate valori record \u0219i asta o spun mai multe institute de metereologie independente.\u00a0 Yilele complet f\u0103r\u0103 nori \u00eens\u0103 vor lipsi. Acest fenomen se va \u00eent\u00e2lni mai degrab\u0103 diminea\u021ba. Dupa mas\u0103 se \u00eenoureaz\u0103 ades \u0219i r\u0103m\u00e2ne deosebit de fierbinte. \u0219i ades vor c\u0103dea averse cu desc\u0103rec\u0103ri electrice.Reac\u021biona\u021bi din timp<\/p>\n<h3>Reac\u021biona\u021bi din timp sau ve\u021bi suferi de c\u0103ldur\u0103!<\/h3>\n<p>Meteorologii \u0219i-au f\u0103cut meseria. Acum r\u0103m\u00e2ne s\u0103 hot\u0103r\u00e2\u021bi dumneavoastr\u0103 cum vre\u021bi s\u0103 \u00eent\u00e2mpina\u00e2i acest pericol. Trebuie \u00eens\u0103 s\u0103 \u0219ti\u021bi c\u0103 Trotec de\u021bine \u00eent\u00e2ietate \u00een ce prive\u0219te producerea aparatelor de climatizare. Deci pute\u021bi s\u0103 c\u0103uta\u021bi solu\u021bia apel\u00e2nd la produsele noastre de climatizare care sunt pe toate gusturile \u0219i buzunarele. V\u0103 prezent\u0103m c\u00e2teva serii de produse care v\u0103 pot ajuta s\u0103 trece\u00e2i de aceast\u0103 var\u0103 canicular\u0103.<\/p>\n<ul>\n<li><strong><a href=\"https:\/\/ro.trotec.com\/shop\/\">Aparate de climatizare din seria PAC<\/a>\u00a0 &#8211; clim\u0103 s\u0103n\u0103toas\u0103 pentru birou \u0219i acas\u0103<\/strong><\/li>\n<\/ul>\n<p>Plaja de modele de climatizare ajunge de la aparatele mobile\u00a0 cu o putere de r\u0103cire de 2 kW p\u00e2n\u0103 la o capacitate de 8,2 kW \u0219i un debit de aer de p\u00e2n\u0103 la 1.600 m\u00b3\/h. Deci fie c\u0103 dori\u021bi r\u0103coare \u00een \u00eenc\u0103perile private, \u00een \u00eenc\u0103peri de conferin\u021b\u0103, \u00een birouri, s\u0103li \u0219i hale sau \u00een depozite &#8211; noi avem pentru fiecare aparate potrivite de climatizare.<\/p>\n<ul>\n<li><strong><a href=\"https:\/\/www.trotec24.ro\/masini\/climatizare\/racitoare-de-aer?rc=783e2f47dd\" class=\"broken_link\">R\u0103citoarele de aer din seria PAE<\/a> \u2013 clim\u0103 natural\u0103 datorit\u0103 evapor\u0103rii<\/strong><\/li>\n<\/ul>\n<p>\u00cen compara\u021bie cu aparatele de climatizare, r\u0103citoarele de aer lucreaz\u0103 f\u0103r\u0103 agen\u021bi de r\u0103cire chimici \u0219i f\u0103r\u0103 s\u0103 necesite o instalare anevoioas\u0103.\u00a0 Nu sunt nici m\u0103car furtune de evacuare la ferestre sau u\u0219i necesare la r\u0103citoarele noastre inovative de aer Aircooler<\/p>\n<p><strong><a href=\"https:\/\/www.trotec24.ro\/masini\/ventilatie?rc=783e2f47dd\" class=\"broken_link\">Ventilatoarele din seriile TVE \u0219i TVM<\/a> &#8211; fie cu picior, de mas\u0103 sau pentru podea<\/strong><\/p>\n<p>Indiferent unde ave\u021bi nevoie de o briz\u0103 proasp\u0103t\u0103, acas\u0103, la birou seriile de ventilatoare mobile din <a href=\"https:\/\/www.trotec24.ro\/masini\/ventilatie\/ventilatoare-seria-tve?rc=783e2f47dd\" class=\"broken_link\">seriile TVE<\/a> \u0219i <a href=\"https:\/\/www.trotec24.ro\/masini\/ventilatie\/ventilatoare-seria-tvm?rc=783e2f47dd\" class=\"broken_link\">TVM<\/a> de la Trotec v\u0103 ofer\u0103 solu\u021bii. Fie ca ventilator cu picior, ventilatoare turn sau de mas\u0103 , toate ventilatoarele de\u021bin un pre\u021b deosebit de accesibil \u0219i se pot utiliza flexibil \u00een fiecare \u00eenc\u0103pere iar costurile de \u00eentre\u021binere sunt absolut mici.<\/p>\n<h3>\u00cendep\u0103rta\u021bi canicula utiliz\u00e2nd solu\u021biile de la Trotec!<\/h3>\n<p>V\u0103 oferim aparate de climatizare, r\u0103citoare de aer \u0219i ventilatoare numai \u00een calitate de marc\u0103 de la Trotec la cele mai accesibile pre\u021buri. Arunca\u021bi pur \u0219i simplu un ochi \u00een magazinul nostru online \u0219i ve\u021bi g\u0103si cu siguran\u021b\u0103 o solu\u021bie potrivit\u0103 de climatizare &#8211; acum \u00een Trotec-Shop!<\/p>\n","protected":false},"excerpt":{"rendered":"<p>Prima perioad\u0103 canicular\u0103 a anului vine cu mult\u0103 fierbin\u021beal\u0103! exper\u021bii anun\u021b\u0103 cel mai fierbinte mai din ultimii ani care trec ades peste 30 de grade. \u00cen lunile iulue p\u00e2n\u0103 \u00een august ne a\u0219tept\u0103m la valori de peste 35 de grade!<\/p>\n","protected":false},"author":66,"featured_media":5915,"comment_status":"open","ping_status":"open","sticky":false,"template":"","format":"standard","meta":[],"categories":[6,9,12,2],"tags":[58,56,75,107,66,630,736],"_links":{"self":[{"href":"https:\/\/www.trotec-blog.com\/ro\/wp-json\/wp\/v2\/posts\/5913"}],"collection":[{"href":"https:\/\/www.trotec-blog.com\/ro\/wp-json\/wp\/v2\/posts"}],"about":[{"href":"https:\/\/www.trotec-blog.com\/ro\/wp-json\/wp\/v2\/types\/post"}],"author":[{"embeddable":true,"href":"https:\/\/www.trotec-blog.com\/ro\/wp-json\/wp\/v2\/users\/66"}],"replies":[{"embeddable":true,"href":"https:\/\/www.trotec-blog.com\/ro\/wp-json\/wp\/v2\/comments?post=5913"}],"version-history":[{"count":5,"href":"https:\/\/www.trotec-blog.com\/ro\/wp-json\/wp\/v2\/posts\/5913\/revisions"}],"predecessor-version":[{"id":15393,"href":"https:\/\/www.trotec-blog.com\/ro\/wp-json\/wp\/v2\/posts\/5913\/revisions\/15393"}],"wp:featuredmedia":[{"embeddable":true,"href":"https:\/\/www.trotec-blog.com\/ro\/wp-json\/wp\/v2\/media\/5915"}],"wp:attachment":[{"href":"https:\/\/www.trotec-blog.com\/ro\/wp-json\/wp\/v2\/media?parent=5913"}],"wp:term":[{"taxonomy":"category","embeddable":true,"href":"https:\/\/www.trotec-blog.com\/ro\/wp-json\/wp\/v2\/categories?post=5913"},{"taxonomy":"post_tag","embeddable":true,"href":"https:\/\/www.trotec-blog.com\/ro\/wp-json\/wp\/v2\/tags?post=5913"}],"curies":[{"name":"wp","href":"https:\/\/api.w.org\/{rel}","templated":true}]}}