{"id":5849,"date":"2018-05-22T16:30:27","date_gmt":"2018-05-22T14:30:27","guid":{"rendered":"https:\/\/www.trotec-blog.com\/ro\/?p=5849"},"modified":"2022-04-11T09:26:13","modified_gmt":"2022-04-11T07:26:13","slug":"alarma-la-polen-ce-se-poate-face-impotriva-acestuia","status":"publish","type":"post","link":"https:\/\/www.trotec-blog.com\/ro\/blog\/trotec\/alarma-la-polen-ce-se-poate-face-impotriva-acestuia\/","title":{"rendered":"Alarm\u0103 la polen! Ce se poate face \u00eempotriva acestuia?"},"content":{"rendered":"<h2><a href=\"https:\/\/https:\/\/ro.trotec.com\/shop\/\/masini\/purificarea-aerului\/purificatoare-de-aer-komfort-airgoclean\/purificator-de-aer-design-airgoclean-10-e.html?rc=783e2f47dd\" class=\"broken_link\"><img loading=\"lazy\" class=\"alignnone wp-image-5851 size-full\" src=\"http:\/\/www.trotec-blog.com\/ro\/files\/2018\/05\/tro_blog_airgoclean_10_e_banner.jpg\" alt=\"\" width=\"700\" height=\"300\" srcset=\"https:\/\/www.trotec-blog.com\/ro\/files\/2018\/05\/tro_blog_airgoclean_10_e_banner.jpg 700w, https:\/\/www.trotec-blog.com\/ro\/files\/2018\/05\/tro_blog_airgoclean_10_e_banner-300x129.jpg 300w\" sizes=\"(max-width: 700px) 100vw, 700px\" \/><\/a><\/h2>\n<h2>Luna aprilie a fost destul de cald\u0103 \u0219i a f\u0103cut posibil\u0103 startarea \u00een sezonul de gr\u0103tare ceva mai devreme. Chiar \u0219i vegeta\u021bia \u0219i-a dat drumul \u0219i totul a devenit destul de repede verde. Mestecenii au avut \u00een aceast\u0103 prim\u0103var\u0103 o evolu\u021bie bun\u0103 \u0219i au \u00eenflorit destul de devreme, \u0219i asta cu toate c\u0103 acest fenomen este posbili doar tot la doi ani. Sub acest aspect \u00eens\u0103 sufer\u0103 cei ce au alergii, deoarece mesteac\u0103nul\u00a0 \u00eempreun\u0103 cu aninul \u0219i alunul apar\u021bin de copacii ce dezvolt\u0103 alergii puternice. Deci pentru cei ce sufer\u0103 de alergii este codul ro\u0219u!<\/h2>\n<p><!--more--><\/p>\n<p>50 la sut\u0103 din alergii sunt , dup\u0103 un studiu al universit\u0103\u021bii din Viena, o consecin\u021b\u0103 a cocteilului din aer format din amestec de polen de la mesteac\u0103n &amp; co. \u0218i chiar dac\u0103 alunul, aninul, plopul \u0219i mesteac\u0103nul trec \u00eenet de perioadaq de inflorire, cei bolnavi de alergii nu vor avea \u00eenc\u0103 lini\u0219te. De la mijlocul lui mai apar florile de pin, p\u0103tlagin\u0103, urzic\u0103 \u0219i secar\u0103 iar ierburile acum incep s\u0103 \u00ee\u0219i dea drumul.\u00a0 Funda\u021bia german\u0103 de informare atrage aten\u021bia asupra faptului c\u0103 ierburile las\u0103 pu\u021bin polen \u00een primul an iar \u00een al doilea an i\u0219i dau drumul cu des\u0103v\u00e2r\u0219ire. De aceea se atrage acum aten\u021bia pentru c\u0103 anul acesta va fi mult mai mult polen de la ierburi \u0219i plante.<\/p>\n<h3>\u0218i de unde vine acest praf galben?<\/h3>\n<p>Dup\u0103 cum spun exper\u021bii, acest praf este mult mai pu\u021bin agresiv ca polenul pentru c\u0103ile respiratorii \u00eens\u0103 mult mai greu de suportat pentru c\u0103 se a\u0219terne peste tot , pe terase, pe mese \u00een gr\u0103dini, pe ma\u0219ini , pe ferestre etc.\u00a0 Cauza pentru aceast\u0103 mic\u0103 urgie galben\u0103 nu este praful din Sahara ci molidul. \u0218i molidul \u00eenflore\u0219te anul acesta deosebit de intensiv iar praful galben va dura p\u00e2n\u0103 la \u00eenceputul lui iunie. Singurul ajutor aici este o ploaie zdrav\u0103n\u0103, iar terasele, mesele, ma\u0219inile \u0219i ferestrele vor fi astfel \u00eentr-un fel sp\u0103late de aceast\u0103 plag\u0103.<\/p>\n<h3>\u00cencrede\u021bi-v\u0103 \u00een ploaie sau cel mai bine \u00een purificatorul de aer AirgoClean 10 E&#8230;<\/h3>\n<p><a href=\"https:\/\/https:\/\/ro.trotec.com\/shop\/\/masini\/purificarea-aerului\/purificatoare-de-aer-komfort-airgoclean\/purificator-de-aer-design-airgoclean-10-e.html?rc=783e2f47dd\" class=\"broken_link\">Purificatorul compact de aer AirgoClean 10 E<\/a> cur\u0103\u021b\u0103 cu \u00eencredere, automatizat \u0219i cu putere aerul din \u00eenc\u0103pere de polen. Pe l\u00e2ng\u0103 aceasta se poate utiliza cu succes \u00eempotriva alergenilor precum p\u0103rul de animale, prafului fin, bacteriilor din aer \u0219i contra excrementelor acestora. \u00cen spatele designului s\u0103u pl\u0103cut se ascund dou\u0103 filtre puternice combinate \u00eentr-un sistem foarte eficient de cur\u0103\u021bire a aerului: un filtru Dacron \u0219i un filtru HEPA. Ambele sisteme reu\u0219esc o filtrare a aerului \u00een propor\u021bie de 95 % \u0219i este ideal pentru \u00eenc\u0103peri de p\u00e2n\u0103 la 20 m\u00b2!<\/p>\n<p>Cu acest sistem de filtrare deosebit de efectiv, purificatorul de aer <a href=\"https:\/\/https:\/\/ro.trotec.com\/shop\/\/masini\/purificarea-aerului\/purificatoare-de-aer-komfort-airgoclean\/purificator-de-aer-design-airgoclean-10-e.html?rc=783e2f47dd\" class=\"broken_link\">AirgoClean 10 E<\/a> reu\u0219e\u0219te s\u0103 confer\u0103 o climatizare natural\u0103 deoarece noxele sunt filtrate f\u0103r\u0103 utilizarea de ozon din atmosfer\u0103. Purificarea aerului se face \u0219i prin ionizatorul inegrat care ajut\u0103 la cre\u0219terea calitativ\u0103 a calit\u0103\u021bii aerului.<\/p>\n<h3>Purificatorul design AirgoClean 10 E \u2013 exclusiv numai la Trotec!<\/h3>\n<p>Comanda\u021bi <a href=\"https:\/\/https:\/\/ro.trotec.com\/shop\/\/masini\/purificarea-aerului\/purificatoare-de-aer-komfort-airgoclean\/purificator-de-aer-design-airgoclean-10-e.html?rc=783e2f47dd\" class=\"broken_link\">purificatorul de aer AirgoClean 10 E<\/a> la cele\u00a0 mai atractive pre\u021buri acum \u00een magazinul nostru online &#8211; \u00a0Trotec-Shop!<\/p>\n","protected":false},"excerpt":{"rendered":"<p>Luna aprilie a fost destul de cald\u0103 \u0219i a f\u0103cut posibil\u0103 startarea \u00een sezonul de gr\u0103tare ceva mai devreme. Chiar \u0219i vegeta\u021bia \u0219i-a dat drumul \u0219i totul a devenit destul de repede verde. Mestecenii au avut \u00een aceast\u0103 prim\u0103var\u0103 o evolu\u021bie bun\u0103 \u0219i au \u00eenflorit destul de devreme, \u0219i asta cu toate c\u0103 acest fenomen este posbili doar tot la doi ani. Sub acest aspect \u00eens\u0103 sufer\u0103 cei ce au alergii, deoarece mesteac\u0103nul\u00a0 \u00eempreun\u0103 cu aninul \u0219i alunul apar\u021bin de copacii ce dezvolt\u0103 alergii puternice. Deci pentru cei ce sufer\u0103 de alergii este codul ro\u0219u!<\/p>\n","protected":false},"author":66,"featured_media":5852,"comment_status":"open","ping_status":"open","sticky":false,"template":"","format":"standard","meta":[],"categories":[6,8,9,12,2],"tags":[],"_links":{"self":[{"href":"https:\/\/www.trotec-blog.com\/ro\/wp-json\/wp\/v2\/posts\/5849"}],"collection":[{"href":"https:\/\/www.trotec-blog.com\/ro\/wp-json\/wp\/v2\/posts"}],"about":[{"href":"https:\/\/www.trotec-blog.com\/ro\/wp-json\/wp\/v2\/types\/post"}],"author":[{"embeddable":true,"href":"https:\/\/www.trotec-blog.com\/ro\/wp-json\/wp\/v2\/users\/66"}],"replies":[{"embeddable":true,"href":"https:\/\/www.trotec-blog.com\/ro\/wp-json\/wp\/v2\/comments?post=5849"}],"version-history":[{"count":9,"href":"https:\/\/www.trotec-blog.com\/ro\/wp-json\/wp\/v2\/posts\/5849\/revisions"}],"predecessor-version":[{"id":15334,"href":"https:\/\/www.trotec-blog.com\/ro\/wp-json\/wp\/v2\/posts\/5849\/revisions\/15334"}],"wp:featuredmedia":[{"embeddable":true,"href":"https:\/\/www.trotec-blog.com\/ro\/wp-json\/wp\/v2\/media\/5852"}],"wp:attachment":[{"href":"https:\/\/www.trotec-blog.com\/ro\/wp-json\/wp\/v2\/media?parent=5849"}],"wp:term":[{"taxonomy":"category","embeddable":true,"href":"https:\/\/www.trotec-blog.com\/ro\/wp-json\/wp\/v2\/categories?post=5849"},{"taxonomy":"post_tag","embeddable":true,"href":"https:\/\/www.trotec-blog.com\/ro\/wp-json\/wp\/v2\/tags?post=5849"}],"curies":[{"name":"wp","href":"https:\/\/api.w.org\/{rel}","templated":true}]}}