{"id":5808,"date":"2018-05-05T08:59:21","date_gmt":"2018-05-05T06:59:21","guid":{"rendered":"https:\/\/www.trotec-blog.com\/ro\/?p=5808"},"modified":"2022-04-11T09:23:53","modified_gmt":"2022-04-11T07:23:53","slug":"keep-cool-in-sfarsit-e-cald","status":"publish","type":"post","link":"https:\/\/www.trotec-blog.com\/ro\/blog\/despre-noi\/keep-cool-in-sfarsit-e-cald\/","title":{"rendered":"Keep Cool &#8211; \u00cen sf\u00e2r\u0219it e cald"},"content":{"rendered":"<h2><a href=\"https:\/\/www.trotec-blog.com\/ro\/files\/2018\/05\/Kuehlgeraete_BlogHeader_04052018.jpg\"><img loading=\"lazy\" class=\"alignnone wp-image-5809 size-full\" src=\"https:\/\/www.trotec-blog.com\/ro\/files\/2018\/05\/Kuehlgeraete_BlogHeader_04052018.jpg\" alt=\"\" width=\"700\" height=\"300\" srcset=\"https:\/\/www.trotec-blog.com\/ro\/files\/2018\/05\/Kuehlgeraete_BlogHeader_04052018.jpg 700w, https:\/\/www.trotec-blog.com\/ro\/files\/2018\/05\/Kuehlgeraete_BlogHeader_04052018-300x129.jpg 300w, https:\/\/www.trotec-blog.com\/ro\/files\/2018\/05\/Kuehlgeraete_BlogHeader_04052018-200x86.jpg 200w\" sizes=\"(max-width: 700px) 100vw, 700px\" \/><\/a><\/h2>\n<h2>\u00cen sf\u00e2r\u0219it s-a f\u0103cut din nou cald! Sf\u00e2r\u0219itul de s\u0103pt\u0103m\u00e2n\u0103 poate s\u0103 \u00eenceap\u0103, nu-i a\u0219a? Men\u021bine\u021bi-v\u0103 mintea la rece. Sortimentul nostru larg de ventilatoare, r\u0103citoare \u0219i aparate de climatizare ofer\u0103 pentru fiecare o solu\u021bie spre a savura prim\u0103vara \u0219i vara. Comanda\u021bi din timp pe trotec24.ro&#8230;<\/h2>\n<h3><\/h3>\n<p><strong>Direct spre sortimentiul nostru de ventilatoare:<\/strong><br \/>\n<a href=\"https:\/\/www.trotec24.ro\/masini\/ventilatie\" class=\"broken_link\">https:\/\/www.trotec24.ro\/masini\/ventilatie<\/a><\/p>\n<p><strong>Aici merge\u021bi direct spre aparatele de r\u0103cire \u0219i climatizare:<\/strong><br \/>\n<a href=\"https:\/\/https:\/\/ro.trotec.com\/shop\/\/masini\/climatizare\" class=\"broken_link\">https:\/\/www.trotec24.ro\/masini\/climatizare<\/a><\/p>\n<p><strong>Ne bucur\u0103m de vizita dumenavoastr\u0103 \u00een magazinul nostru online!<\/strong><\/p>\n","protected":false},"excerpt":{"rendered":"<p>\u00cen sf\u00e2r\u0219it s-a f\u0103cut din nou cald! Sf\u00e2r\u0219itul de s\u0103pt\u0103m\u00e2n\u0103 poate s\u0103 inceap\u0103, nu-i a\u0219a? Men\u021bine\u021bi-v\u0103 mintea la rece. SOrtimentul nostru larg de ventilatoare, r\u0103citoare \u0219i aparate de climatizare ofer\u0103 pentru fiecare o solu\u021bie pentru a savura prim\u0103vara \u0219i vara. Acum, comanda\u021bi din timp pe trotec24.ro&#8230;<\/p>\n","protected":false},"author":66,"featured_media":5809,"comment_status":"open","ping_status":"open","sticky":false,"template":"","format":"standard","meta":[],"categories":[6,1,12,2],"tags":[],"_links":{"self":[{"href":"https:\/\/www.trotec-blog.com\/ro\/wp-json\/wp\/v2\/posts\/5808"}],"collection":[{"href":"https:\/\/www.trotec-blog.com\/ro\/wp-json\/wp\/v2\/posts"}],"about":[{"href":"https:\/\/www.trotec-blog.com\/ro\/wp-json\/wp\/v2\/types\/post"}],"author":[{"embeddable":true,"href":"https:\/\/www.trotec-blog.com\/ro\/wp-json\/wp\/v2\/users\/66"}],"replies":[{"embeddable":true,"href":"https:\/\/www.trotec-blog.com\/ro\/wp-json\/wp\/v2\/comments?post=5808"}],"version-history":[{"count":4,"href":"https:\/\/www.trotec-blog.com\/ro\/wp-json\/wp\/v2\/posts\/5808\/revisions"}],"predecessor-version":[{"id":14966,"href":"https:\/\/www.trotec-blog.com\/ro\/wp-json\/wp\/v2\/posts\/5808\/revisions\/14966"}],"wp:featuredmedia":[{"embeddable":true,"href":"https:\/\/www.trotec-blog.com\/ro\/wp-json\/wp\/v2\/media\/5809"}],"wp:attachment":[{"href":"https:\/\/www.trotec-blog.com\/ro\/wp-json\/wp\/v2\/media?parent=5808"}],"wp:term":[{"taxonomy":"category","embeddable":true,"href":"https:\/\/www.trotec-blog.com\/ro\/wp-json\/wp\/v2\/categories?post=5808"},{"taxonomy":"post_tag","embeddable":true,"href":"https:\/\/www.trotec-blog.com\/ro\/wp-json\/wp\/v2\/tags?post=5808"}],"curies":[{"name":"wp","href":"https:\/\/api.w.org\/{rel}","templated":true}]}}