{"id":5773,"date":"2018-04-27T13:13:54","date_gmt":"2018-04-27T11:13:54","guid":{"rendered":"https:\/\/www.trotec-blog.com\/ro\/?p=5773"},"modified":"2018-04-27T13:13:54","modified_gmt":"2018-04-27T11:13:54","slug":"8-10-sfaturi-pentru-gradinarit-de-la-trotec-prelungitor-pentru-masina-de-tuns-iarba","status":"publish","type":"post","link":"https:\/\/www.trotec-blog.com\/ro\/blog\/trotec\/8-10-sfaturi-pentru-gradinarit-de-la-trotec-prelungitor-pentru-masina-de-tuns-iarba\/","title":{"rendered":"8-10 Sfaturi pentru gr\u0103din\u0103rit de la Trotec &#8211; Prelungitor pentru ma\u0219ina de tuns iarb\u0103"},"content":{"rendered":"<h2><a href=\"https:\/\/www.trotec-blog.com\/ro\/files\/2018\/04\/ro_tro_blog_Garten-Tipps_8_banner.jpg\"><img loading=\"lazy\" class=\"alignnone wp-image-5775 size-full\" src=\"https:\/\/www.trotec-blog.com\/ro\/files\/2018\/04\/ro_tro_blog_Garten-Tipps_8_banner.jpg\" alt=\"\" width=\"700\" height=\"300\" srcset=\"https:\/\/www.trotec-blog.com\/ro\/files\/2018\/04\/ro_tro_blog_Garten-Tipps_8_banner.jpg 700w, https:\/\/www.trotec-blog.com\/ro\/files\/2018\/04\/ro_tro_blog_Garten-Tipps_8_banner-300x129.jpg 300w, https:\/\/www.trotec-blog.com\/ro\/files\/2018\/04\/ro_tro_blog_Garten-Tipps_8_banner-200x86.jpg 200w\" sizes=\"(max-width: 700px) 100vw, 700px\" \/><\/a><\/h2>\n<h2>Un cablu prelungitor de calitate trebuie s\u0103 aib\u0103 \u00een gr\u0103din\u0103 orice gr\u0103dinar. Acesta poate s\u0103 confere o autonomie de p\u00e2n\u0103 la 15 metri a uneltelor \u0219i aparatelor electrice. Cablul este dup\u0103 norma de protec\u021bie IP44 protejat contra stropilor de ap\u0103 \u0219i de aceea se poate utiliza temporat \u00een lucrul pe afar\u0103. Prin culoarea sa ro\u0219u-aprins, cablul prelungitor se poate utiliza cu succes \u0219i \u00een beci, gr\u0103dina sau garaj deoarece este bine vizibil \u0219i pericolul de \u00eempiedicare scade.<\/h2>\n<p><!--more--><\/p>\n<p><a href=\"https:\/\/www.trotec24.ro\/scule\/accesorii-scule\/cablu-de-prelungire-profesional-15-m-230-v-1-5-mm.html?rc=783e2f47dd\" class=\"broken_link\">Cablul de prelungire profesional de 230 V, 16 A<\/a>\u00a0 apar\u021bine de ustensilele indispensabile din orice gr\u0103din\u0103 deoarece f\u0103r\u0103 el aparatele electrice au o autonomie mic\u0103 de func\u021bionare. Cu acest cablu de prelungire de calitate pentru 230 vol\u021bi dep\u0103\u0219i\u021bi distan\u021be de p\u00e2n\u0103 la 15m. R\u0103m\u00e2ne\u021bi flexibil: acest cablu de calitate iese \u00een relief la locul de munc\u0103, prin culoarea sa ro\u015fie, cresc\u00e2nd astfel siguran\u0163a.<\/p>\n<p>Cablul poate fi utilizat \u0219i la interioare pentru alimentare cu curent a aparatelor din buc\u0103t\u0103rie, a rack-urilor stereo, a ma\u0219inilor de birou \u0219i computerelor \u0219i \u0103n general a tuturor aparatelor electrice care nu ajung s\u0103 poat\u0103 fi alimentate cu curent electric deoarece prizele sunt la o distan\u021b\u0103 prea mare. .Chiar \u0219i calitatea e un avantaj: cu clasa de protec\u021bie IP44, convinge printr-o prelucrare de calitate.<\/p>\n<h3>Un cablu calitativ la un nivel \u00eenalt<\/h3>\n<p>Tipul de cablu H05RR-F 3G1.5 descrie un cablu cu trei li\u021be cu un diametru de 1,5 mm\u00b2 \u00eembr\u0103cate \u0219i izolate cu o manta de calitate din cauciuc. Tensiunea suportat\u0103 de acest cablu este de 230 Vol\u021bi, curentul de 16 Amperi \u0219i puterea nominal\u0103 max. de 3.500 Wa\u021bi. Cablul de\u021bine o fi\u0219\u0103 de calitate CEE 7\/7 (Tip F) \u0219i o cupl\u0103 protejat\u0103 contra mizeiei \u0219i prafului cu capac. Pentru a proteja copii contra curent\u0103rii, cablul de\u021bine o protec\u021bie \u00een acest scop astfel \u00eenc\u00e2t \u00een stecher s\u0103 nu poat\u0103 fi introduse obiecte care pot duce la curentare. Cablul este protejat contra UV, este din punct de vedere mecanic bine pus la punct \u0219i suport\u0103 temperaturi de lucru de la\u00a0 -35 \u00b0C p\u00e2n\u0103 la +60 \u00b0C .<\/p>\n<h3>Cablu prelungitor de calitate 230 V \u2013 Calitate controlat\u0103 DEKRA produs\u0103 de marca Trotec!<\/h3>\n<p>Achizi\u021biona\u021bi<a href=\"https:\/\/www.trotec24.ro\/scule\/accesorii-scule\/cablu-de-prelungire-profesional-15-m-230-v-1-5-mm.html?rc=783e2f47dd\" class=\"broken_link\"> cablul prelungitor profesional de prelungire 230V, 16A <\/a>la cele mai accesibile pre\u021buri \u00een magazinul nostru online &#8211; acum \u00een Trotec-Shop!<\/p>\n","protected":false},"excerpt":{"rendered":"<p>Cablul de prelungire profesional de 230 V, 16 A  apar\u021bine de ustensilele indispensabile din orice gr\u0103din\u0103 deoarece f\u0103r\u0103 el aparatele electrice au o autonomie mic\u0103 de func\u021bionare. Cu acest cablu de prelungire de calitate pentru 230 vol\u021bi dep\u0103\u0219i\u021bi distan\u021be de p\u00e2n\u0103 la 15m. R\u0103m\u00e2ne\u021bi flexibil: acest cablu de calitate iese \u00een relief la locul de munc\u0103, prin culoarea sa ro\u015fie, cresc\u00e2nd astfel siguran\u0163a.<\/p>\n","protected":false},"author":66,"featured_media":5774,"comment_status":"open","ping_status":"open","sticky":false,"template":"","format":"standard","meta":[],"categories":[6,9,12,14,2,41],"tags":[593,50,703,45],"_links":{"self":[{"href":"https:\/\/www.trotec-blog.com\/ro\/wp-json\/wp\/v2\/posts\/5773"}],"collection":[{"href":"https:\/\/www.trotec-blog.com\/ro\/wp-json\/wp\/v2\/posts"}],"about":[{"href":"https:\/\/www.trotec-blog.com\/ro\/wp-json\/wp\/v2\/types\/post"}],"author":[{"embeddable":true,"href":"https:\/\/www.trotec-blog.com\/ro\/wp-json\/wp\/v2\/users\/66"}],"replies":[{"embeddable":true,"href":"https:\/\/www.trotec-blog.com\/ro\/wp-json\/wp\/v2\/comments?post=5773"}],"version-history":[{"count":3,"href":"https:\/\/www.trotec-blog.com\/ro\/wp-json\/wp\/v2\/posts\/5773\/revisions"}],"predecessor-version":[{"id":5778,"href":"https:\/\/www.trotec-blog.com\/ro\/wp-json\/wp\/v2\/posts\/5773\/revisions\/5778"}],"wp:featuredmedia":[{"embeddable":true,"href":"https:\/\/www.trotec-blog.com\/ro\/wp-json\/wp\/v2\/media\/5774"}],"wp:attachment":[{"href":"https:\/\/www.trotec-blog.com\/ro\/wp-json\/wp\/v2\/media?parent=5773"}],"wp:term":[{"taxonomy":"category","embeddable":true,"href":"https:\/\/www.trotec-blog.com\/ro\/wp-json\/wp\/v2\/categories?post=5773"},{"taxonomy":"post_tag","embeddable":true,"href":"https:\/\/www.trotec-blog.com\/ro\/wp-json\/wp\/v2\/tags?post=5773"}],"curies":[{"name":"wp","href":"https:\/\/api.w.org\/{rel}","templated":true}]}}