{"id":5760,"date":"2018-04-26T11:25:47","date_gmt":"2018-04-26T09:25:47","guid":{"rendered":"https:\/\/www.trotec-blog.com\/ro\/?p=5760"},"modified":"2018-04-26T11:25:47","modified_gmt":"2018-04-26T09:25:47","slug":"6-10-sfaturi-pentru-gradinarit-de-la-trotec-curatarea-de-primavara-a-pomilor","status":"publish","type":"post","link":"https:\/\/www.trotec-blog.com\/ro\/blog\/trotec\/6-10-sfaturi-pentru-gradinarit-de-la-trotec-curatarea-de-primavara-a-pomilor\/","title":{"rendered":"6-10 Sfaturi pentru gr\u0103din\u0103rit de la Trotec &#8211; Cur\u0103\u021barea de prim\u0103var\u0103 a pomilor"},"content":{"rendered":"<h2>\u00a0<a href=\"https:\/\/www.trotec-blog.com\/ro\/files\/2018\/04\/ro_tro_blog_Garten-Tipps_6_banner.jpg\"><img loading=\"lazy\" class=\"alignnone wp-image-5768 size-full\" src=\"https:\/\/www.trotec-blog.com\/ro\/files\/2018\/04\/ro_tro_blog_Garten-Tipps_6_banner.jpg\" alt=\"\" width=\"700\" height=\"300\" srcset=\"https:\/\/www.trotec-blog.com\/ro\/files\/2018\/04\/ro_tro_blog_Garten-Tipps_6_banner.jpg 700w, https:\/\/www.trotec-blog.com\/ro\/files\/2018\/04\/ro_tro_blog_Garten-Tipps_6_banner-300x129.jpg 300w, https:\/\/www.trotec-blog.com\/ro\/files\/2018\/04\/ro_tro_blog_Garten-Tipps_6_banner-200x86.jpg 200w\" sizes=\"(max-width: 700px) 100vw, 700px\" \/><\/a><\/h2>\n<h2>Atunci c\u00e2nd dorim ca gr\u0103dina s\u0103 ia o form\u0103 nou\u0103 dup\u0103 sezonul de iarn\u0103 este necesar s\u0103 \u00eencepem cur\u0103\u021b\u0103m \u0219i t\u0103iem gardurile vii, tufi\u0219urile \u0219i copacii. Pentru aceasta exist\u0103 solu\u021bia universal\u0103, <a href=\"https:\/\/www.trotec24.ro\/scule\/ferastraie-sabie\/ferastrau-sabie-prcs-10-850.html?rc=783e2f47dd\" class=\"broken_link\">fer\u0103str\u0103ul sabile PRCS 10-850 de la Trotec<\/a> cu care putem astfel s\u0103 pornim la lucru la toate lucr\u0103rile din jurul casei \u0219i a gr\u0103dinii. Fer\u0103str\u0103ul poate fi utilizat \u0219i la t\u0103ierea peste cap.<\/h2>\n<p><!--more--><\/p>\n<p>Deosebit de orientat\u0103 spre utilizator este posibilitatea multipl\u0103 de pozi\u021bionare a m\u00e2nerului \u0219i a p\u00e2nzei de fer\u0103str\u0103u. Fer\u0103str\u0103ul PRCS 10-850 de\u021bine trei pozi\u021bii de fixare la 90\u00b0 al capului de t\u0103iere. Pur \u0219i simplu acesta se regleaz\u0103 \u00een pozi\u021bia dorit\u0103 de lucru iar p\u00e2nza de fer\u0103str\u0103u se poate roti cu 180\u00b0 \u00een func\u021bie de necesit\u0103\u021bi c\u00e2nd m\u00e2nerul este rabatat.<\/p>\n<p>Datorit\u0103 accestei construc\u021bii geniale, fer\u0103str\u0103ul cu piston se poate utiliza \u00een orice pozi\u021bie, chiar \u0219i peste cap, astfel \u00eenc\u00e2t s\u0103 se poate ajunge \u00een cele mai greu accesibile locuri de t\u0103iere. Aceast\u0103 func\u021biune nu este util\u0103 numai \u00een gr\u0103din\u0103 ci \u0219i la lucr\u0103ri de demontare \u0219i de renovare.<\/p>\n<h3>Versatil, puternic, confortabil la m\u00e2nuire &#8211; calitate de la Trotec<\/h3>\n<p>De\u021bin\u0103torii unui fer\u0103str\u0103u <a href=\"https:\/\/www.trotec24.ro\/scule\/ferastraie-sabie\/ferastrau-sabie-prcs-10-850.html?rc=783e2f47dd\" class=\"broken_link\">PRCS 10\u2011850<\/a> sunt din acest punct de vedere foarte avantaja\u021bi, deoarece acest fer\u0103str\u0103u cu piston convinge nu numai prin motorul de 850 de wa\u021bi, ci \u0219i prin t\u0103ieri de putere cu un pendular ad\u00e2nc de 28 mm.<\/p>\n<p>Papucul de ghidare flexibil al acestui fer\u0103str\u0103u se adapteaz\u0103 la suprafa\u021ba de prelucrat cu un unghi de p\u00e2n\u0103 la 30\u00b0 \u0219i poate fi pozi\u021bionat f\u0103r\u0103 unelte suplimentare la limita lungimii de t\u0103iere.<\/p>\n<p>Chiar \u0219i p\u00e2nza de fer\u0103str\u0103u se poate \u00eenlocui \u00een c\u00e2teva secunde datorit\u0103 mandrinei, f\u0103r\u0103 s\u0103 fie necesare unelte suplimentare. Pentru a putea fi gata de start la orice lucrare, \u00een dotarea fer\u0103str\u0103ului PRCS 10-850 se afl\u0103 patru p\u00e2nze diferite de mare calitate pentru lucr\u0103ri specifice \u00een lemn sau metal. \u00cen combina\u021bie cu p\u00e2nza potrivit\u0103 PRCS\u00a010\u2011850 se poate utiliza pentru t\u0103ierea tuturor materialelor de construc\u021bie, fie lemn, carton, material plastic sau metal, acestea se pot debita cu mare u\u0219urin\u021b\u0103. Pe l\u00e2ng\u0103 acestea fer\u0103str\u0103ul sabie se poate utiliza la t\u0103ierea \u021bevilor de ap\u0103 sau la \u00eendreptarea obiectelor ce ies din pere\u021bi.<\/p>\n<h3>Siguran\u021ba \u00een utilizare f\u0103r\u0103 compromise<\/h3>\n<p>Datorit\u0103 m\u00e2nerului bine construit, cu posibilit\u0103\u021bi de comand\u0103 \u0219i protec\u021bie cauciucat\u0103 pentru m\u00e2n\u0103, <a href=\"https:\/\/www.trotec24.ro\/scule\/ferastraie-sabie\/ferastrau-sabie-prcs-10-850.html?rc=783e2f47dd\" class=\"broken_link\">fer\u0103str\u0103ul PRCS 10-850<\/a> este utilizabil \u0219i controlabil cu ambele m\u00e2ini.<\/p>\n<p>Raportul optimal dintre greutate \u0219i m\u0103rime al acestei unelte electrice d\u0103 posibilitatea unei utiliz\u0103ri de cea mai \u00eenalt\u0103 ergonomie \u0219i siguran\u021b\u0103, iar lumina de lucru integrat\u0103 LED confer\u0103 o vizualizare a perimetrelor slab iluminate. schimbul p\u00e2nzelor se face rapid \u0219i sigur \u00een doar c\u00e2teva secunde f\u0103r\u0103 s\u0103 fie necesare unelte sau scule suplimentare.<\/p>\n<h3>Fer\u0103str\u0103ul sabie PRCS 10-850 \u2013 calitate de marc\u0103 controlat\u0103!<\/h3>\n<p>Achizi\u021biona\u021bi <a href=\"https:\/\/www.trotec24.ro\/scule\/ferastraie-sabie\/ferastrau-sabie-prcs-10-850.html?rc=783e2f47dd\" class=\"broken_link\">fer\u0103str\u0103ul sabie PRCS 10-850<\/a> la cele mai atractive pre\u021buri \u00eentr-o geant\u0103 de treansport, dou\u0103 p\u00e2nze HCS pentru lemn cu TPI 10, o p\u00e2nz\u0103 HCS pentru lemn cu TPI 4 precum \u0219i o p\u00e2nz\u00ee BIM pentru metal cu TPI 18 &#8211; acum \u00een magazinul nostru online Trotec-Shop!<\/p>\n","protected":false},"excerpt":{"rendered":"<p>Deosebit de orientat\u0103 spre utilizator este posibilitatea multipl\u0103 de pozi\u021bionare a m\u00e2nerului \u0219i a p\u00e2nzei de fer\u0103str\u0103u. Fer\u0103str\u0103ul PRCS 10-850 de\u021bine trei pozi\u021bii de fixare la 90\u00b0 al capului de t\u0103iere. Pur \u0219i simplu acesta se regleaz\u0103 \u00een pozi\u021bia dorit\u0103 de lucru iar p\u00e2nza de fer\u0103str\u0103u se poate roti cu 180\u00b0 \u00een func\u021bie de necesit\u0103\u021bi c\u00e2nd m\u00e2nerul este rabatat.<\/p>\n","protected":false},"author":66,"featured_media":5769,"comment_status":"open","ping_status":"open","sticky":false,"template":"","format":"standard","meta":[],"categories":[6,9,12,14,2,41],"tags":[366,50,703,45],"_links":{"self":[{"href":"https:\/\/www.trotec-blog.com\/ro\/wp-json\/wp\/v2\/posts\/5760"}],"collection":[{"href":"https:\/\/www.trotec-blog.com\/ro\/wp-json\/wp\/v2\/posts"}],"about":[{"href":"https:\/\/www.trotec-blog.com\/ro\/wp-json\/wp\/v2\/types\/post"}],"author":[{"embeddable":true,"href":"https:\/\/www.trotec-blog.com\/ro\/wp-json\/wp\/v2\/users\/66"}],"replies":[{"embeddable":true,"href":"https:\/\/www.trotec-blog.com\/ro\/wp-json\/wp\/v2\/comments?post=5760"}],"version-history":[{"count":4,"href":"https:\/\/www.trotec-blog.com\/ro\/wp-json\/wp\/v2\/posts\/5760\/revisions"}],"predecessor-version":[{"id":5771,"href":"https:\/\/www.trotec-blog.com\/ro\/wp-json\/wp\/v2\/posts\/5760\/revisions\/5771"}],"wp:featuredmedia":[{"embeddable":true,"href":"https:\/\/www.trotec-blog.com\/ro\/wp-json\/wp\/v2\/media\/5769"}],"wp:attachment":[{"href":"https:\/\/www.trotec-blog.com\/ro\/wp-json\/wp\/v2\/media?parent=5760"}],"wp:term":[{"taxonomy":"category","embeddable":true,"href":"https:\/\/www.trotec-blog.com\/ro\/wp-json\/wp\/v2\/categories?post=5760"},{"taxonomy":"post_tag","embeddable":true,"href":"https:\/\/www.trotec-blog.com\/ro\/wp-json\/wp\/v2\/tags?post=5760"}],"curies":[{"name":"wp","href":"https:\/\/api.w.org\/{rel}","templated":true}]}}