{"id":492,"date":"2014-09-26T08:11:42","date_gmt":"2014-09-26T06:11:42","guid":{"rendered":"https:\/\/www.trotec-blog.com\/ro\/?p=492"},"modified":"2014-09-26T16:06:49","modified_gmt":"2014-09-26T14:06:49","slug":"europa-sarbatoreste-ziua-limbilor-straine","status":"publish","type":"post","link":"https:\/\/www.trotec-blog.com\/ro\/blog\/trotec\/europa-sarbatoreste-ziua-limbilor-straine\/","title":{"rendered":"Europa s\u0103rb\u0103tore\u0219te ziua limbilor str\u0103ine"},"content":{"rendered":"<p><img loading=\"lazy\" class=\"alignnone wp-image-498 size-full\" src=\"https:\/\/www.trotec-blog.com\/ro\/files\/2014\/09\/tro_blog_banner_europasprachentag_ro.jpg\" alt=\"tro_blog_banner_europasprachentag_ro\" width=\"700\" height=\"300\" srcset=\"https:\/\/www.trotec-blog.com\/ro\/files\/2014\/09\/tro_blog_banner_europasprachentag_ro.jpg 700w, https:\/\/www.trotec-blog.com\/ro\/files\/2014\/09\/tro_blog_banner_europasprachentag_ro-300x128.jpg 300w\" sizes=\"(max-width: 700px) 100vw, 700px\" \/><\/a><\/strong><\/p>\n<p><strong>La o ini\u021biativ\u0103 a Consiliului Europei, pe data de 26 septembrie s\u0103rb\u0103torim ziua limbilor str\u0103ine, pentru a ajuta la p\u0103strarea multitudinii lingvistice existente \u00een Europa. \u00cen Europa exist\u0103 ca. 200 de limbi. \u00cen cadrul acestei ini\u021biative, Consiliul Europei, \u00eempreun\u0103 cu ini\u021biative EU, organizeaz\u0103 ac\u021biuni \u0219i festivit\u0103\u021bi pe teme lingvistice. Aceast\u0103 idee excelent\u0103 e sus\u021binut\u0103 \u0219i de c\u0103tre noi, \u00een fiecare zi, iar ast\u0103zi \u00een mod special!<\/strong><\/p>\n<p>Consiliul Europei dore\u0219te promovarea competen\u021belor lingvistice \u00een \u00eentreaga Europ\u0103, pentru c\u0103 multitudinea lingvistic\u0103 faciliteaz\u0103 comunicarea intercultural\u0103, \u0219i pentru c\u0103 diversitatea e o parte component\u0103 a mo\u0219tenirii culturale a continentului nostru. Astfel, cei 800 de milioane de cet\u0103\u021beni europeni, din cele 47 de state membre \u00een consiliul Europei, vor fi \u00eencuraja\u021bi s\u0103 \u00eenve\u021be mai multe limbi str\u0103ine, indiferent de v\u00e2rst\u0103!<\/p>\n<p><strong>Compenten\u021bele lingvistice: premisa viitorului<br \/>\n<\/strong>Aceasta e \u0219i p\u0103rerea dlui Rainer Rausch, membru al conducerii Trotec, nu doar \u00een ce prive\u0219te firma noastr\u0103. El consider\u0103 c\u0103 \u00eentr-o Europ\u0103 din ce \u00een ce mai unit\u0103, cheia succesului pentru \u00eentreprinderile mijlocii se afl\u0103 \u00een competen\u021bele lingvistice. Competen\u021bele lingvistice promoveaz\u0103 activit\u0103\u021bile economice \u00een t\u0103rile europene. Av\u00e2nd \u00een vedere faptul c\u0103 angaja\u021bii no\u0219tri vin din diferite \u021b\u0103ri europene, av\u00e2nd diferite limbi materne, competen\u021bele lingvistice influen\u021beaz\u0103 pozitiv atmosfera de lucru.<\/p>\n<p>Angaja\u021bii no\u0219tri colaboreaz\u0103 intens, nu doar \u00eentre diversele departamente, ci \u0219i \u00een func\u021bie de \u021bar\u0103 sau limbi: la Trotec sunt mul\u021bi vorbitori de limbi str\u0103ine, pentru a putea consilia clien\u021bii no\u0219tri din Europa \u0219i \u00eentreaga lume. Avem vorbitori de limba englez\u0103, francez\u0103, polonez\u0103, spaniol\u0103, finlandez\u0103, suedez\u0103, rom\u00e2n\u0103, italian\u0103, turc\u0103 sau olandez\u0103. Desigur, shop-ul nostru interna\u021bional e completat de diverse shop-uri na\u021bionale. Noi sus\u021binem intens ini\u021biativa Consiliului Europei de a promova compente\u021bele lingvistice \u00een Europa.<\/p>\n<p><strong>Sunte\u021bi talentat lingvistic?<\/strong><br \/>\nDac\u0103 ave\u021bi un talent lingvistic, lua\u021bi contact cu noi, c\u0103ci Trotec caut\u0103 \u00eentotdeauna talente. Suna\u021bi-ne la num\u0103rul de telefon +49 2452 962-210 sau trimite\u021bi-ne candidatura dvs., din proprie ini\u021biativ\u0103. Noi ne bucur\u0103m!<\/p>\n","protected":false},"excerpt":{"rendered":"<p>La o ini\u021biativ\u0103 a Consiliului Europei, pe data de 26 septembrie s\u0103rb\u0103torim ziua limbilor str\u0103ine, pentru a ajuta la p\u0103strarea multitudinii lingvistice existente \u00een Europa. \u00cen cadrul acestei ini\u021biative, se organizeaz\u0103 ac\u021biuni \u0219i festivit\u0103\u021bi pe teme lingvistice. <\/p>\n","protected":false},"author":66,"featured_media":499,"comment_status":"open","ping_status":"open","sticky":false,"template":"","format":"standard","meta":[],"categories":[6,2],"tags":[],"_links":{"self":[{"href":"https:\/\/www.trotec-blog.com\/ro\/wp-json\/wp\/v2\/posts\/492"}],"collection":[{"href":"https:\/\/www.trotec-blog.com\/ro\/wp-json\/wp\/v2\/posts"}],"about":[{"href":"https:\/\/www.trotec-blog.com\/ro\/wp-json\/wp\/v2\/types\/post"}],"author":[{"embeddable":true,"href":"https:\/\/www.trotec-blog.com\/ro\/wp-json\/wp\/v2\/users\/66"}],"replies":[{"embeddable":true,"href":"https:\/\/www.trotec-blog.com\/ro\/wp-json\/wp\/v2\/comments?post=492"}],"version-history":[{"count":11,"href":"https:\/\/www.trotec-blog.com\/ro\/wp-json\/wp\/v2\/posts\/492\/revisions"}],"predecessor-version":[{"id":505,"href":"https:\/\/www.trotec-blog.com\/ro\/wp-json\/wp\/v2\/posts\/492\/revisions\/505"}],"wp:featuredmedia":[{"embeddable":true,"href":"https:\/\/www.trotec-blog.com\/ro\/wp-json\/wp\/v2\/media\/499"}],"wp:attachment":[{"href":"https:\/\/www.trotec-blog.com\/ro\/wp-json\/wp\/v2\/media?parent=492"}],"wp:term":[{"taxonomy":"category","embeddable":true,"href":"https:\/\/www.trotec-blog.com\/ro\/wp-json\/wp\/v2\/categories?post=492"},{"taxonomy":"post_tag","embeddable":true,"href":"https:\/\/www.trotec-blog.com\/ro\/wp-json\/wp\/v2\/tags?post=492"}],"curies":[{"name":"wp","href":"https:\/\/api.w.org\/{rel}","templated":true}]}}