{"id":4754,"date":"2017-09-12T11:32:37","date_gmt":"2017-09-12T09:32:37","guid":{"rendered":"https:\/\/www.trotec-blog.com\/ro\/?p=4754"},"modified":"2021-02-08T13:59:47","modified_gmt":"2021-02-08T11:59:47","slug":"noutate-radiatorul-cu-infrarosu-ir-2000-s-in-sfarsit-livrabil","status":"publish","type":"post","link":"https:\/\/www.trotec-blog.com\/ro\/blog\/trotec\/noutate-radiatorul-cu-infrarosu-ir-2000-s-in-sfarsit-livrabil\/","title":{"rendered":"Noutate! Radiatorul cu infraro\u0219u IR 2000 S &#8211; \u00een sf\u00e2r\u0219it livrabil"},"content":{"rendered":"<h2><a href=\"https:\/\/www.trotec24.ro\/masini\/incalzire\/panouri-cu-infrarosu\/radiator-cu-infrarosu-ir-2000-s.html?rc=783e2f47dd\" class=\"broken_link\"><img loading=\"lazy\" class=\"alignnone wp-image-4755 size-full\" src=\"https:\/\/www.trotec-blog.com\/ro\/files\/2017\/09\/ro_tro_blog_ir2000s_banner.jpg\" alt=\"\" width=\"700\" height=\"300\" srcset=\"https:\/\/www.trotec-blog.com\/ro\/files\/2017\/09\/ro_tro_blog_ir2000s_banner.jpg 700w, https:\/\/www.trotec-blog.com\/ro\/files\/2017\/09\/ro_tro_blog_ir2000s_banner-300x129.jpg 300w\" sizes=\"(max-width: 700px) 100vw, 700px\" \/><\/a><\/h2>\n<h2>Exact la timp! Diminea\u021ba \u0219i \u00een orele serii se face din ce \u00een ce mai rece. E inc\u0103 timpuriu s\u0103 pornim caloriferele dar destul r\u0103coare ca s\u0103 \u00eenc\u0103lzim din c\u00e2nd \u00een c\u00e2nd cu micul \u0219i compactul <a href=\"https:\/\/www.trotec24.ro\/masini\/incalzire\/panouri-cu-infrarosu\/radiator-cu-infrarosu-ir-2000-s.html?rc=783e2f47dd\" class=\"broken_link\">radiator cu infraro\u0219u IR 2000 S<\/a>. Diminea\u021ba la du\u0219 \u0219i seara c\u00e2nd st\u0103m comod pe teras\u0103. Radia\u021bia de c\u0103ldur\u0103 se simte pl\u0103cut\u0103 at\u00e2t afar\u0103 c\u00e2t \u0219i \u00een interior, este uniform\u0103 \u0219i direct\u0103 \u0219i poate fi canalizat\u0103 dup\u0103 dorin\u021b\u0103.<\/h2>\n<p><!--more--><\/p>\n<p>Exact la punct \u0219i f\u0103r\u0103 o pre\u00eenc\u0103lzire costisitoare at\u00e2t la timp c\u00e2t \u0219i la buget, radiatorul cu infraro\u0219u <a href=\"https:\/\/www.trotec24.ro\/masini\/incalzire\/panouri-cu-infrarosu\/radiator-cu-infrarosu-ir-2000-s.html?rc=783e2f47dd\" class=\"broken_link\">IR 2000 S<\/a> este solu\u021bia ideal\u0103 pentru o sta\u021bionare prelungit\u0103 \u00een camera de baie, pentru un bebelu\u0219 mul\u021bumit c\u00e2nd \u00eei schimba\u021bi scutecul sau pentru \u00eent\u00e2lniri pl\u0103cute cu prietenii\u00a0 \u00een camera de hobby din beci sau \u00een gr\u0103dina de iarn\u0103. Chiar \u0219i pe teras\u0103 aparatul \u00eenc\u0103lze\u0219te cu putere, el fiind foarte flexibil de utilizat at\u00e2t la interior c\u00e2t \u0219i la exterior.<\/p>\n<p><a href=\"https:\/\/www.trotec24.ro\/masini\/incalzire\/panouri-cu-infrarosu?rc=783e2f47dd\" class=\"broken_link\">Radiatorul cu infraro\u0219u<\/a> produce c\u0103ldur\u0103 dup\u0103 principiul natural solar. Aparatul transform\u0103 cea mai mare parte din energia folosit\u0103 \u00een c\u0103ldur\u0103, ceea ce face ca radiatorul \u00een compara\u021bie cu o aeroterm\u0103 s\u0103 fie deosebit de eficient energetic. Pe l\u00e2ng\u0103 faptul ca radiatorul d\u0103 o c\u0103ldur\u0103 lipsit\u0103 de miros, de praf \u0219i este deosebit de silen\u021bio, \u0219i pentru c\u0103 nu de\u021bine o suflant\u0103 care s\u0103 \u00eempr\u0103\u0219tie praful, aparatul este foarte util chiar \u0219i celor bolnavi de alergii.<\/p>\n<h3>A\u0219a func\u021bioneaz\u0103<\/h3>\n<p><a href=\"https:\/\/www.trotec24.ro\/masini\/incalzire\/panouri-cu-infrarosu\/radiator-cu-infrarosu-ir-2000-s.html?rc=783e2f47dd\" class=\"broken_link\">Radiatorul cu infraro\u0219u IR 2000 S <\/a>are pe l\u00e2ng\u0103 o treapt\u0103\u00a0 \u201aOff\u2018 \u00eenc\u0103 trei trepte de \u00eenc\u0103lzire de 650 W, 1.300 W \u0219i 2.000 W, trepte cu care poate s\u0103 mul\u021bumeasc\u0103 cerin\u021bele multor utilizatori. Treptele de \u00eenc\u0103lzire se pot seta cu ajutorul unui comutator. Cu cele trei cufere\u00a0 din cuar\u021b se \u00eenc\u0103lze\u0219te mediul din primul moment dup\u0103 cuplare \u0219i cu ajutorul unghiului de \u00eenclinare se poate \u00eendrepta precis la punct radia\u021bia de c\u0103ldur\u0103 de la aparat.<\/p>\n<p>Datorit\u0103 construc\u021biei sale compacte, radiatorul cu infraro\u0219u se potrive\u0219te foarte bine \u00een \u00eenc\u0103peri mai mici. <a href=\"https:\/\/www.trotec24.ro\/masini\/incalzire\/panouri-cu-infrarosu\/radiator-cu-infrarosu-ir-2000-s.html?rc=783e2f47dd\" class=\"broken_link\">Radiatorul IR 2000 S<\/a> se poate mota foarte u\u0219or \u0219i rapid pe perete, pentru luarea sa \u00een folosin\u021b\u0103 ajunge simpla conectare a aparatului la o priz\u0103 de curent electric. Carcasa sa atractiv\u0103 este protejat\u0103 contra stropirii cu ap\u0103 \u0219i astfel este utilizabil \u0219i \u00een camerele de baie prin clasa de protec\u021bie IP34.<\/p>\n<h3>Patru dintre multele avantaje care m-au convins:<\/h3>\n<ul>\n<li>C\u0103ldura cu infraro\u0219u f\u0103r\u0103 nevoie de pre\u00eenc\u0103lzire<\/li>\n<li>\u00cemp\u0103r\u021birea c\u0103ldurii uniform\u0103 \u0219i vizat\u0103<\/li>\n<li>Curat, f\u0103r\u0103 condens, f\u0103r\u0103 miros \u0219i f\u0103r\u0103 zgomot<\/li>\n<li>Nu st\u00e2rne\u0219te praful si de aceea se poate utiliza de c\u0103tre alergici<\/li>\n<\/ul>\n<h3>Radiatorul cu infraro\u0219u IR 2000 S &#8211; la timp pentru trecerea la timpul mai rece!<\/h3>\n<p>Comanda\u021bi cel mai bine acum <a href=\"https:\/\/www.trotec24.ro\/masini\/incalzire\/panouri-cu-infrarosu\/radiator-cu-infrarosu-ir-2000-s.html?rc=783e2f47dd\" class=\"broken_link\">radiatorul cu infraro\u0219u IR 2000 S<\/a> la cele mai atractive pre\u021buri \u00een magazinul nostru online &#8211; Trotec-Shop!<\/p>\n","protected":false},"excerpt":{"rendered":"<p>Exact la timp! Diminea\u021ba \u0219i \u00een orele serii se face din ce \u00een ce mai rece. E inc\u0103 timpuriu s\u0103 pornim caloriferele dar destul r\u0103coare ca s\u0103 \u00eenc\u0103lzim din c\u00e2nd \u00een c\u00e2nd cu micul \u0219i compactul radiator cu infraro\u0219u IR 2000 S. Diminea\u021ba la du\u0219 \u0219i seara c\u00e2nd st\u0103m comod pe teras\u0103. Radia\u021bia de c\u0103ldur\u0103 se simte pl\u0103cut\u0103 at\u00e2t afar\u0103 c\u00e2t \u0219i \u00een interior, este uniform\u0103 \u0219i direct\u0103 \u0219i poate fi canalizat\u0103 dup\u0103 dorin\u021b\u0103. <\/p>\n","protected":false},"author":66,"featured_media":4756,"comment_status":"open","ping_status":"open","sticky":false,"template":"","format":"standard","meta":[],"categories":[6,7,8,9,12,14,2,22],"tags":[30,189,188,186,187,233],"_links":{"self":[{"href":"https:\/\/www.trotec-blog.com\/ro\/wp-json\/wp\/v2\/posts\/4754"}],"collection":[{"href":"https:\/\/www.trotec-blog.com\/ro\/wp-json\/wp\/v2\/posts"}],"about":[{"href":"https:\/\/www.trotec-blog.com\/ro\/wp-json\/wp\/v2\/types\/post"}],"author":[{"embeddable":true,"href":"https:\/\/www.trotec-blog.com\/ro\/wp-json\/wp\/v2\/users\/66"}],"replies":[{"embeddable":true,"href":"https:\/\/www.trotec-blog.com\/ro\/wp-json\/wp\/v2\/comments?post=4754"}],"version-history":[{"count":4,"href":"https:\/\/www.trotec-blog.com\/ro\/wp-json\/wp\/v2\/posts\/4754\/revisions"}],"predecessor-version":[{"id":12468,"href":"https:\/\/www.trotec-blog.com\/ro\/wp-json\/wp\/v2\/posts\/4754\/revisions\/12468"}],"wp:featuredmedia":[{"embeddable":true,"href":"https:\/\/www.trotec-blog.com\/ro\/wp-json\/wp\/v2\/media\/4756"}],"wp:attachment":[{"href":"https:\/\/www.trotec-blog.com\/ro\/wp-json\/wp\/v2\/media?parent=4754"}],"wp:term":[{"taxonomy":"category","embeddable":true,"href":"https:\/\/www.trotec-blog.com\/ro\/wp-json\/wp\/v2\/categories?post=4754"},{"taxonomy":"post_tag","embeddable":true,"href":"https:\/\/www.trotec-blog.com\/ro\/wp-json\/wp\/v2\/tags?post=4754"}],"curies":[{"name":"wp","href":"https:\/\/api.w.org\/{rel}","templated":true}]}}