{"id":4691,"date":"2017-08-29T09:21:36","date_gmt":"2017-08-29T07:21:36","guid":{"rendered":"https:\/\/www.trotec-blog.com\/ro\/?p=4691"},"modified":"2017-08-29T09:21:36","modified_gmt":"2017-08-29T07:21:36","slug":"2530-sfaturi-de-la-trotec-contra-caniculei-ventilatoarele-tve-15-s-si-tve-17-s","status":"publish","type":"post","link":"https:\/\/www.trotec-blog.com\/ro\/blog\/trotec\/2530-sfaturi-de-la-trotec-contra-caniculei-ventilatoarele-tve-15-s-si-tve-17-s\/","title":{"rendered":"25\/30 Sfaturi de la Trotec contra caniculei. Ventilatoarele TVE 15 S \u0219i TVE 17 S"},"content":{"rendered":"<h2><a href=\"https:\/\/www.trotec-blog.com\/ro\/files\/2017\/08\/tro_blog_hitze_25-30_banner.jpg\"><img loading=\"lazy\" class=\"alignnone wp-image-4692 size-full\" src=\"https:\/\/www.trotec-blog.com\/ro\/files\/2017\/08\/tro_blog_hitze_25-30_banner.jpg\" alt=\"\" width=\"700\" height=\"300\" srcset=\"https:\/\/www.trotec-blog.com\/ro\/files\/2017\/08\/tro_blog_hitze_25-30_banner.jpg 700w, https:\/\/www.trotec-blog.com\/ro\/files\/2017\/08\/tro_blog_hitze_25-30_banner-300x129.jpg 300w\" sizes=\"(max-width: 700px) 100vw, 700px\" \/><\/a><\/h2>\n<h2>Sfatul zilei: \u201ePurta\u021bi lenjerie func\u021bional\u0103!\u201c \u00cembr\u0103ca\u021bi mai bine, \u00een loc de c\u0103ma\u0219a de corp din bumbac, un maieu func\u021bional, pentru c\u0103 acest material transport\u0103 umezeala \u0219i c\u0103ldura spre afar\u0103. La bumbac r\u0103m\u00e2ne transpira\u021bia \u00eentre fibrele \u021bes\u0103turii, fapt care face s\u0103 apar\u0103 un sentiment nepl\u0103cut de umed. R\u0103m\u00e2ne\u021bi apoi \u00een apropierea unuia dintre ventilatoarele noastre <a href=\"https:\/\/www.trotec24.ro\/masini\/ventilatie\/ventilator-cu-picior-tve-15-s.html?rc=783e2f47dd\" class=\"broken_link\">TVE 15 S<\/a> sau <a href=\"https:\/\/www.trotec24.ro\/masini\/ventilatie\/ventilator-cu-picior-tve-17-s.html?rc=783e2f47dd\" class=\"broken_link\">TVE 17 S<\/a> \u0219i savura\u021bi o zi r\u0103coroas\u0103 indiferent c\u00e2t de fierbinte este afar\u0103!<\/h2>\n<p><!--more--><\/p>\n<p>Avantajele pe care le aduc cu sine cele dou\u0103 ventilatoare, care \u00een afar\u0103 de culoare sunt identice ca construc\u021bie, ele de\u021bin un picior robust ceea ce \u00eensemn\u0103 c\u0103 nu este necesar\u0103 pozi\u021bionarea lor pe masa de lucru. Cu puterea lor de 40 wa\u021bi, ventilatoarele fac un v\u00e2nt destul de \u00eente\u021bit \u0219i astfel aduc cu sine o continu\u0103 \u00eenprosp\u0103tare. Ventilatoarele r\u0103coresc mult mai economic \u00een compara\u021bie cu aparatele mobile de climatizare.<\/p>\n<h3>Elibera\u021bi de canicul\u0103 cu ajutorul acestor avantaje<\/h3>\n<ul>\n<li>Formula de succes a celor dou\u0103 <a href=\"https:\/\/www.trotec24.ro\/masini\/ventilatie\/ventilator-cu-picior-tve-15-s.html?rc=783e2f47dd\" class=\"broken_link\">ventilatoare TVE 15 S<\/a> \u0219i <a href=\"https:\/\/www.trotec24.ro\/masini\/ventilatie\/ventilator-cu-picior-tve-17-s.html?rc=783e2f47dd\" class=\"broken_link\">TVE 17 S<\/a> sun\u0103: putere mare la un consum mic de energie \u0219i astfel cu costuri de \u00eentre\u021binere \u0219i func\u021bionare mici. Cu puterea lor de 40 de wa\u021bi, ventilatoarele pot face fa\u021b\u0103 \u0219i \u00eenc\u0103perilor mai mari.<\/li>\n<li>Cu cele trei viteze de ventilare, aparatele reu\u0219esc cu u\u0219urin\u021b\u0103 s\u0103 pastreze r\u0103coare chiar \u0219i la o cre\u0219tere mai accentuat\u0103 a temperaturii. Astfel sim\u021bi\u021bi la viteza de ventilare 1 o r\u0103corire \u0219i \u00eemprosp\u0103tare pl\u0103cut\u0103. Treapta a doua de ventila\u021bie aduce la temperaturi exterioare \u00een jurul a 30 de grade o r\u0103corire \u0219i aerisire mai puternic\u0103 pe c\u00e2nd la viteza a treia pute\u021bi schimba aerul din \u00eenc\u0103pere \u00een c\u00e2teva minute prin fereastra larg deschis\u0103.<\/li>\n<li>Prin oscila\u021bia automat\u0103 de 80\u00b0,\u00a0 ceea ce aduce cu sine o balansare orizontal\u0103 a capului ventilator, se m\u0103re\u0219te efectivitatea ventilatoarelor \u0219i curentul de aer se \u00eempr\u0103\u0219tie mai bine \u00een \u00eenc\u0103pere. Pentru o adaptare c\u00e2t mai bun\u0103 la oricare loc, capul ventilator se las\u0103 rabatat vertical cu un unghi de p\u00e2n\u0103 la 30\u00b0, astfel \u00eenc\u00e2t v\u00e2ntul s\u0103 bat\u0103 din direc\u021bia dorit\u0103.<\/li>\n<li>Reglarea flexibil\u0103 a \u00een\u0103l\u021bimii de la 105 p\u00e2n\u0103 la 122 cm fac din <a href=\"https:\/\/www.trotec24.ro\/masini\/ventilatie?rc=783e2f47dd\" class=\"broken_link\">ventilatoarele cu picior\u00a0<\/a> ma\u0219ini de aerisit universale.<\/li>\n<li>Ambele ma\u0219ini de f\u0103cut v\u00e2nt demonstreaz\u0103 o stabilitate des\u0103v\u00e2r\u0219it\u0103\u00a0 prin combina\u021bia dintre piciorul robust \u0219i stabil \u0219i paletele ventilatorului perfect calibrate. Pe l\u00e2ng\u0103 aceasta ventilatoarele func\u021bioneaz\u0103 deosebit de silen\u021bios, fapt care face posibil\u0103 utilizarea lor \u00een \u00eenc\u0103perile de dormit.<\/li>\n<li>Bine\u00een\u021beles c\u0103 ventilatoarele sunt concepute dup\u0103 cele mai stricte m\u0103suri de siguran\u021b\u0103. Piciorul stabil sub form\u0103 de stea se \u00eengrijeste de o stabilitate des\u0103v\u00e2r\u0219it\u0103 iar cele trei palete de\u021bin o carcas\u0103 din grilaj metalic at\u00e2t frontal c\u00e2t \u0219i pe partea de din spate care confer\u0103 o protec\u021bie la accidentare. Protec\u021bia la supra\u00eenc\u0103lzire \u00eentrege\u0219te complexul de func\u021bioni de protejare \u00een utilizare a ventilatoarelor.<\/li>\n<\/ul>\n<h3>Ventilatoarele cu picior\u00a0 TVE 15 S \u0219i TVE 17 S \u2013 deosebit de ieftin!<\/h3>\n<p>Comanda\u021bi acum \u00een magazinul nostru online la cele mai bune condi\u021bii de cumparare<\/p>\n<ul>\n<li><a href=\"https:\/\/www.trotec24.ro\/masini\/ventilatie\/ventilator-cu-picior-tve-15-s.html?rc=783e2f47dd\" class=\"broken_link\">Ventilatorul cu picior TVE 15 S <\/a><\/li>\n<li><a href=\"https:\/\/www.trotec24.ro\/masini\/ventilatie\/ventilator-cu-picior-tve-17-s.html?rc=783e2f47dd\" class=\"broken_link\">Ventilatorul cu picior TVE 17 S<\/a><\/li>\n<\/ul>\n<p>\u2013 acum \u00een magazinul Trotec-Shop!<\/p>\n","protected":false},"excerpt":{"rendered":"<p>Sfatul zilei: \u201ePurta\u021bi lenjerie func\u021bional\u0103!\u201c \u00cembr\u0103ca\u021bi mai bine, \u00een loc de c\u0103ma\u0219a de corp din bumbac, un maieu func\u021bional, pentru c\u0103 acest material transport\u0103 umezeala \u0219i c\u0103ldura spre afar\u0103. La bumbac r\u0103m\u00e2ne transpira\u021bia \u00eentre fibrele \u021bes\u0103turii, fapt care face s\u0103 apar\u0103 un sentiment nepl\u0103cut de umed. R\u0103m\u00e2ne\u021bi apoi \u00een apropierea unuia dintre ventilatoarele noastre TVE 15 S sau TVE 17 S \u0219i savura\u021bi o zi r\u0103coroas\u0103 indiferent c\u00e2t de fierbinte este afar\u0103!<\/p>\n","protected":false},"author":66,"featured_media":4693,"comment_status":"open","ping_status":"open","sticky":false,"template":"","format":"standard","meta":[],"categories":[6,8,9,12,2,41,22],"tags":[57,171,91,65,90,92,55,169],"_links":{"self":[{"href":"https:\/\/www.trotec-blog.com\/ro\/wp-json\/wp\/v2\/posts\/4691"}],"collection":[{"href":"https:\/\/www.trotec-blog.com\/ro\/wp-json\/wp\/v2\/posts"}],"about":[{"href":"https:\/\/www.trotec-blog.com\/ro\/wp-json\/wp\/v2\/types\/post"}],"author":[{"embeddable":true,"href":"https:\/\/www.trotec-blog.com\/ro\/wp-json\/wp\/v2\/users\/66"}],"replies":[{"embeddable":true,"href":"https:\/\/www.trotec-blog.com\/ro\/wp-json\/wp\/v2\/comments?post=4691"}],"version-history":[{"count":2,"href":"https:\/\/www.trotec-blog.com\/ro\/wp-json\/wp\/v2\/posts\/4691\/revisions"}],"predecessor-version":[{"id":4699,"href":"https:\/\/www.trotec-blog.com\/ro\/wp-json\/wp\/v2\/posts\/4691\/revisions\/4699"}],"wp:featuredmedia":[{"embeddable":true,"href":"https:\/\/www.trotec-blog.com\/ro\/wp-json\/wp\/v2\/media\/4693"}],"wp:attachment":[{"href":"https:\/\/www.trotec-blog.com\/ro\/wp-json\/wp\/v2\/media?parent=4691"}],"wp:term":[{"taxonomy":"category","embeddable":true,"href":"https:\/\/www.trotec-blog.com\/ro\/wp-json\/wp\/v2\/categories?post=4691"},{"taxonomy":"post_tag","embeddable":true,"href":"https:\/\/www.trotec-blog.com\/ro\/wp-json\/wp\/v2\/tags?post=4691"}],"curies":[{"name":"wp","href":"https:\/\/api.w.org\/{rel}","templated":true}]}}