{"id":4628,"date":"2017-08-18T12:39:25","date_gmt":"2017-08-18T10:39:25","guid":{"rendered":"https:\/\/www.trotec-blog.com\/ro\/?p=4628"},"modified":"2017-08-18T15:19:24","modified_gmt":"2017-08-18T13:19:24","slug":"2130-sfaturi-de-la-trotec-contra-caniculei-ventilatorul-de-podea-tvm-14","status":"publish","type":"post","link":"https:\/\/www.trotec-blog.com\/ro\/blog\/trotec\/2130-sfaturi-de-la-trotec-contra-caniculei-ventilatorul-de-podea-tvm-14\/","title":{"rendered":"21\/30 Sfaturi de la Trotec contra caniculei. Ventilatorul de podea TVM 14"},"content":{"rendered":"<h2><a href=\"https:\/\/www.trotec-blog.com\/ro\/files\/2017\/08\/tro_blog_hitze_21-30_banner.jpg\"><img loading=\"lazy\" class=\"alignnone wp-image-4629 size-full\" src=\"https:\/\/www.trotec-blog.com\/ro\/files\/2017\/08\/tro_blog_hitze_21-30_banner.jpg\" alt=\"\" width=\"700\" height=\"300\" srcset=\"https:\/\/www.trotec-blog.com\/ro\/files\/2017\/08\/tro_blog_hitze_21-30_banner.jpg 700w, https:\/\/www.trotec-blog.com\/ro\/files\/2017\/08\/tro_blog_hitze_21-30_banner-300x129.jpg 300w\" sizes=\"(max-width: 700px) 100vw, 700px\" \/><\/a><\/h2>\n<h2>Sfatul zilei: \u201ePurta\u021bi \u00eembr\u0103c\u0103minte aerisit\u0103!\u201c Cea mai indicat\u0103 este din p\u00e2nz\u0103 \u0219i bumbac. Aceste materiale las\u0103 s\u0103 circule cea mai mic\u0103 mi\u0219care de aer \u0219i v\u0103 confer\u0103 astfel c\u00e2t dec\u00e2t o u\u0219oar\u0103 aerisire. L\u00e2ng\u0103 o \u00eembr\u0103c\u0103minte elegant\u0103 din p\u00e2nz\u0103 v\u0103 recomand\u0103m ventilatorul nostru clasic de podea <a href=\"https:\/\/www.trotec24.ro\/masini\/ventilatie\/ventilatoare-seria-tvm\/ventilator-de-podea-tvm-14.html?rc=783e2f47dd\" class=\"broken_link\">TVM 14<\/a>. Acest aparat are o optic\u0103 retro \u0219i red\u0103 un v\u00e2nt din fa\u021b\u0103 dar \u0219i din spate la orice intensitate pe care o dori\u021bi. Pe l\u00e2ng\u0103 aceasta, ventilatorul este un eye-catcher at\u00e2t acas\u0103 c\u00e2t \u0219i la birou.<\/h2>\n<p><!--more--><\/p>\n<p>Confec\u021bionat \u00een \u00eentregime din metal \u0219i \u00een mare parte cromat, <a href=\"https:\/\/www.trotec24.ro\/masini\/ventilatie\/ventilatoare-seria-tvm\/ventilator-de-podea-tvm-14.html?rc=783e2f47dd\" class=\"broken_link\">ventilatorul TVM 14<\/a> face o impresie elegant\u0103, chiar str\u0103lucitoare. Cu ajutorul dispozitivului op\u021bional de prindere pe perete sau tavan, ventilatorul este aproape peste tot utilizabil, fie acas\u0103, la birou, la o petrecere sau \u00een restaurant. <a href=\"https:\/\/www.trotec24.ro\/masini\/ventilatie\/ventilatoare-seria-tvm\/ventilator-de-podea-tvm-14.html?rc=783e2f47dd\" class=\"broken_link\">Ventilatorul de podea<\/a> este pe departe unul dintre cele mai atractive dar nu numai at\u00e2t. Obiectul de cult de\u021bine o putere de 70 Wa\u021bi \u0219i un diametru al palatelor de\u00a0 14 \u021boli (circa 35 cm).<\/p>\n<h3>Elibera\u021bi de canicul\u0103 datorit\u0103 acestor avantaje<\/h3>\n<ul>\n<li>TVM 14 este confec\u021bionat de la paletele sale cromate p\u00e2n\u0103 la piciorul cromat, complet din metal. Chiar \u0219i motorul este dotat cu o bobin\u0103 rezistent\u0103 din cupru.<\/li>\n<\/ul>\n<ul>\n<li>Ventilatorul de podea este utilizabil pentru multe func\u021biuni precum aerisire, producerea de v\u00e2nt, r\u0103cirea sau uscare.<\/li>\n<\/ul>\n<ul>\n<li>3 trepte de vitez\u0103 dau posibilitatea unui scenariu de aerisire \u00eencep\u00e2nd de la o briz\u0103 u\u0219oar\u0103 p\u00e2n\u0103 la un v\u00e2nt puternic. Toate elementele de utilizare sunt pe partea posterioar\u0103 a co\u0219ului de metal al rotorului.<\/li>\n<\/ul>\n<ul>\n<li>Co\u0219ul rotorului se poate \u00eenclina \u00een orizontal\u0103 p\u00e2n\u0103 la 100\u00b0, astfel pute\u021bi s\u0103 indrepta\u021bi curentul de aer \u00een direc\u021bia dorit\u0103 de dumneavoastr\u0103.<\/li>\n<\/ul>\n<ul>\n<li>Pentru o pozi\u021bie stabil\u0103 a ventilatorului, sunt montate trei picioru\u0219e din cauciuc, ceea ce face ca ventilatorul s\u0103 fie robust \u0219i sigur.<\/li>\n<\/ul>\n<ul>\n<li>\u00a0TVM 14 necesit\u0103 pe podea foarte pu\u021bin loc de amplasare \u0219i pentru mutarea sa de la un loc la altul are montat un m\u00e2ner iar cablul de alimentare se poate plia pe un dispozitiv special.<\/li>\n<\/ul>\n<h3>Ventilatorul de podea TVM 14 \u2013 Clasicul \u00een optic\u0103 retro!<\/h3>\n<p>Comanda\u021bi <a href=\"https:\/\/www.trotec24.ro\/masini\/ventilatie\/ventilatoare-seria-tvm\/ventilator-de-podea-tvm-14.html?rc=783e2f47dd\" class=\"broken_link\">ventilatorul de podea TVM 14<\/a> \u00een magazinul nostru online &#8211; Trotec-Shop!<\/p>\n","protected":false},"excerpt":{"rendered":"<p>Sfatul zilei: \u201ePurta\u021bi \u00eembr\u0103c\u0103minte aerisit\u0103!\u201c Cea mai indicat\u0103 este din p\u00e2nz\u0103 \u0219i bunbac. Aceste materiale las\u0103 s\u0103 circule cea mai mic\u0103 mi\u0219care de aer \u0219i v\u0103 confer\u0103 astfel c\u00e2t dec\u00e2t o u\u0219oar\u0103 aerisire. L\u00e2ng\u0103 o \u00eembr\u0103c\u0103minte elegant\u0103 din p\u00e2nz\u0103 v\u0103 recomand\u0103m ventilatorul nostru clasic de podea TVM 14. Acest aparat are o optic\u0103 retro \u0219i red\u0103 un v\u00e2nt din fa\u021b\u0103 dar \u0219i din spate la orice intensitate pe care o dori\u021bi. Pe l\u00e2ng\u0103 aceasta, ventilatorul este un eye-catcher at\u00e2t acas\u0103 c\u00e2t \u0219i la birou.<\/p>\n","protected":false},"author":66,"featured_media":4630,"comment_status":"open","ping_status":"open","sticky":false,"template":"","format":"standard","meta":[],"categories":[6,7,8,9,12,14,2,41],"tags":[185,184,88,55,39,140],"_links":{"self":[{"href":"https:\/\/www.trotec-blog.com\/ro\/wp-json\/wp\/v2\/posts\/4628"}],"collection":[{"href":"https:\/\/www.trotec-blog.com\/ro\/wp-json\/wp\/v2\/posts"}],"about":[{"href":"https:\/\/www.trotec-blog.com\/ro\/wp-json\/wp\/v2\/types\/post"}],"author":[{"embeddable":true,"href":"https:\/\/www.trotec-blog.com\/ro\/wp-json\/wp\/v2\/users\/66"}],"replies":[{"embeddable":true,"href":"https:\/\/www.trotec-blog.com\/ro\/wp-json\/wp\/v2\/comments?post=4628"}],"version-history":[{"count":5,"href":"https:\/\/www.trotec-blog.com\/ro\/wp-json\/wp\/v2\/posts\/4628\/revisions"}],"predecessor-version":[{"id":4634,"href":"https:\/\/www.trotec-blog.com\/ro\/wp-json\/wp\/v2\/posts\/4628\/revisions\/4634"}],"wp:featuredmedia":[{"embeddable":true,"href":"https:\/\/www.trotec-blog.com\/ro\/wp-json\/wp\/v2\/media\/4630"}],"wp:attachment":[{"href":"https:\/\/www.trotec-blog.com\/ro\/wp-json\/wp\/v2\/media?parent=4628"}],"wp:term":[{"taxonomy":"category","embeddable":true,"href":"https:\/\/www.trotec-blog.com\/ro\/wp-json\/wp\/v2\/categories?post=4628"},{"taxonomy":"post_tag","embeddable":true,"href":"https:\/\/www.trotec-blog.com\/ro\/wp-json\/wp\/v2\/tags?post=4628"}],"curies":[{"name":"wp","href":"https:\/\/api.w.org\/{rel}","templated":true}]}}