{"id":4608,"date":"2017-08-11T16:58:24","date_gmt":"2017-08-11T14:58:24","guid":{"rendered":"https:\/\/www.trotec-blog.com\/ro\/?p=4608"},"modified":"2019-03-07T09:54:25","modified_gmt":"2019-03-07T07:54:25","slug":"ventilator-de-avans-ttv-2500-din-nou-pe-stoc","status":"publish","type":"post","link":"https:\/\/www.trotec-blog.com\/ro\/blog\/trotec\/ventilator-de-avans-ttv-2500-din-nou-pe-stoc\/","title":{"rendered":"Ventilator de avans TTV 2500 &#8211; din nou pe stoc!"},"content":{"rendered":"<h2><a href=\"https:\/\/www.trotec-blog.com\/ro\/files\/2017\/08\/ro_tro_blog_ttv_2500_banner.jpg\"><img loading=\"lazy\" class=\"alignnone wp-image-4609 size-full\" src=\"https:\/\/www.trotec-blog.com\/ro\/files\/2017\/08\/ro_tro_blog_ttv_2500_banner.jpg\" alt=\"\" width=\"700\" height=\"300\" srcset=\"https:\/\/www.trotec-blog.com\/ro\/files\/2017\/08\/ro_tro_blog_ttv_2500_banner.jpg 700w, https:\/\/www.trotec-blog.com\/ro\/files\/2017\/08\/ro_tro_blog_ttv_2500_banner-300x129.jpg 300w\" sizes=\"(max-width: 700px) 100vw, 700px\" \/><\/a><\/h2>\n<h2>Un aer proasp\u0103t pentru \u0219antier!! Pentru asta se \u00eengrije\u0219te ventilatorul de avans TTV 2500, care prin suflanta sa puternic\u0103 reu\u0219e\u0219te s\u0103 transporte aer pe distan\u021be mai lungi \u0219i la etajlele \u00eenvecinate. Ventilatorul robus \u0219i u\u0219or de\u021bine poten\u021ba pentru un schimb optimal de aer pe canalele de lucru sau la utilizarea de aparate de sudur\u0103.<\/h2>\n<p><!--more--><\/p>\n<p>Faptul ca ventilatorul de avans TTV 2500 se porne\u0219te la lucru ca un adev\u0103rat profesionist o arat\u0103 design-ul s\u0103u marcanr cu m\u00e2nere integrale \u0219i butoane protejate la lovire. Carcasa din polietilen este stivuibil\u0103. Pe l\u00e2ng\u0103 acestea , ventilatorul axial cu puterea suflantei sale capsate, cea ce face din ventilator o solu\u021bie simpl\u0103 \u0219i economic\u0103 pentrulucr\u0103ri de aerare \u0219i dezaerare. Capacitatea sa maxim\u0103 de aerare este de 2.200 m\u00b3\/h la o presiune maxim\u0103 de aer de 300 Pa!<\/p>\n<h3>A\u0219a func\u021bioneaz\u0103<\/h3>\n<p>Ventilatorul axial TTV 2500 de\u021bine pe ambele p\u0103r\u021bi posibilit\u0103\u021bi de racordare astfel se pot ata\u0219a furtune de extragere \u0219i de evacuare de p\u00e2n\u0103 la 38 metri lungime. Acest lucru d\u0103 posibilitatea utiliz\u0103rii \u00een combina\u021bie a unui sac pentru praf pe partea de exhaustare \u0219i un furtun pe partea de extractie a aerului. Pe l\u00e2ng\u0103 acesta ventilatorul ventilatorul se poate folosi la lucr\u0103rile mobile de climatizare sau \u00eenc\u0103lzire ca ventilator de transport.<\/p>\n<p>Chiar \u0219i pentru sprijinul agregatelor de \u00eenc\u0103lzire \u0219i r\u0103cire se poate utiliza acest ventilator de avans. astfel, ventilatorul se a\u0219eaz\u0103 \u00eentre dou\u0103 furtune de transport \u0219i astfel se m\u0103re\u0219te capacitatea de transport a aerului rece sau cald. Ventilatoarele TTV 2500, datorit\u0103 design-ului industrial german se pot stivui unul peste altul. acest lucru d\u0103 posibilitatea unei utiliz\u0103ri flexibile \u0219i \u00een acela\u0219i timp se economise\u0219te loc la transportul acestor ventilatoare.<\/p>\n<h3>Patru dintre multele avantaje care pe mine m-au convins:<\/h3>\n<ul>\n<li>Proiectarea, design-ul \u0219i fabricarea sunt un produs 100 % de la Trotec<\/li>\n<li>Posibilitatea de montare pe ambele p\u0103r\u021bi de furtune de transport<\/li>\n<li>Carcasa robust\u0103 din poliester<\/li>\n<li>Modalitatea de stivuire care u\u0219ureaz\u0103 depozitarea \u0219i transportul<\/li>\n<\/ul>\n<h3>Ventilatorul TTV 2500 \u2013 solu\u021bie profesional\u0103 pentru \u0219antier<\/h3>\n<p>Comanda\u021bi \u00een magazinul nostru online , ventilatorul de avans TTV 2500 &#8211; acum \u00een Trotec-Shop!<\/p>\n","protected":false},"excerpt":{"rendered":"<p>Un aer proasp\u0103t pentru \u0219antier!! Pentru asta se \u00eengrije\u0219te ventilatorul de avans TTV 2500, care prin suflanta sa puternic\u0103 reu\u0219e\u0219te s\u0103 transporte aer pe distan\u021be mai lungi \u0219i la etajlele \u00eenvecinate. Ventilatorul robus \u0219i u\u0219or de\u021bine poten\u021ba pentru un schimb optimal de aer pe canalele de lucru sau la utilizarea de aparate de sudur\u0103.<\/p>\n","protected":false},"author":66,"featured_media":4610,"comment_status":"open","ping_status":"open","sticky":false,"template":"","format":"standard","meta":[],"categories":[6,7,11,2],"tags":[178,177,55,179,176,175],"_links":{"self":[{"href":"https:\/\/www.trotec-blog.com\/ro\/wp-json\/wp\/v2\/posts\/4608"}],"collection":[{"href":"https:\/\/www.trotec-blog.com\/ro\/wp-json\/wp\/v2\/posts"}],"about":[{"href":"https:\/\/www.trotec-blog.com\/ro\/wp-json\/wp\/v2\/types\/post"}],"author":[{"embeddable":true,"href":"https:\/\/www.trotec-blog.com\/ro\/wp-json\/wp\/v2\/users\/66"}],"replies":[{"embeddable":true,"href":"https:\/\/www.trotec-blog.com\/ro\/wp-json\/wp\/v2\/comments?post=4608"}],"version-history":[{"count":4,"href":"https:\/\/www.trotec-blog.com\/ro\/wp-json\/wp\/v2\/posts\/4608\/revisions"}],"predecessor-version":[{"id":7142,"href":"https:\/\/www.trotec-blog.com\/ro\/wp-json\/wp\/v2\/posts\/4608\/revisions\/7142"}],"wp:featuredmedia":[{"embeddable":true,"href":"https:\/\/www.trotec-blog.com\/ro\/wp-json\/wp\/v2\/media\/4610"}],"wp:attachment":[{"href":"https:\/\/www.trotec-blog.com\/ro\/wp-json\/wp\/v2\/media?parent=4608"}],"wp:term":[{"taxonomy":"category","embeddable":true,"href":"https:\/\/www.trotec-blog.com\/ro\/wp-json\/wp\/v2\/categories?post=4608"},{"taxonomy":"post_tag","embeddable":true,"href":"https:\/\/www.trotec-blog.com\/ro\/wp-json\/wp\/v2\/tags?post=4608"}],"curies":[{"name":"wp","href":"https:\/\/api.w.org\/{rel}","templated":true}]}}