{"id":4565,"date":"2017-08-11T13:47:48","date_gmt":"2017-08-11T11:47:48","guid":{"rendered":"https:\/\/www.trotec-blog.com\/ro\/?p=4565"},"modified":"2022-04-11T09:31:39","modified_gmt":"2022-04-11T07:31:39","slug":"noutate-aparatul-de-aer-conditionat-pac-2300-x-este-din-nou-pe-stoc","status":"publish","type":"post","link":"https:\/\/www.trotec-blog.com\/ro\/blog\/trotec\/noutate-aparatul-de-aer-conditionat-pac-2300-x-este-din-nou-pe-stoc\/","title":{"rendered":"Noutate! Aparatul de aer condi\u021bionat PAC 2300 X este din nou pe stoc."},"content":{"rendered":"<h2><a href=\"https:\/\/ro.trotec.com\/shop\/\"><img loading=\"lazy\" class=\"alignnone wp-image-4566 size-full\" src=\"https:\/\/www.trotec-blog.com\/ro\/files\/2017\/08\/ro_tro_blog_pac_2300x_banner.jpg\" alt=\"\" width=\"700\" height=\"300\" srcset=\"https:\/\/www.trotec-blog.com\/ro\/files\/2017\/08\/ro_tro_blog_pac_2300x_banner.jpg 700w, https:\/\/www.trotec-blog.com\/ro\/files\/2017\/08\/ro_tro_blog_pac_2300x_banner-300x129.jpg 300w\" sizes=\"(max-width: 700px) 100vw, 700px\" \/><\/a><\/h2>\n<h2>\u00cenainte s\u0103 reapar\u0103 canicula la fereastr\u0103 sau s\u0103 intre neinvitat\u0103 pe u\u0219\u0103 ar trebui s\u0103 studia\u021bi pu\u021bin noul nostru multitalent <a href=\"https:\/\/ro.trotec.com\/shop\/\">PAC 2300 X<\/a>. Ca punct de ajutor v\u0103 descriem mai jos c\u00e2teva func\u021biuni \u0219i ce se poate face cu func\u021biunile suplimentare de ventila\u021bie \u0219i dezumidificare. pe l\u00e2ng\u0103 aceasta v\u0103 list\u0103m \u0219i alte\u00a0 precum \u0219i alte caracteristici confortabile.<\/h2>\n<p><!--more--><\/p>\n<p>Noul <a href=\"https:\/\/ro.trotec.com\/shop\/\">aparat de aer condi\u021bionat PAC 2300 X<\/a> se potrive\u0219t prin puterea sa de 2,3 kW \u0219i prin eficein\u021ba clasei de energie A ideal pentru locuin\u021be \u0219i birouri cu un volum de p\u00e2n\u0103 la 75 m\u00b3. Prin func\u021biunea inteligent\u0103 de economisire de energie, aparatul de aer condi\u021bionat face fa\u021b\u0103 de celelalte aparate de climatizare o figur\u0103 foarte bun\u0103.<\/p>\n<h3>Avantajele utiliz\u0103rii aparatului de aer condi\u021bionat PAC 2300 X \u2026<\/h3>\n<ul>\n<li>de\u021bine o func\u021biune efectiv\u0103 de economisire de energie: la atingerea temperaturii \u021bel care se poate seta f\u0103r\u0103 trepte \u00eentre 17 \u0219i 30 \u00b0C , termostatul integrat nu numai ca decupleaz\u0103 compresorul ci \u0219i ventilatorul, astfel sunt scoase din func\u021biune toa\u021bi consumatorii primari.<\/li>\n<li>activeaz\u0103 automat compresorul \u0219i ventila\u021bia\u00a0 \u00een momentul c\u00e2nd temperatura cre\u0219te peste temperatura \u021bel. Chiar \u0219i atunci c\u00e2nd apare o pan\u0103 de curent func\u021biunea Auto-Start cupleaz\u0103 aparatul cu acelea\u0219i setari pe care le-a avut \u00eenaintea apari\u021biei panei de curent de\u00eendat\u0103 ce aparatul este din nou alimentat cu energie.<\/li>\n<li>are o func\u021biune de dezumidificare care asigur\u0103 o umiditate corect\u0103 a aerului prin capacitatea sa maxim\u0103 de 24 litri zilnic.<\/li>\n<li>prin cele dou\u0103 trepte de ventilare, aparatul aerise\u0219te aerul din \u00eenc\u0103pere \u0219i f\u0103r\u0103 cuplarea func\u021biunii de r\u0103cire. Pendularea automat\u0103 \u0219i setabil\u0103 a direc\u021biei de ventilare \u00eempr\u0103\u0219tie aerul optimal \u00een \u00eenc\u0103pere.<\/li>\n<li>v\u0103 ajut\u0103 la economisirea altor costuri prin temporizatorul integrat \u0219i func\u021biunea de temporizare de 24 de ore. Aceast\u0103 func\u021biune d\u0103 posibilitatea utiliz\u0103rii aparatului \u00een func\u021bie de timp \u0219i de o cuplare \u0219i decuplare automat\u0103 a aparatului.<\/li>\n<li>utiliza\u021bi aparatul la alegere fie prin tabloul de comand\u0103 de pe aparat , fie prin telecomanda aflat\u0103 \u00een furnitur\u0103.<\/li>\n<li>necesit\u0103 foarte rar golirea rezervoarelor de condensat deoarece aparatul de\u021bine o func\u021biune inteligent\u0103 de reciclare prin care apa condensat\u0103 este folosit\u0103 pentru r\u0103cirea condensatorului \u0219i astfel restul de ap\u0103 condensat\u0103 se evapor\u0103.<\/li>\n<li>cu ajutorul m\u00e2nerelor \u0219i rolelor de transport \u0219i prin construc\u021bia sa compact\u0103, aparatul se las\u0103 foarte u\u0219or transportat de la un loc la altul.<\/li>\n<\/ul>\n<h3><a href=\"https:\/\/ro.trotec.com\/shop\/\">Aparat de climatizare 3-\u00een-1 PAC 2300 X<\/a> \u2013 3 moduri de func\u021bionare<\/h3>\n<p>Comanda\u021bi aparatul de aer condi\u021bionat PAC 2300 x \u00een magazinul nostru online &#8211; Trotec-Shop!<\/p>\n","protected":false},"excerpt":{"rendered":"<p>\u00cenainte s\u0103 reapar\u0103 canicula la fereastr\u0103 sau s\u0103 intre neinvitat\u0103 pe u\u0219\u0103 ar trebui s\u0103 studia\u021bi pu\u021bin noul nostru multitalent PAC 2300 X. Ca punct de ajutor v\u0103 descriem mai jos c\u00e2teva func\u021biuni \u0219i ce se poate face cu func\u021biunile suplimentare de ventila\u021bie \u0219i dezumidificare. pe l\u00e2ng\u0103 aceasta v\u0103 list\u0103m \u0219i alte  precum \u0219i alte caracteristici confortabile.<\/p>\n","protected":false},"author":66,"featured_media":4567,"comment_status":"open","ping_status":"open","sticky":false,"template":"","format":"standard","meta":[],"categories":[6,8,9,12,14,2,41],"tags":[58,21,48,150,56,75,168,167],"_links":{"self":[{"href":"https:\/\/www.trotec-blog.com\/ro\/wp-json\/wp\/v2\/posts\/4565"}],"collection":[{"href":"https:\/\/www.trotec-blog.com\/ro\/wp-json\/wp\/v2\/posts"}],"about":[{"href":"https:\/\/www.trotec-blog.com\/ro\/wp-json\/wp\/v2\/types\/post"}],"author":[{"embeddable":true,"href":"https:\/\/www.trotec-blog.com\/ro\/wp-json\/wp\/v2\/users\/66"}],"replies":[{"embeddable":true,"href":"https:\/\/www.trotec-blog.com\/ro\/wp-json\/wp\/v2\/comments?post=4565"}],"version-history":[{"count":9,"href":"https:\/\/www.trotec-blog.com\/ro\/wp-json\/wp\/v2\/posts\/4565\/revisions"}],"predecessor-version":[{"id":15385,"href":"https:\/\/www.trotec-blog.com\/ro\/wp-json\/wp\/v2\/posts\/4565\/revisions\/15385"}],"wp:featuredmedia":[{"embeddable":true,"href":"https:\/\/www.trotec-blog.com\/ro\/wp-json\/wp\/v2\/media\/4567"}],"wp:attachment":[{"href":"https:\/\/www.trotec-blog.com\/ro\/wp-json\/wp\/v2\/media?parent=4565"}],"wp:term":[{"taxonomy":"category","embeddable":true,"href":"https:\/\/www.trotec-blog.com\/ro\/wp-json\/wp\/v2\/categories?post=4565"},{"taxonomy":"post_tag","embeddable":true,"href":"https:\/\/www.trotec-blog.com\/ro\/wp-json\/wp\/v2\/tags?post=4565"}],"curies":[{"name":"wp","href":"https:\/\/api.w.org\/{rel}","templated":true}]}}