{"id":4467,"date":"2017-07-14T16:47:05","date_gmt":"2017-07-14T14:47:05","guid":{"rendered":"https:\/\/www.trotec-blog.com\/ro\/?p=4467"},"modified":"2022-04-11T09:31:39","modified_gmt":"2022-04-11T07:31:39","slug":"noul-aparat-de-aer-conditionat-pac-2010-s-e-din-nou-livrabil","status":"publish","type":"post","link":"https:\/\/www.trotec-blog.com\/ro\/blog\/trotec\/noul-aparat-de-aer-conditionat-pac-2010-s-e-din-nou-livrabil\/","title":{"rendered":"Noul aparat de aer condi\u021bionat PAC 2010 S &#8211; e din nou livrabil"},"content":{"rendered":"<h2><a href=\"https:\/\/www.trotec-blog.com\/ro\/files\/2017\/07\/tro_blog_pac_2010_s_banner.jpg\"><img loading=\"lazy\" class=\"alignnone wp-image-4468 size-full\" src=\"https:\/\/www.trotec-blog.com\/ro\/files\/2017\/07\/tro_blog_pac_2010_s_banner.jpg\" alt=\"\" width=\"700\" height=\"300\" srcset=\"https:\/\/www.trotec-blog.com\/ro\/files\/2017\/07\/tro_blog_pac_2010_s_banner.jpg 700w, https:\/\/www.trotec-blog.com\/ro\/files\/2017\/07\/tro_blog_pac_2010_s_banner-300x129.jpg 300w\" sizes=\"(max-width: 700px) 100vw, 700px\" \/><\/a><\/h2>\n<h2>Ne afl\u0103m la mijlocul verii! To\u021bi cei care au rezistat p\u00e2n\u0103 acum f\u0103r\u0103 aparate de climatizare pot lua \u00een sf\u00e2r\u0219it o pauz\u0103. Dar vara nu s-a oprit aici, ci merge mai departe cel pu\u021bin la fel de fierbinte ca \u0219i p\u00e2n\u0103 acum. Recomandarea noastr\u0103 tuturor celor care nu vor s\u0103 repete experian\u021ba primei jum\u0103t\u0103\u021bi a verii este, s\u0103 achizi\u021biona\u021bi <a href=\"https:\/\/ro.trotec.com\/shop\/\">aparatul de aer condi\u021bionat 3-\u00een-1 PAC 2010 S<\/a>, care fusese p\u00e2n\u0103 nu demult complet v\u00e2ndut!<\/h2>\n<p><!--more--><\/p>\n<p>\u00cenainte de toate, nu este nevoie s\u0103 v\u0103 preocupa\u021bi de prea multe la PAC 2010 S. Regimul de func\u021bionare automat men\u021bine efectiv \u0219i economicos temperatura din \u00eenc\u0103pere la un nivel agreabil. Aceast\u0103 r\u0103corire pl\u0103cut\u0103 func\u021bioneaz\u0103 dup\u0103 un principiu simplu: la o temperatur\u0103 situat\u0103 peste sau egal\u0103 cu cea setat\u0103 de dumneavoastr\u0103 de 24 \u00b0C , aparatul de aer condi\u021bionat func\u021bioneaz\u0103 \u00een regim automat. Dac\u0103 temperatura scade sub aceast\u0103 marc\u0103, se porne\u0219te automat doar ventilatorul.<\/p>\n<h3>Avantajele practice la un loc \u2013 <a href=\"https:\/\/ro.trotec.com\/shop\/\">aparatul de climatizare PAC 2010 S<\/a>&#8230;<\/h3>\n<ul>\n<li>este potrivit perfect, prin capacitatea sa de 2 kW de r\u0103cire, precum \u0219i de clasa de eficien\u021b\u0103 a energiei A, pentru r\u0103cirea birourilor \u0219i \u00eenc\u0103perilor de ca. 65 m\u00b3.<\/li>\n<li>de\u021bine trei moduri de func\u021bionare: r\u0103cire, ventilare \u0219i dezumidificare. Aparatul reu\u0219e\u0219te s\u0103 p\u0103streze \u00eenc\u0103perea uscat\u0103, prin capacitatea sa de dezumidificare de p\u00e2n\u0103 la 24 litri. \u00cen compara\u021bie cu alte aparate de aclimatizare, rezervorul de condensat trebuie foarte rar golit deoarece aparatul de\u021bine un sistem inteligent de reciclare a apei condensate, folosind-o pentru r\u0103cirea condensatorului, ceea ce face ca o mare parte din ea s\u0103 se evapore.<\/li>\n<li>confer\u0103 o \u00eemp\u0103r\u021bire \u0219i regularizare optimal\u0103 a aerului prin trei trepte de ventilare \u0219i o direc\u021bionare a curentului de aer setabil\u0103.<\/li>\n<li>economise\u0219te prin func\u021biunea integrat\u0103 de 24 de ore de timer, \u00een regim de func\u021bionare automat. Acest tempomat v\u0103 d\u0103 posibilitatea utiliz\u0103rii aparatului \u00een func\u021bie de timp, numai atunci c\u00e2nd ave\u021bi nevoie de r\u0103cire.<\/li>\n<li>confer\u0103 posibilitatea comand\u0103rii aparatului de la distan\u021b\u0103, prin telecomanda IR din dotare, sau prin tabloul de comand\u0103 cu taste din membran\u0103 de pe frontul aparatului.<\/li>\n<li>prin construc\u021bia sa compact\u0103, prin m\u00e2nerele \u0219i rolele de transport integrate, aparatul se poate transporta cu u\u0219urin\u021b\u0103 la fiecare loca\u021bie la care dorim o r\u0103corire eficient\u0103.<\/li>\n<\/ul>\n<h3>Aparatul de clim\u0103 PAC 2010 S \u2013 a doua parte a verii va fi astfel r\u0103coroas\u0103!<\/h3>\n<p>Comanda\u021bi <a href=\"https:\/\/ro.trotec.com\/shop\/\">aparatul 3- \u00een-1 de aer condi\u021bionat PAC 2010 S<\/a>, \u00een magazinul nostru online &#8211; Trotec-Shop!<\/p>\n","protected":false},"excerpt":{"rendered":"<p>Ne afl\u0103m la mijlocul verii! To\u021bi cei care au rezistat p\u00e2n\u0103 acum f\u0103r\u0103 aparate de climatizare pot lua \u00een sf\u00e2r\u0219it o pauz\u0103. Dar vara nu s-a oprit aici, ci merge mai departe cel pu\u021bin la fel de fierbinte ca \u0219i p\u00e2n\u0103 acum. Recomandarea noastr\u0103 tuturor celor care nu vor s\u0103 repete experian\u021ba primei jum\u0103t\u0103\u021bi a [&hellip;]<\/p>\n","protected":false},"author":66,"featured_media":4469,"comment_status":"open","ping_status":"open","sticky":false,"template":"","format":"standard","meta":[],"categories":[6,8,9,12,2,22],"tags":[48,37,113,112],"_links":{"self":[{"href":"https:\/\/www.trotec-blog.com\/ro\/wp-json\/wp\/v2\/posts\/4467"}],"collection":[{"href":"https:\/\/www.trotec-blog.com\/ro\/wp-json\/wp\/v2\/posts"}],"about":[{"href":"https:\/\/www.trotec-blog.com\/ro\/wp-json\/wp\/v2\/types\/post"}],"author":[{"embeddable":true,"href":"https:\/\/www.trotec-blog.com\/ro\/wp-json\/wp\/v2\/users\/66"}],"replies":[{"embeddable":true,"href":"https:\/\/www.trotec-blog.com\/ro\/wp-json\/wp\/v2\/comments?post=4467"}],"version-history":[{"count":7,"href":"https:\/\/www.trotec-blog.com\/ro\/wp-json\/wp\/v2\/posts\/4467\/revisions"}],"predecessor-version":[{"id":15383,"href":"https:\/\/www.trotec-blog.com\/ro\/wp-json\/wp\/v2\/posts\/4467\/revisions\/15383"}],"wp:featuredmedia":[{"embeddable":true,"href":"https:\/\/www.trotec-blog.com\/ro\/wp-json\/wp\/v2\/media\/4469"}],"wp:attachment":[{"href":"https:\/\/www.trotec-blog.com\/ro\/wp-json\/wp\/v2\/media?parent=4467"}],"wp:term":[{"taxonomy":"category","embeddable":true,"href":"https:\/\/www.trotec-blog.com\/ro\/wp-json\/wp\/v2\/categories?post=4467"},{"taxonomy":"post_tag","embeddable":true,"href":"https:\/\/www.trotec-blog.com\/ro\/wp-json\/wp\/v2\/tags?post=4467"}],"curies":[{"name":"wp","href":"https:\/\/api.w.org\/{rel}","templated":true}]}}