{"id":4439,"date":"2017-07-11T09:26:19","date_gmt":"2017-07-11T07:26:19","guid":{"rendered":"https:\/\/www.trotec-blog.com\/ro\/?p=4439"},"modified":"2022-01-17T07:14:52","modified_gmt":"2022-01-17T05:14:52","slug":"1130-sfaturi-de-la-trotec-contra-caniculei-aparatul-de-aer-conditionat-pac3500","status":"publish","type":"post","link":"https:\/\/www.trotec-blog.com\/ro\/blog\/trotec\/1130-sfaturi-de-la-trotec-contra-caniculei-aparatul-de-aer-conditionat-pac3500\/","title":{"rendered":"11\/30 Sfaturi de la Trotec contra caniculei! Aparatul de aer condi\u021bionat PAC3500"},"content":{"rendered":"<h2><a href=\"https:\/\/www.trotec-blog.com\/ro\/files\/2017\/07\/tro_blog_hitze_11-30_banner.jpg\"><img loading=\"lazy\" class=\"alignnone wp-image-4440 size-full\" src=\"https:\/\/www.trotec-blog.com\/ro\/files\/2017\/07\/tro_blog_hitze_11-30_banner.jpg\" alt=\"\" width=\"700\" height=\"300\" srcset=\"https:\/\/www.trotec-blog.com\/ro\/files\/2017\/07\/tro_blog_hitze_11-30_banner.jpg 700w, https:\/\/www.trotec-blog.com\/ro\/files\/2017\/07\/tro_blog_hitze_11-30_banner-300x129.jpg 300w\" sizes=\"(max-width: 700px) 100vw, 700px\" \/><\/a><\/h2>\n<h2>Sfatul zilei: \u201e Consuma\u021bi mai des fructe mediteraneene!\u201c\u00a0 Oferi\u021bi oaspe\u021bilor dumneavoastr\u0103 aceste fructe, deoarece ele sunt snack-ul perfect. Pepenii, ananasul \u0219i alte fructe din sud au o concentra\u021bie foarte mare de ap\u0103 \u0219i minerale. \u0218i pe l\u00e2ng\u0103 acestea ar trebui s\u0103 face\u021bi ceva foarte bun oaspe\u021bilor, subalternilor sau clien\u021bilor dumneavoastr\u0103 &#8211; \u0219i anume o climatizare de cea mai bun\u0103 calitate, donat\u0103 de aparatul nostru de aer condi\u021bionat <a href=\"https:\/\/www.trotec24.ro\/masini\/climatizare\/aparate-de-aer-conditionat-seria-pac?rc=783e2f47dd\" class=\"broken_link\">PAC 3500<\/a>. Este o solu\u021bie perfect\u0103 pentru hoteluri, birouri, ateliere \u0219i, \u0219i, \u0219i&#8230;<\/h2>\n<p><!--more--><\/p>\n<p>C\u00e2nd este vorba de o climatizare eficient\u0103 \u0219i economicoas\u0103 a camerelor de hotel, a birourilor, atelierelor etc. putem vorbi deschis despre aparatul de aer condi\u021bionat de mare clas\u0103 PAC 3500. El de\u021bine o capacitate de r\u0103cire de 3,5 kW, capacitate cu care se pot r\u0103cori \u00eenc\u0103peri de p\u00e2n\u0103 la 115 m\u00b3 \u0219i \u00een plus func\u021bia de dezumidificator cu performan\u021ba de 2,2 litri pe or\u0103 \u00ee\u0219i aduce \u0219ie ea contribu\u021bia la o aclimatizare de bun\u0103 calitate. Datorit\u0103 clasei de eficien\u021b\u0103 a energiei A, aparatul de aer condi\u021bionat este deosebit de economic.<\/p>\n<h3>Elibera\u021bi de canicul\u0103 cu ajutorul urm\u0103toarelor avantaje<\/h3>\n<ul>\n<li>La PAC 3500 pute\u021bi seta direct temperatura pe care dori\u021bi s\u0103 o ave\u021bi \u00een \u00eenc\u0103pere. Termostatul integrat preia automatic valoarea temperaturii reale setate \u0219i regleaz\u0103 de la sine modul de func\u021bionare \u0219i capacitatea de r\u0103cire a aparatului.<\/li>\n<li>Trei trepte de ventila\u021bie \u00eempr\u0103\u0219tie aerul \u00een \u00eenc\u0103pere chiar \u0219i f\u0103r\u0103 s\u0103 cuplati modul de r\u0103cire. Direc\u021bia de suflare a aerului poate fi reglat\u0103 manual dup\u0103 necesita\u021bile individuale.<\/li>\n<li>Comandarea modurilor de func\u021bionare a temperaturii din \u00eenc\u0103pere, a celor trei trepte de ventilare c\u00e2t \u0219i a suflantei automate, se poate face la alegere, fie prin telecomand\u0103 cu infraro\u0219u sau prin m\u00e2nuirirea tabloului de comand\u0103 cu taste cu membran\u0103 \u0219i ecran LED, de pe suprafa\u021ba aparatului de climatizare.<\/li>\n<li>Func\u021biunea confortabil\u0103 de temporizare v\u0103 d\u0103 posibiliatea unei comand\u0103ri a func\u021bionalit\u0103\u021bii aparatului \u00een func\u021bie de timp, func\u021biune care regleaz\u0103 pornirea \u0219i decuplarea automat\u0103 a aparatului de climatizare.<\/li>\n<li>Un filtru de aer lavabil \u0219i antibacterial serve\u0219te la \u00eembun\u0103t\u0103\u021birea calit\u0103\u021bii aerului. Acest filtru filtreaz\u0103 aerul aspirat \u0219i \u00eel red\u0103 apoi \u00een \u00eenc\u0103pere umidificat. Apa extras\u0103 din aer, \u00een modurile de func\u021bionare de r\u0103cire \u0219i dezumidificare, se colecteaz\u0103 sub form\u0103 de condensat \u00eentr-un rezervor.<\/li>\n<li>Datorit\u0103 construc\u021biei sale compacte, a rolelor de transport precum \u0219i a m\u00e2nerelor, <a href=\"https:\/\/www.trotec24.ro\/masini\/climatizare\/aparate-de-aer-conditionat-seria-pac?rc=783e2f47dd\" class=\"broken_link\">aparatul de aer condi\u021bionat<\/a> se poate transporta cu u\u0219urin\u021b\u0103 \u00een orice loc pe care dori\u021bi s\u0103-l r\u0103cori\u021bi.<\/li>\n<li>\u00cenc\u0103 un sfat de la noi: pentru montarea furtunului de evacuare a aerului folosi\u021bi <a href=\"https:\/\/www.trotec24.ro\/masini\/climatizare\/accesorii-climatizare\/element-de-etansare-ferestre-airlock-100.html?rc=783e2f47dd\" class=\"broken_link\">elementul de etan\u0219are ferestre AirLock 100<\/a>. Acesta confer\u0103 o evacuare a aerului cald prin cr\u0103p\u0103tura ferestrei f\u0103r\u0103 s\u0103 ave\u021bi pierderi la r\u0103cire. \u00cen plus acest element de etan\u0219are se \u00eempotrive\u0219te p\u0103trunderii insectelor \u00een \u00eenc\u0103pere.<\/li>\n<\/ul>\n<h3><a href=\"https:\/\/www.trotec24.ro\/masini\/climatizare\/aparate-de-aer-conditionat-seria-pac?rc=783e2f47dd\" class=\"broken_link\">Aparatul local de aer condi\u021bionat PAC 3500<\/a> \u2013 optimal din punct de vedere dotare \u0219i raport pre\u021b la calitate!<\/h3>\n<p>Comanda\u021bi aparatul de aer condi\u021bionat PAC 3500 acum \u00een magazinul nostru online\u00a0 \u2013 Trotec-Shop!<\/p>\n","protected":false},"excerpt":{"rendered":"<p>C\u00e2nd este vorba de o climatizare eficient\u0103 \u0219i economicoas\u0103 a camerelor de hotel, a birourilor, atelierelor etc. putem vorbi deschis despre aparatul de aer condi\u021bionat de mare clas\u0103 PAC 3500. El de\u021bine o capacitate de r\u0103cire de 3,5 kW, capacitate cu care se pot r\u0103cori \u00eenc\u0103peri de p\u00e2n\u0103 la 115 m\u00b3 \u0219i \u00een plus func\u021bia de dezumidificator cu performan\u021ba de 2,2 litri pe or\u0103 \u00ee\u0219i aduce \u0219ie ea contribu\u021bia la o aclimatizare de bun\u0103 calitate. Datorit\u0103 clasei de eficien\u021b\u0103 a energiei A, aparatul de aer condi\u021bionat este deosebit de economic. <\/p>\n","protected":false},"author":66,"featured_media":4441,"comment_status":"open","ping_status":"open","sticky":false,"template":"","format":"standard","meta":[],"categories":[6,9,12,2,41],"tags":[21,74,73,37,102,103],"_links":{"self":[{"href":"https:\/\/www.trotec-blog.com\/ro\/wp-json\/wp\/v2\/posts\/4439"}],"collection":[{"href":"https:\/\/www.trotec-blog.com\/ro\/wp-json\/wp\/v2\/posts"}],"about":[{"href":"https:\/\/www.trotec-blog.com\/ro\/wp-json\/wp\/v2\/types\/post"}],"author":[{"embeddable":true,"href":"https:\/\/www.trotec-blog.com\/ro\/wp-json\/wp\/v2\/users\/66"}],"replies":[{"embeddable":true,"href":"https:\/\/www.trotec-blog.com\/ro\/wp-json\/wp\/v2\/comments?post=4439"}],"version-history":[{"count":5,"href":"https:\/\/www.trotec-blog.com\/ro\/wp-json\/wp\/v2\/posts\/4439\/revisions"}],"predecessor-version":[{"id":14461,"href":"https:\/\/www.trotec-blog.com\/ro\/wp-json\/wp\/v2\/posts\/4439\/revisions\/14461"}],"wp:featuredmedia":[{"embeddable":true,"href":"https:\/\/www.trotec-blog.com\/ro\/wp-json\/wp\/v2\/media\/4441"}],"wp:attachment":[{"href":"https:\/\/www.trotec-blog.com\/ro\/wp-json\/wp\/v2\/media?parent=4439"}],"wp:term":[{"taxonomy":"category","embeddable":true,"href":"https:\/\/www.trotec-blog.com\/ro\/wp-json\/wp\/v2\/categories?post=4439"},{"taxonomy":"post_tag","embeddable":true,"href":"https:\/\/www.trotec-blog.com\/ro\/wp-json\/wp\/v2\/tags?post=4439"}],"curies":[{"name":"wp","href":"https:\/\/api.w.org\/{rel}","templated":true}]}}