{"id":4363,"date":"2017-06-23T17:09:17","date_gmt":"2017-06-23T15:09:17","guid":{"rendered":"https:\/\/www.trotec-blog.com\/ro\/?p=4363"},"modified":"2017-06-23T17:10:56","modified_gmt":"2017-06-23T15:10:56","slug":"noutate-ventilatorul-cu-picior-tve-17-e-in-sfarsit-livrabil","status":"publish","type":"post","link":"https:\/\/www.trotec-blog.com\/ro\/blog\/trotec\/noutate-ventilatorul-cu-picior-tve-17-e-in-sfarsit-livrabil\/","title":{"rendered":"Noutate! Ventilatorul cu picior TVE 17 E &#8211; \u00een sf\u00e2r\u0219it livrabil"},"content":{"rendered":"<h2><a href=\"https:\/\/www.trotec-blog.com\/ro\/files\/2017\/06\/ro_tro_blog_tve17s_banner.jpg\"><img loading=\"lazy\" class=\"alignnone wp-image-4364 size-full\" src=\"https:\/\/www.trotec-blog.com\/ro\/files\/2017\/06\/ro_tro_blog_tve17s_banner.jpg\" alt=\"\" width=\"700\" height=\"300\" srcset=\"https:\/\/www.trotec-blog.com\/ro\/files\/2017\/06\/ro_tro_blog_tve17s_banner.jpg 700w, https:\/\/www.trotec-blog.com\/ro\/files\/2017\/06\/ro_tro_blog_tve17s_banner-300x129.jpg 300w\" sizes=\"(max-width: 700px) 100vw, 700px\" \/><\/a><\/h2>\n<h2>Cine caut\u0103 un partener de \u00eencredere \u00eempotriva caniculei \u0219i a aerului st\u0103tut ar trebui s\u0103 arunce un ochi la <a href=\"https:\/\/www.trotec24.ro\/masini\/ventilatie\/ventilatoare-seria-tve\/ventilator-cu-picior-tve-17-s.html?rc=783e2f47dd\" class=\"broken_link\">noul nostru ventilator cu picior TVE 17 S<\/a>.\u00a0 Specialistul v\u00e2ntului convinge prin m\u0103rimea sa, prin faptul c\u0103 sufl\u0103 curentul de aer \u00een direc\u021bia dorit\u0103 \u0219i confer\u0103 \u00een \u00eenc\u0103pere o atmosfer\u0103 pl\u0103cut\u0103 \u0219i r\u0103coroas\u0103. Pe l\u00e2ng\u0103 aceasta ventilatorul este deosebit de economic \u0219i de\u021bine tehnic\u0103 de ultim moment.<\/h2>\n<p><!--more--><\/p>\n<p>Noul ventilator cu picior TVE 17 S r\u0103core\u0219te cu o deosebit\u0103 economie de energie \u00een compara\u021bie cu alte solu\u021bii de r\u0103cire, cum ar fi <a href=\"https:\/\/www.trotec24.ro\/masini\/climatizare\/aparate-de-aer-conditionat-seria-pac?rc=783e2f47dd\" class=\"broken_link\">aparatele de aer condi\u021bionat mobile<\/a>. Cu puterea sa de 40 wa\u021bi reu\u0219e\u0219te s\u0103 r\u0103coreasc\u0103 chiar \u0219i \u00eenc\u0103peri mai mari. Cu ajutorul oscila\u021biilor decuplabile de\u00a0 80\u00b0, eficien\u021ba ventilatorului se m\u0103re\u0219te v\u0103dit iar \u00eempr\u0103\u0219tierea curentului de aer \u00een \u00eenc\u0103pere se poate m\u0103ri prin rabatarea automat\u0103 a capului ventilatorului. \u00cen plus capul ventilator se poate \u00eenclina vertical cu p\u00e2n\u0103 la 30\u00b0 pentru ca direc\u021bia de suflare s\u0103 fie cea dorit\u0103.<\/p>\n<h3>A\u0219a func\u021bioneaz\u0103<\/h3>\n<p>Cu cele trei viteze de ventilare, <a href=\"https:\/\/www.trotec24.ro\/masini\/ventilatie\/ventilatoare-seria-tve\/ventilator-cu-picior-tve-17-s.html?rc=783e2f47dd\" class=\"broken_link\">TVE 17 S<\/a> poate face fa\u021b\u0103 tuturor necesit\u0103\u021bilor. Pe treapta de ventila\u021bie 1 se produce o r\u0103corire u\u0219oar\u0103 \u0219i pl\u0103cut\u0103, \u00een cazul \u00een care temperatura nu este foarte ridicat\u0103. Pe treapta de ventila\u021bie 2 se poate r\u0103cori mai eficient, de la temperaturi ale mediului de ca. 30 de grade. Cu treapta a 3 -a de ventila\u021bie aerisi\u021bi pur \u0219i simplu aerul st\u0103tut de peste zi, deschiz\u00e2nd larg ferestrele.<\/p>\n<p>Datorit\u0103 faptului c\u0103 ventilatorul se poate fixa vertical f\u0103r\u0103 trepte \u00eentre 105 \u0219i 122 cm, se poate utiliza aproape \u00een orice loc.\u00a0 <a href=\"https:\/\/www.trotec24.ro\/masini\/ventilatie\/ventilatoare-seria-tve\/ventilator-cu-picior-tve-17-s.html?rc=783e2f47dd\" class=\"broken_link\">Ventilatorul TVE 17 S <\/a>ne convinge datorit\u0103 combina\u021biei reu\u0219ite dintre un picior robust \u0219i stabil \u0219i paletele calibrate ale capuli ventilator. Prin aceast\u0103 combina\u021bie ventilatorul func\u021bioneaz\u0103 deosebit de silen\u021bios. Aceasta face ca ventilatorul s\u0103 poat\u0103 fi utilizat f\u0103r\u0103 probleme \u0219i \u00een camerele de dormit. Bine\u00eenteles c\u0103 ventilatorul \u00eentrune\u0219te toate normele de siguran\u021b\u0103. El este protejat \u00eempotriva supra\u00eenc\u0103lzirii iar paletele ventilatorului sunt \u00eenconjurate de un grilaj metalic de protec\u021bie u\u0219or de intre\u021binut \u0219i de demontat. Piciorul robus sub form\u0103 de stea al TVE 17 S confer\u0103 stabilitate.<\/p>\n<h3>Patru dintre multele avantaje care m-au convins:<\/h3>\n<ul>\n<li>Puterea de 40 wa\u021bi<\/li>\n<li>Costuri mici de \u00eentre\u021binere<\/li>\n<li>Trei trepte de ventila\u021bie<\/li>\n<li>Oscila\u021bia automatic\u0103 de 80\u00b0- decuplabil\u0103<\/li>\n<\/ul>\n<h3><a href=\"https:\/\/www.trotec24.ro\/masini\/ventilatie\/ventilatoare-seria-tve\/ventilator-cu-picior-tve-17-s.html?rc=783e2f47dd\" class=\"broken_link\">Ventilatorul cu picior TVE 17 S<\/a> \u2013 cool, silen\u021bios \u0219i stabil!<\/h3>\n<p>Comanda\u021bi ventilatorul nostru cu picior acum \u00een magazinul online &#8211; Trotec-Shop!<\/p>\n","protected":false},"excerpt":{"rendered":"<p>Cine caut\u0103 un partener de \u00eencredere \u00eempotriva caniculei \u0219i a aerului st\u0103tut ar trebui s\u0103 arunce un ochi la noul nostru ventilator cu picior TVE 17 S.  Specialistul v\u00e2ntului convinge prin m\u0103rimea sa, prin faptul c\u0103 sufl\u0103 curentul de aer \u00een direc\u021bia dorit\u0103 \u0219i confer\u0103 \u00een \u00eenc\u0103pere o atmosfer\u0103 pl\u0103cut\u0103 \u0219i r\u0103coroas\u0103. Pe l\u00e2ng\u0103 aceasta ventilatorul este deosebit de economic \u0219i de\u021bine tehnic\u0103 de ultim moment.<\/p>\n","protected":false},"author":66,"featured_media":4365,"comment_status":"open","ping_status":"open","sticky":false,"template":"","format":"standard","meta":[],"categories":[6,8,9,12,2],"tags":[56,65,55],"_links":{"self":[{"href":"https:\/\/www.trotec-blog.com\/ro\/wp-json\/wp\/v2\/posts\/4363"}],"collection":[{"href":"https:\/\/www.trotec-blog.com\/ro\/wp-json\/wp\/v2\/posts"}],"about":[{"href":"https:\/\/www.trotec-blog.com\/ro\/wp-json\/wp\/v2\/types\/post"}],"author":[{"embeddable":true,"href":"https:\/\/www.trotec-blog.com\/ro\/wp-json\/wp\/v2\/users\/66"}],"replies":[{"embeddable":true,"href":"https:\/\/www.trotec-blog.com\/ro\/wp-json\/wp\/v2\/comments?post=4363"}],"version-history":[{"count":3,"href":"https:\/\/www.trotec-blog.com\/ro\/wp-json\/wp\/v2\/posts\/4363\/revisions"}],"predecessor-version":[{"id":4369,"href":"https:\/\/www.trotec-blog.com\/ro\/wp-json\/wp\/v2\/posts\/4363\/revisions\/4369"}],"wp:featuredmedia":[{"embeddable":true,"href":"https:\/\/www.trotec-blog.com\/ro\/wp-json\/wp\/v2\/media\/4365"}],"wp:attachment":[{"href":"https:\/\/www.trotec-blog.com\/ro\/wp-json\/wp\/v2\/media?parent=4363"}],"wp:term":[{"taxonomy":"category","embeddable":true,"href":"https:\/\/www.trotec-blog.com\/ro\/wp-json\/wp\/v2\/categories?post=4363"},{"taxonomy":"post_tag","embeddable":true,"href":"https:\/\/www.trotec-blog.com\/ro\/wp-json\/wp\/v2\/tags?post=4363"}],"curies":[{"name":"wp","href":"https:\/\/api.w.org\/{rel}","templated":true}]}}