{"id":3698,"date":"2017-02-24T13:17:44","date_gmt":"2017-02-24T11:17:44","guid":{"rendered":"https:\/\/www.trotec-blog.com\/ro\/?p=3698"},"modified":"2022-04-11T09:35:08","modified_gmt":"2022-04-11T07:35:08","slug":"44-de-unde-vine-umezeala-incalzirea-si-aerisirea-corecta","status":"publish","type":"post","link":"https:\/\/www.trotec-blog.com\/ro\/blog\/trotec\/44-de-unde-vine-umezeala-incalzirea-si-aerisirea-corecta\/","title":{"rendered":"#4\/4 \u201eDe unde vine umezeala?\u201d &#8211; \u00cenc\u0103lzirea \u0219i aerisirea corect\u0103"},"content":{"rendered":"<h2><a href=\"https:\/\/www.trotec-blog.com\/ro\/files\/2017\/02\/tro_blog_feuchtigkeit_und_schimmel_4-4_banner.jpg\"><img loading=\"lazy\" class=\"alignnone wp-image-3699 size-full\" src=\"https:\/\/www.trotec-blog.com\/ro\/files\/2017\/02\/tro_blog_feuchtigkeit_und_schimmel_4-4_banner.jpg\" width=\"700\" height=\"300\" srcset=\"https:\/\/www.trotec-blog.com\/ro\/files\/2017\/02\/tro_blog_feuchtigkeit_und_schimmel_4-4_banner.jpg 700w, https:\/\/www.trotec-blog.com\/ro\/files\/2017\/02\/tro_blog_feuchtigkeit_und_schimmel_4-4_banner-300x129.jpg 300w\" sizes=\"(max-width: 700px) 100vw, 700px\" \/><\/a>Cine nu \u00eenc\u0103lze\u0219te \u0219i nu aerise\u0219te corect deterioreaz\u0103 clima din \u00eenc\u0103pere \u0219i pl\u0103te\u0219te scump energia termic\u0103. \u0218i asta nu e totul: dac\u0103 umiditatea aerului \u0219i a suprafe\u021belor este prea ridicat\u0103, \u00eens\u0103 temperatura aerului este prea joas\u0103, cre\u0219te pericolul form\u0103rii de mucegai. De aceea ve\u021bi g\u0103si \u00een ultima parte a seriei noastre, sfaturi despre cum s\u0103 \u00eenc\u0103lzi\u021bi \u0219i s\u0103 aerisiti &#8211; inclusiv indica\u021bia noast\u0103 spre <a href=\"https:\/\/ro.trotec.com\/shop\/dezumidificator-ttk-71-e.html?rc=783e2f47dd\" class=\"broken_link\">dezumidificatoarele profesionale din seria TTK de la Trotec<\/a>. <!--more--><\/h2>\n<h3><strong>Aerisirea corect\u0103 &#8211; a\u0219a se face<\/strong><\/h3>\n<ul>\n<li>\n<h3>Aerisi\u021bi mai intensiv \u00eenc\u0103perile dormitoarelor.<\/h3>\n<\/li>\n<\/ul>\n<p style=\"padding-left: 30px\">La modul ideal, dormi\u021bi cu fereastra rabatat\u0103 pentru c\u0103 \u00een acest mod se face schimbarea de aer efectiv.\u00a0 \u00cens\u0103 dac\u0103 este prea rece, mai ales iarna, este necesar dup\u0103 trezire s\u0103 aerisi\u021bi intens, deschiz\u00e2nd larg fereastra.<\/p>\n<ul>\n<li>\n<h3>Aerisi\u021bi regulat \u00eenc\u0103perile locuite.<\/h3>\n<\/li>\n<\/ul>\n<p style=\"padding-left: 30px\">\u0218i \u00een sufragerii trebuie s\u0103 aerisi\u021bi regulat, pentru a elimina pe c\u00e2t posibil umiditatea din \u00eenc\u0103pere.\u00a0 Dac\u0103 \u00een \u00eenc\u0103pere se afl\u0103 multe plante, dac\u0103 usca\u021bi rufele \u00een \u00eenc\u0103pere \u0219i nu \u00een ultimul caz, c\u00e2nd\u00a0 observa\u021bi pe geamul ferestrei c\u0103 s-au adunat pic\u0103turi condensate, atunci trebuie s\u0103 aerisi\u021bi intensiv\u00a0 prin deschiderea larg\u0103 a ferestrelor, provoc\u0103nd astfel curen\u021bi de aer.<\/p>\n<ul>\n<li>\n<h3>\u00cen buc\u0103t\u0103rie \u0219i baie sunt reguli speciale.<\/h3>\n<\/li>\n<\/ul>\n<p style=\"padding-left: 30px\">\u00cen aceste \u00eenc\u0103peri cre\u0219te cu preponderen\u021b\u0103 \u00eentr-un timp foarte scurt umiditatea din aer. Valorile ridicate de umiditate le avem aici dup\u0103 ce a\u021bi folosit du\u0219ul sau s-a g\u0103tit. Dup\u0103 aceste activit\u0103\u021bi, este necesar\u0103 o aerisire cu curen\u021bi de aer, prin deschiderea larg\u0103 a ferestrelor.\u00a0 La aceast\u0103 opera\u021bie \u00eens\u0103, \u021bine\u021bi inchise u\u0219ile b\u0103ii \u0219i ale buc\u0103tariei, pentru a \u00eenpiedica r\u0103sp\u00e2ndirea umezelii \u0219i a mirosului \u00een \u00eentregul apartament.\u00a0 \u0218i \u00eenc\u0103 ceva: dup\u0103 folosirea b\u0103ii, dup\u0103 du\u0219ul zilnic, sterge\u021bi pere\u021bii \u0219i du\u0219umeaua de ap\u0103.<\/p>\n<ul>\n<li>\n<h3>\u00cen sezonul de var\u0103, subsolul\u00a0 se aerise\u0219te noaptea.<\/h3>\n<\/li>\n<\/ul>\n<p style=\"padding-left: 30px\">\u00cen lunile de var\u0103, nu aerisi\u021bi beciurile \u0219i \u00eenc\u0103perile subsolului ziua. Acest lucru trebuie f\u0103cut noaptea sau dis de diminea\u021b\u0103. \u00cen anotimpul de iarn\u0103 pute\u021bi aerisi aici la orice or\u0103 din zi. De ce v\u0103 spun acest lucru? Pentru c\u0103 pere\u021bii subsolurilor sunt chiar \u0219i vara foarte reci. Prin aerisirea pe zi, patrunde aerul cald \u00een subsol \u0219i la \u00eent\u00e2lnirea cu pere\u021bii foarte reci, aerul se condenseaz\u0103. Ve\u021bi vedea \u00een timp, cum igrasia se instaleaz\u0103 pe pere\u021bii beciului\u00a0 \u0219i de aici mai e doar un singur pas p\u00e2n\u0103 la apari\u021bia mucegaiului.<\/p>\n<ul>\n<li>\n<h3>Ventila\u021bia de \u0219oc.<\/h3>\n<\/li>\n<\/ul>\n<p style=\"padding-left: 30px\">Acest procedeu func\u021bioneaz\u0103 cel mai bine, cu u\u0219ile din interioare \u00eenchise. Astfel for\u021ba\u021bi schimbul de aer. Dac\u0103 e posibil, deschide\u021bi ferestrele larg \u0219i cel mai bine func\u021bioneaz\u0103 totul dac\u0103 deschide\u021bi \u0219i ferestrele de pe fa\u021bada de vis-a-vis. Astfel ve\u021bi ajuta la formarea unui curent de aer puternic, care s\u0103 accelereze schimbul de aer din \u00eenc\u0103peri. Important este ca u\u0219ile \u00eenc\u0103perilor mai pu\u021bin \u00eenc\u0103lzite s\u0103 r\u0103m\u00e2n\u0103 \u00eenchise.<\/p>\n<ul>\n<li>\n<h3>Nu rabata\u021bi ferestrele prea des!<\/h3>\n<\/li>\n<\/ul>\n<p style=\"padding-left: 30px\">Dormi\u021bi noapte cu ferestrele rabatate. Ziua \u00eens\u0103 \u00eenchide\u021bi ferestrele \u0219i regulariza\u021bi caloriferele s\u0103 \u00eenc\u0103lzeasc\u0103 corect. Astfel pute\u021bi mai bine monitoriza cantitatea de energie caloric\u0103 folosit\u0103.<\/p>\n<ul>\n<li>\n<h3>Elimina\u021bi umiditatea construc\u021biilor printr-o aerisire intensiv\u0103.<\/h3>\n<\/li>\n<\/ul>\n<p style=\"padding-left: 30px\">Umiditatea apare chiar \u0219i \u00een construc\u021biile noi, prin lucr\u0103ri de sanare \u0219i repara\u021bii ale zidurilor. Acest tip de umiditate trebuie pe c\u00e2t se poate de repede \u00eendep\u0103rtat\u0103 din \u00eenc\u0103peri. Aceasta o realiza\u021bi prin aerisirea intensiv\u0103 a tuturor \u00eenc\u0103perilor. De regul\u0103, acest lucru dureaz\u0103 la cl\u0103dirile noi circa unu p\u00e2n\u0103 la doi ani. Este necesar\u0103 \u00eenc\u0103lzirea mai accentuat\u0103 aici, ceea ce duce la costuri mai mari de \u00eenc\u0103lzire.<\/p>\n<ul>\n<li>\n<h3>Verifica\u021bi sistemul de ventilare dup\u0103 sanare.<\/h3>\n<\/li>\n<\/ul>\n<p style=\"padding-left: 30px\">Dup\u0103 o sanare mai intens\u0103, poate apare o situa\u021bie nou\u0103, deosebit\u0103 \u00een ce prive\u0219te umiditatea \u00een apartament. Spre exemplu, dup\u0103 ce a\u021bi schimbat ferestrele \u00eens\u0103 pere\u021bii exteriori nu sunt izola\u021bi, este necesar s\u0103 aerisi\u021bi mai des \u0219i pe perioade mai \u00eendelungate.<\/p>\n<ul>\n<li>\n<h3>Usc\u0103torul de rufe din locuin\u021b\u0103.<\/h3>\n<\/li>\n<\/ul>\n<p style=\"padding-left: 30px\">Rufele nu ar trebui uscate chiar \u00een locuin\u021b\u0103. Dar acest lucru nu este cazul ideal la cei mai mul\u021bi dintre noi. Dac\u0103 acest lucru nu se poate evita, atunci este necesar\u0103 o aerisire intensiv\u0103 \u0219i de lung\u0103 durat\u0103.\u00a0 Rabata\u021bi o fereastr\u0103 \u0219i p\u0103stra\u021bi u\u0219ile \u00eenchise. Pe perioada de iarn\u0103, lasa-\u021bi caloriferul s\u0103 mearg\u0103.<\/p>\n<h3><strong>\u00cenc\u0103lzirea corect\u0103 &#8211; a\u0219a se face<\/strong><\/h3>\n<ul>\n<li>\n<h3>Evita\u021bi fluctua\u021biile de temperatur\u0103 c\u00e2nd \u00eenc\u0103lzi\u021bi<\/h3>\n<\/li>\n<\/ul>\n<p style=\"padding-left: 30px\">Cu c\u00e2t e mai mare fluctua\u021bia temperaturii \u00eentr-o \u00eenc\u0103pere, cu at\u00e2t e mai mare pericolul form\u0103rii mucegaiului \u0219i igrasiei.\u00a0 Este indicat, chiar \u0219i \u00eenc\u0103perile mai pu\u021bin folosite peste zi, s\u0103 nu se r\u0103ceasc\u0103 peste m\u0103sur\u0103.\u00a0 Pe l\u00e2ng\u0103 aceasta, sc\u0103derile de temperatur\u0103 trebuie f\u0103cute moderat, ceea ce \u00eenseamn\u0103 c\u0103 termostatele caloriferelor s\u0103 fie setate pe o treapt\u0103 sau dou\u0103 mai jos.<\/p>\n<ul>\n<li>\n<h3>Caloriferul nu trebuie s\u0103 ard\u0103.<\/h3>\n<\/li>\n<\/ul>\n<p style=\"padding-left: 30px\">Un termostat reglat pe valoarea 3 nu \u00eenc\u0103lze\u0219te excesiv caloriferul, iar temperatura \u00een \u00eenc\u0103pere ajunge la 20 sau 21 de grade. Dac\u0103 regla\u021bi termostatul pe treapta 5, atunci caloriferul va \u00eenc\u0103lzi camera mai departe, energia folosit\u0103 creste cu \u0219ase procente pe grad.\u00a0 \u00cen sufragerii ajunge o temperatur\u0103 de ca. 20 grade. \u00cen camera copilului \u0219i camera de lucru nu trebuie s\u0103 fie mai mult de 22 de grade, \u00een timp ce \u00een dormitor temperatura s\u0103 nu dep\u0103\u0219esc\u0103 16 &#8211; 18 grade.<\/p>\n<ul>\n<li>\n<h3>Noaptea, sc\u0103de\u021bi temperatura cu circa dou\u0103 grade.<\/h3>\n<\/li>\n<\/ul>\n<p style=\"padding-left: 30px\">E indicat ca noaptea s\u0103 sc\u0103de\u021bi temperatura din \u00eenc\u0103pere cu circa dou\u0103 grade. Astfel economisi\u021bi energie \u0219i bani, iar locuin\u021ba nu va trebui peste zi s\u0103 o \u00eenc\u0103lzi\u021bi cu resurse excesive.<\/p>\n<ul>\n<li>\n<h3>Locuin\u021ba s\u0103 nu fie mai rece de 16 grade.<\/h3>\n<\/li>\n<\/ul>\n<p style=\"padding-left: 30px\">O temperatur\u0103 de baz\u0103 de 16 grade este necesar\u0103 \u00een orice locuin\u021b\u0103. Mai rece de at\u00e2t, ar \u00eensemna ca umiditatea din aer s\u0103 condenseze pe pere\u021bii r\u0103ci\u021bi \u0219i pe obiectele din locuin\u021b\u0103, fapt ce va duce la formarea de igrasie \u0219i mucegai.<\/p>\n<h3><strong>Dezumidificarea profesional\u0103 &#8211; a\u0219a se face<\/strong><\/h3>\n<ul>\n<li>Folosi\u021bi posibilit\u0103\u021bile cele mai simple pentru a p\u0103stra umiditatea din aer la valorile optimale &#8211; solu\u021bia: Dezumidificatoarele profesionale de la Trotec.\u00a0 Compania noastr\u0103 v\u0103 ofer\u0103 o gam\u0103 foarte larg\u0103 \u0219i confortabil\u0103 de <a href=\"https:\/\/ro.trotec.com\/shop\/dezumidificator-ttk-71-e.html?rc=783e2f47dd\" class=\"broken_link\">dezumidificatoare din seria TTK<\/a><\/li>\n<li>Cu dezumidificatorul confortabil de la Trotec, ve\u021bi\u00a0 preveni formarea avariilor f\u0103cute de mucegai \u0219i igrasie \u0219i cre\u0219te\u021bi calitatea individual\u0103 de locuit.<\/li>\n<li>Mobil, silen\u021bios, practic \u0219i elegant \u2013 dezumidificatorul din seria TTK v\u0103 confer\u0103 o atmosfer\u0103 pl\u0103cut\u0103 de durat\u0103 \u00een orice \u00eenc\u0103pere.<\/li>\n<li>Mul\u021bumit\u0103 mobilit\u0103\u021bii \u0219i dimensiunilor compacte, aparatele noastre le pute\u021bi folosi \u0219i \u00een afara locuin\u021bei pentru dezumidificarea din subsoluri, a cramelor de vinuri, \u00een depozite \u0219i camere de depozitare, laboratoare sau ateliere.<\/li>\n<li>Ve\u021bi profita la fiecare dezumidificator de un raport pre\u021b-calitate excelent, compania noastr\u0103 fiind numarul unu \u00een construc\u021bia de produse HomeComfort.<\/li>\n<\/ul>\n<p style=\"text-align: left\">Informa\u021bi-v\u0103 acum &#8211; solu\u021biile profesionale de la Trotec<\/p>\n<p style=\"text-align: left\">Cel mai bine, arunca\u021bi un ochi peste ofertele noastre din seria <a href=\"https:\/\/ro.trotec.com\/shop\/dezumidificator-ttk-71-e.html?rc=783e2f47dd\" class=\"broken_link\">dezumidificatoarelor confort din seria TTK<\/a> &#8211; acum aici \u00een <a href=\"https:\/\/www.trotec24.ro\/?rc=783e2f47dd\" class=\"broken_link\">shopul Trotec!<\/a><\/p>\n","protected":false},"excerpt":{"rendered":"<p>Cine nu \u00eenc\u0103lze\u0219te \u0219i nu aerise\u0219te corect deterioreaz\u0103 clima din \u00eenc\u0103pere \u0219i pl\u0103te\u0219te scump energia termic\u0103. \u0218i asta nu e totul: dac\u0103 umiditatea aerului \u0219i a suprafe\u021belor este prea ridicat\u0103, \u00eens\u0103 temperatura aerului este prea joas\u0103, cre\u0219te pericolul form\u0103rii de mucegai. De aceea ve\u021bi g\u0103si \u00een ultima parte a seriei noastre, sfaturi despre cum sa \u00eenc\u0103lzi\u021bi \u0219i sa aerisiti &#8211; inclusiv indica\u021bia noast\u0103 spre dezumidificatoarele profesionale din seria TTK de la Trotec. <\/p>\n","protected":false},"author":66,"featured_media":3700,"comment_status":"open","ping_status":"open","sticky":false,"template":"","format":"standard","meta":[],"categories":[6,7,12,2,41,22],"tags":[],"_links":{"self":[{"href":"https:\/\/www.trotec-blog.com\/ro\/wp-json\/wp\/v2\/posts\/3698"}],"collection":[{"href":"https:\/\/www.trotec-blog.com\/ro\/wp-json\/wp\/v2\/posts"}],"about":[{"href":"https:\/\/www.trotec-blog.com\/ro\/wp-json\/wp\/v2\/types\/post"}],"author":[{"embeddable":true,"href":"https:\/\/www.trotec-blog.com\/ro\/wp-json\/wp\/v2\/users\/66"}],"replies":[{"embeddable":true,"href":"https:\/\/www.trotec-blog.com\/ro\/wp-json\/wp\/v2\/comments?post=3698"}],"version-history":[{"count":25,"href":"https:\/\/www.trotec-blog.com\/ro\/wp-json\/wp\/v2\/posts\/3698\/revisions"}],"predecessor-version":[{"id":15481,"href":"https:\/\/www.trotec-blog.com\/ro\/wp-json\/wp\/v2\/posts\/3698\/revisions\/15481"}],"wp:featuredmedia":[{"embeddable":true,"href":"https:\/\/www.trotec-blog.com\/ro\/wp-json\/wp\/v2\/media\/3700"}],"wp:attachment":[{"href":"https:\/\/www.trotec-blog.com\/ro\/wp-json\/wp\/v2\/media?parent=3698"}],"wp:term":[{"taxonomy":"category","embeddable":true,"href":"https:\/\/www.trotec-blog.com\/ro\/wp-json\/wp\/v2\/categories?post=3698"},{"taxonomy":"post_tag","embeddable":true,"href":"https:\/\/www.trotec-blog.com\/ro\/wp-json\/wp\/v2\/tags?post=3698"}],"curies":[{"name":"wp","href":"https:\/\/api.w.org\/{rel}","templated":true}]}}