{"id":3618,"date":"2017-02-10T19:21:22","date_gmt":"2017-02-10T17:21:22","guid":{"rendered":"https:\/\/www.trotec-blog.com\/ro\/?p=3618"},"modified":"2022-04-11T09:36:21","modified_gmt":"2022-04-11T07:36:21","slug":"budma-2017-trotec-prezinta-solutii-inovative","status":"publish","type":"post","link":"https:\/\/www.trotec-blog.com\/ro\/blog\/trotec\/budma-2017-trotec-prezinta-solutii-inovative\/","title":{"rendered":"BUDMA 2017 \u2013 Trotec prezint\u0103 solu\u021bii inovative"},"content":{"rendered":"<p><img loading=\"lazy\" class=\"alignnone wp-image-3619 size-full\" src=\"https:\/\/www.trotec-blog.com\/ro\/files\/2017\/02\/tro_blog_messe-budma_banner_en.jpg\" width=\"700\" height=\"300\" srcset=\"https:\/\/www.trotec-blog.com\/ro\/files\/2017\/02\/tro_blog_messe-budma_banner_en.jpg 700w, https:\/\/www.trotec-blog.com\/ro\/files\/2017\/02\/tro_blog_messe-budma_banner_en-300x129.jpg 300w\" sizes=\"(max-width: 700px) 100vw, 700px\" \/><\/p>\n<h2>Arhitec\u021bii, exper\u021bii antreprenorii \u0219i companiile din bran\u0219a de construc\u021bii \u0219i-au notat cu siguran\u021b\u0103 demult \u00een calendar termenul expozi\u021biei BUDMA 2017. Dar \u0219tia\u021bi c\u0103 \u0219i noi, firma Trotec, particip\u0103m aici ca partener de baz\u0103? Deci, ave\u021bi un motiv \u00een plus s\u0103 c\u0103l\u0103tori\u021bi spre ora\u0219ul Posen \u00een Polonia.<\/h2>\n<p><!--more--><\/p>\n<p>Expozi\u021bia BUDMA 2017 se afl\u0103 la ce-a de-a 26a edi\u021bie. La acest t\u00e2rg interna\u021bional de construc\u021bii \u0219i arhitectur\u0103 \u00ee\u0219i vor prezenta produsele \u0219i serviciile \u00een jur de 800 reprezentan\u021bi ai bran\u0219ei din peste 32 de \u021b\u0103ri.<\/p>\n<p>La standul firmei Trotec ve\u021bi putea urm\u0103ri live prezentarea multor aparate \u0219i utilaje interesante. Tot aici pute\u021bi direct achizi\u021biona produsele noastre la pre\u021buri deosebit de mici.<\/p>\n<p>Ve\u021bi putea achizi\u021biona de la noi aparatur\u0103 pentru aclimatizare \u0219i cur\u0103\u021bare a aerului, v\u0103 pute\u021bi informa de analizele noastre asupra mediului \u00eenconjur\u0103tor precum \u0219i unelte electrice \u0219i scule pe care la cererea clien\u021bilor, le-am adoptat \u00een programul nostru.<\/p>\n<h3>Gama noastr\u0103 de produse oferite<\/h3>\n<p>Trotec este furnizorul num\u0103rul 1 de material profesional \u0219i echipament necesar arhitec\u021bilor, exper\u021bilor \u0219i constructorilor:<\/p>\n<ul>\n<li><a href=\"https:\/\/www.trotec24.ro\/masini\/dezumidificarea-aerului?rc=783e2f47dd\" class=\"broken_link\"><u>Usc<\/u><u>\u0103<\/u><u>toare<\/u><\/a><\/li>\n<\/ul>\n<p>Solu\u021bii pentru men\u021binerea calit\u0103\u021bii aerului \u0219i controlul umidit\u0103\u021bii oferite de produc\u0103torul mondial num\u0103rul 1.<\/p>\n<ul>\n<li><a href=\"https:\/\/www.trotec24.ro\/masini\/incalzire?rc=783e2f47dd\" class=\"broken_link\"><u>Aeroterme<\/u><\/a><\/li>\n<\/ul>\n<p>Aparatur\u0103 robust\u0103 electric\u0103 sau pe ulei, pentru construc\u021bii interioare sau pe \u0219antier.<\/p>\n<ul>\n<li><a href=\"https:\/\/www.trotec24.ro\/masini\/purificarea-aerului\" class=\"broken_link\"><u>Purificatoare<\/u><u> de aer<\/u><\/a><\/li>\n<\/ul>\n<p>Optimale pentru lucru \u00een sanare \u0219i optimizare a \u00eenc\u0103perilor care au fost infestate de praf, spori de mucegai \u0219i alergene.<\/p>\n<ul>\n<li><a href=\"https:\/\/www.trotec24.ro\/masini\/ventilatie\" class=\"broken_link\"><u>Ventilatoare<\/u><\/a><\/li>\n<\/ul>\n<p>Ventilatoare axiale sau radiale optimale pentru o rapid\u0103 \u0219i eficient\u0103 uscare.<\/p>\n<ul>\n<li><a href=\"https:\/\/www.trotec24.ro\/masini\/neutralizarea-mirosurilor?rc=783e2f47dd\" class=\"broken_link\"><u>Neutralizatoare de miros<\/u><\/a><\/li>\n<\/ul>\n<p>Aparatur\u0103 profesional\u0103 pentru \u00eendep\u0103rtarea mirosului dup\u0103 un incendiu sau inunda\u021bie.<\/p>\n<ul>\n<li><a href=\"https:\/\/www.trotec24.ro\/instrumente-de-masura\/clima?rc=783e2f47dd\" class=\"broken_link\">M\u0103sur\u0103toare climatice<\/a><\/li>\n<\/ul>\n<p>O palet\u0103 bogat\u0103 de aparatur\u0103 \u201emade in Germany\u201c pentru emiterea profesional\u0103 a valorii aerului, temperaturii \u0219i umidit\u0103\u021bii.<\/p>\n<ul>\n<li><a href=\"https:\/\/www.trotec24.ro\/instrumente-de-masura\/temperatura\/camere-de-termoviziune?rc=783e2f47dd\" class=\"broken_link\"><u>Camere <\/u><u>termografice<\/u><\/a><u><\/u><\/li>\n<\/ul>\n<p>Pentru termografierea cl\u0103dirilor \u0219i \u00eenc\u0103perilor oferim solu\u021bii video pe baz\u0103 de infraro\u0219u.<\/p>\n<ul>\n<li><a href=\"https:\/\/www.trotec24.ro\/instrumente-de-masura\/seria-multimeasure?rc=783e2f47dd\" class=\"broken_link\"><u>Monitorizarea condi\u0163iilor ambientale<\/u><\/a><u><\/u><\/li>\n<\/ul>\n<p>Anemometre, num\u0103r\u0103toare de particule, aparate de m\u0103surare a datelor climatice, tot ce apar\u021bine de concentra\u021bia de praf \u0219i umiditate din aer.<\/p>\n<ul>\n<li><a href=\"https:\/\/www.trotec24.ro\/instrumente-de-masura\/detectare-scurgerie?rc=783e2f47dd\" class=\"broken_link\"><u>Aparate pentru localizarea <\/u><u>\u0219<\/u><u>i verificarea etan<\/u><u>\u0219<\/u><u>eit<\/u><u>\u0103\u021b<\/u><u>ii<\/u><\/a><\/li>\n<\/ul>\n<p>Utilaje profesionale pentru detectarea de sp\u0103rturi \u00een \u021bevi, pe baz\u0103 de ultrasunete.<\/p>\n<ul>\n<li><a href=\"https:\/\/ro.trotec.com\/shop\/scule.html?rc=783e2f47dd\" class=\"broken_link\"><u>Unelte profesionale electrice<\/u><\/a><\/li>\n<\/ul>\n<p>Orice scul\u0103 electric\u0103 produs\u0103 de Trotec confer\u0103 precizie \u0219i u\u0219urin\u021b\u0103 \u00een m\u00e2nuire.<\/p>\n<p>Standul firmei noastre Trotec \u00eel g\u0103si\u021bi \u00een pavilionul 8a, la standul num\u0103rul 8.<\/p>\n","protected":false},"excerpt":{"rendered":"<p>Arhitec\u021bii, exper\u021bii antreprenorii \u0219i companiile din bran\u0219a de construc\u021bii \u0219i-au notat cu siguran\u021b\u0103 demult \u00een calendar termenul expozi\u021biei BUDMA 2017. Dar \u0219tia\u021bi c\u0103 \u0219i noi, firma Trotec, particip\u0103m aici ca partener de baz\u0103? Deci, ave\u021bi un motiv \u00een plus s\u0103 c\u0103l\u0103tori\u021bi spre ora\u0219ul Posen \u00een Polonia.<\/p>\n","protected":false},"author":66,"featured_media":3620,"comment_status":"open","ping_status":"open","sticky":false,"template":"","format":"standard","meta":[],"categories":[6,13,2],"tags":[],"_links":{"self":[{"href":"https:\/\/www.trotec-blog.com\/ro\/wp-json\/wp\/v2\/posts\/3618"}],"collection":[{"href":"https:\/\/www.trotec-blog.com\/ro\/wp-json\/wp\/v2\/posts"}],"about":[{"href":"https:\/\/www.trotec-blog.com\/ro\/wp-json\/wp\/v2\/types\/post"}],"author":[{"embeddable":true,"href":"https:\/\/www.trotec-blog.com\/ro\/wp-json\/wp\/v2\/users\/66"}],"replies":[{"embeddable":true,"href":"https:\/\/www.trotec-blog.com\/ro\/wp-json\/wp\/v2\/comments?post=3618"}],"version-history":[{"count":4,"href":"https:\/\/www.trotec-blog.com\/ro\/wp-json\/wp\/v2\/posts\/3618\/revisions"}],"predecessor-version":[{"id":15509,"href":"https:\/\/www.trotec-blog.com\/ro\/wp-json\/wp\/v2\/posts\/3618\/revisions\/15509"}],"wp:featuredmedia":[{"embeddable":true,"href":"https:\/\/www.trotec-blog.com\/ro\/wp-json\/wp\/v2\/media\/3620"}],"wp:attachment":[{"href":"https:\/\/www.trotec-blog.com\/ro\/wp-json\/wp\/v2\/media?parent=3618"}],"wp:term":[{"taxonomy":"category","embeddable":true,"href":"https:\/\/www.trotec-blog.com\/ro\/wp-json\/wp\/v2\/categories?post=3618"},{"taxonomy":"post_tag","embeddable":true,"href":"https:\/\/www.trotec-blog.com\/ro\/wp-json\/wp\/v2\/tags?post=3618"}],"curies":[{"name":"wp","href":"https:\/\/api.w.org\/{rel}","templated":true}]}}