{"id":286,"date":"2014-12-17T12:58:25","date_gmt":"2014-12-17T10:58:25","guid":{"rendered":"https:\/\/www.trotec-blog.com\/ro\/?p=286"},"modified":"2022-04-11T09:23:48","modified_gmt":"2022-04-11T07:23:48","slug":"sfaturi-utile-inundatii","status":"publish","type":"post","link":"https:\/\/www.trotec-blog.com\/ro\/blog\/trotec\/sfaturi-utile-inundatii\/","title":{"rendered":"Sfaturi utile \u00een caz de inunda\u021bii"},"content":{"rendered":"<p><a href=\"https:\/\/www.trotec-blog.com\/ro\/files\/2014\/07\/tro_blog_banner_unwetterwarnung_ro.jpg\"><img loading=\"lazy\" class=\"alignnone wp-image-287 size-full\" src=\"https:\/\/www.trotec-blog.com\/ro\/files\/2014\/07\/tro_blog_banner_unwetterwarnung_ro.jpg\" alt=\"tro_blog_banner_unwetterwarnung_ro\" width=\"700\" height=\"300\" srcset=\"https:\/\/www.trotec-blog.com\/ro\/files\/2014\/07\/tro_blog_banner_unwetterwarnung_ro.jpg 700w, https:\/\/www.trotec-blog.com\/ro\/files\/2014\/07\/tro_blog_banner_unwetterwarnung_ro-300x128.jpg 300w\" sizes=\"(max-width: 700px) 100vw, 700px\" \/><\/a><\/p>\n<p><strong>At\u00e2t \u00een anotimpul cald, c\u00e2t \u0219i \u00een cel r\u0103coros pot s\u0103 se produc\u0103 inunda\u021bii. Uneori, dup\u0103 o c\u0103ldur\u0103 excesiv\u0103 vin ploile mari. \u0218i \u00een anotimpul r\u0103coros pot ap\u0103rea aversele de ploi, iar topirea rapid\u0103 a z\u0103pezii poate uneori duce la adev\u0103rate catastrofe. Egal \u00een ce anotimp ne afl\u0103m, inunda\u021biile sunt un pericol real at\u00e2t pentru s\u0103n\u0103tatea c\u00e2t \u0219i pentru bunurile noastre. Noi v\u0103 oferim c\u00e2teva sfaturi utile, pentru a diminua daunele provocate de inunda\u021bii. <\/strong><\/p>\n<p><strong>1. Alege\u021bi aparatului potrivit de dezumidificare<\/strong><\/p>\n<p>Alegerea aparatelor potrivite, cu o capacitate corespunz\u0103toare de dezumidificare e foarte important\u0103 pentru un proces rapid de uscare. Dac\u0103 aparatul nu e suficient de puternic, uscarea dureaz\u0103 mai mult dec\u00e2t necesar. Dar \u0219i un aparat prea puternic poate influen\u021ba negativ \u0219i t\u0103r\u0103g\u0103na uscarea: acesta duce la o evaporare nefavorabil\u0103, \u00een interiorul peretelui, \u0219i nu \u00eent\u00e2i abea la suprafa\u021ba peretelui, ceea ce \u00eenseamn\u0103 c\u0103 transportarea apei dureaz\u0103 mai mult. Apa va fi transportat\u0103 rapid \u00een perete,\u00a0prin capilarele materialului, c\u00e2nd se afl\u0103 \u00een form\u0103 lichid\u0103. Prin aceste capilare, apa va fi transportat\u0103 p\u00e2n\u0103 la suprafa\u021ba peretelui, unde ea se evapor\u0103. Aceste capilare pot \u00eens\u0103 s\u0103 transporte doar o anumit\u0103 cantitate de ap\u0103, \u00eentr-un anumit timp. Dac\u0103 ve\u021bi utiliza \u00eens\u0103 un dezumidificator mai puternic dec\u00e2t necesar, acesta va prelua de pe suprafa\u021ba peretelui o cantitate mai mare de ap\u0103 dec\u00e2t cea pe care o pot transporta capilarele. Acest fapt duce la efectul c\u0103 apa nu se mai evapor\u0103 la suprafa\u021ba peretelui, ci mai ad\u00e2nc, \u00een perete. Astfel, apa trebuie transportat\u0103\u00a0 \u00een perete sub form\u0103 de aburi, pentru a ajunge la suprafa\u021b\u0103, iar acest lucru dureaz\u0103 mult mai lung dec\u00e2t transportul fluid, prin capilare.<\/p>\n<p><strong>2. Pozi\u021biona\u021bi corect dezumidificatorul<\/strong><\/p>\n<p>\u00cen mod ideal utiliza\u021bi un dezumidificator separat pentru fiecare \u00eenc\u0103pere pe care dori\u021bi s\u0103 o usca\u021bi. Cel mai bine pozi\u021biona\u021bi dezumidificatorul \u00een mijlocul \u00eenc\u0103perii.<\/p>\n<p>Dac\u0103 nu ave\u021bi posibilitatea de a avea c\u00e2te un dezumidificator per \u00eenc\u0103pere, ar trebui s\u0103 ave\u021bi \u00een acest spa\u021biu, pe c\u00e2t posibil un ventilator, pentru c\u0103 schimbul de aer \u00eentre \u00eenc\u0103peri e foarte important. Pozi\u021biona\u021bi-l astfel \u00eenc\u0103t acesta s\u0103 direc\u021bioneze aerul c\u0103tre u\u0219a deschis\u0103. Dac\u0103 nu ave\u021bi suficiente ventilatoare pentru toate \u00eenc\u0103perile, atunci schimba\u021bi dup\u0103 2-3 zile pozi\u021bia aparatelor.<\/p>\n<p><strong>3. Folosi\u021bi-v\u0103 de o ventilare optim\u0103<\/strong><\/p>\n<p>Ajuta\u021bi munca fiec\u0103rui dezumidificator cu ajutorul unui <a href=\"http:\/\/www.trotec24.ro\/masini\/ventilatie\">ventilator<\/a>. Ca \u0219i la uscarea rufelor, uscarea pere\u021bilor e mai rapid\u0103 c\u00e2nd bate pu\u021bin v\u00e2ntul. \u0218i la uscarea podelelor \u0219i pere\u021bilor umezi, o ventilare optim\u0103 a aerului ajut\u0103 considerabil la scurtarea perioadei de uscare, sau chiar o \u00eenjum\u0103t\u0103\u021be\u0219te.<\/p>\n<p><strong>4. Acorda\u021bi importan\u021b\u0103 temperaturii optimale \u00een \u00eenc\u0103pere<\/strong><\/p>\n<p>Temperatura ar trebui s\u0103 fie \u00eentre 15 \u00b0C \u0219i 25 \u00b0C. La aceast\u0103 temperatur\u0103 ob\u021bine\u021bi cel mai rapid rezultat de uscare: cu c\u00e2t e mai cald aerul, cu at\u00e2t mai mult\u0103 ap\u0103 poate acesta prelua. Dac\u0103 \u00een \u00eenc\u0103perile avariate coboar\u0103 temperatura, v\u0103 recomand\u0103 s\u0103 \u00eenc\u0103lzi\u021bi aerul, pentru a accelera procesul de uscare. Noi v\u0103 oferim o gam\u0103 larg\u0103 de <a href=\"http:\/\/https:\/\/ro.trotec.com\/shop\/\/masini\/incalzire\/aeroterme-electrice\">aeroterme electrice<\/a>.<\/p>\n<p><strong>5. Nu pierde\u021bi timpul, ac\u021biona\u021bi imediat<\/strong><\/p>\n<p>\u00cen caz de daune provocate de inunda\u021bii, rapiditatea e un factor important. Cu c\u00e2t mai lung dureaz\u0103 uscarea, cu at\u00e2t pot s\u0103 fie mai mari daunele provocate de aceste inunda\u021bii.<\/p>\n<p><strong>La caz de nevoie, Trotec e partenerul dvs. <\/strong><\/p>\n<p>Dac\u0103 inunda\u021bia a avut loc la dvs. acas\u0103 sau doar anumite zone din apartament au fost avariate, v\u0103 recomand\u0103m s\u0103 consulta\u021bi modelele de <a href=\"http:\/\/https:\/\/ro.trotec.com\/shop\/\/masini\/dezumidificarea-aerului\/dezumidificatoare-seriile-ttk-e-si-ttk-s\">dezumidificatoare seria TTK E \u0219i TTK S<\/a>. Pentru domeniul profesional v\u0103 recomand\u0103m s\u0103 consulta\u021bi oferta noastr\u0103 de <a href=\"http:\/\/https:\/\/ro.trotec.com\/shop\/\/masini\/dezumidificarea-aerului\/dezumidificatoare-profesionale-seria-ttk-s\">dezumidificatoare seria TTK S<\/a>, unde ve\u021bi g\u0103si modele ce dezumidific\u0103 p\u00e2n\u0103 la 150 de litri.<\/p>\n<p>&nbsp;<\/p>\n<p>&nbsp;<\/p>\n","protected":false},"excerpt":{"rendered":"<p>\u00cen caz de inunda\u021bie, e important s\u0103 \u0219ti\u021bi ce ave\u021bi de f\u0103cut \u0219i care e solu\u021bia optim\u0103 pentru a combate daunele provocate de ap\u0103. Aici afla\u021bi c\u00e2teva sfaturi practice, care v\u0103 vor ajuta \u00een caz de nevoie.<\/p>\n","protected":false},"author":66,"featured_media":288,"comment_status":"open","ping_status":"open","sticky":false,"template":"","format":"standard","meta":[],"categories":[6,7,2,22],"tags":[19,15,20],"_links":{"self":[{"href":"https:\/\/www.trotec-blog.com\/ro\/wp-json\/wp\/v2\/posts\/286"}],"collection":[{"href":"https:\/\/www.trotec-blog.com\/ro\/wp-json\/wp\/v2\/posts"}],"about":[{"href":"https:\/\/www.trotec-blog.com\/ro\/wp-json\/wp\/v2\/types\/post"}],"author":[{"embeddable":true,"href":"https:\/\/www.trotec-blog.com\/ro\/wp-json\/wp\/v2\/users\/66"}],"replies":[{"embeddable":true,"href":"https:\/\/www.trotec-blog.com\/ro\/wp-json\/wp\/v2\/comments?post=286"}],"version-history":[{"count":26,"href":"https:\/\/www.trotec-blog.com\/ro\/wp-json\/wp\/v2\/posts\/286\/revisions"}],"predecessor-version":[{"id":14917,"href":"https:\/\/www.trotec-blog.com\/ro\/wp-json\/wp\/v2\/posts\/286\/revisions\/14917"}],"wp:featuredmedia":[{"embeddable":true,"href":"https:\/\/www.trotec-blog.com\/ro\/wp-json\/wp\/v2\/media\/288"}],"wp:attachment":[{"href":"https:\/\/www.trotec-blog.com\/ro\/wp-json\/wp\/v2\/media?parent=286"}],"wp:term":[{"taxonomy":"category","embeddable":true,"href":"https:\/\/www.trotec-blog.com\/ro\/wp-json\/wp\/v2\/categories?post=286"},{"taxonomy":"post_tag","embeddable":true,"href":"https:\/\/www.trotec-blog.com\/ro\/wp-json\/wp\/v2\/tags?post=286"}],"curies":[{"name":"wp","href":"https:\/\/api.w.org\/{rel}","templated":true}]}}