{"id":2396,"date":"2015-11-23T11:09:31","date_gmt":"2015-11-23T09:09:31","guid":{"rendered":"https:\/\/www.trotec-blog.com\/ro\/?p=2396"},"modified":"2015-11-23T11:09:31","modified_gmt":"2015-11-23T09:09:31","slug":"serie-practica-aerul-prost-imbolnaveste-prea-mult-co2-prea-putin-oxigen","status":"publish","type":"post","link":"https:\/\/www.trotec-blog.com\/ro\/blog\/trotec\/serie-practica-aerul-prost-imbolnaveste-prea-mult-co2-prea-putin-oxigen\/","title":{"rendered":"Serie practic\u0103: aerul prost \u00eemboln\u0103ve\u015fte. Prea mult CO2, prea pu\u0163in oxigen"},"content":{"rendered":"<p><img loading=\"lazy\" class=\"alignnone wp-image-2398 size-full\" src=\"https:\/\/www.trotec-blog.com\/ro\/files\/2015\/11\/tro_blog_schlechte_luft_0_banner1.jpg\" alt=\"tro_blog_schlechte_luft_0_banner\" width=\"700\" height=\"300\" srcset=\"https:\/\/www.trotec-blog.com\/ro\/files\/2015\/11\/tro_blog_schlechte_luft_0_banner1.jpg 700w, https:\/\/www.trotec-blog.com\/ro\/files\/2015\/11\/tro_blog_schlechte_luft_0_banner1-300x129.jpg 300w\" sizes=\"(max-width: 700px) 100vw, 700px\" \/><\/p>\n<p><strong>Aerul curat e important pentru s\u0103n\u0103tate: mai ales \u00een \u00eenc\u0103perile \u00een care se afl\u0103 multe persoane, aerul va fi rapid consumat, iar concentra\u0163ia de CO2 va cre\u015fte rapid. O solu\u0163ie este aerisirea regulat\u0103 \u015fi suficient\u0103, \u015fi mai bine, o aerisire conform normelor DIN!<\/strong><\/p>\n<p>Aerisirea conform normelor DIN pune \u00een eviden\u0163\u0103 importan\u0163a aerului curat pentru exper\u0163ii unui climat s\u0103n\u0103tos. La cre\u015fterea concentra\u0163iei de CO2 \u00een aer, oamenii reac\u0163ioneaz\u0103 cu oboseal\u0103 crescut\u0103 \u015fi o sc\u0103dere a eficien\u0163ei. Aerul va fi resim\u0163it ca fiind consumat \u015fi greu. Controlul calit\u0103\u0163ii aerului \u015fi a concentra\u0163iei de CO2, de exemplu cu ajutorul <a href=\"https:\/\/www.trotec24.ro\/instrumente-de-masura\/clima\/indicator-de-calitate-aer-detector-de-co2-bz25.html\" class=\"broken_link\">monitorului de CO2 BZ25<\/a> sau cu <a href=\"https:\/\/www.trotec24.ro\/instrumente-de-masura\/clima\/data-logger-calitate-aer-co2-bz30.html\" class=\"broken_link\">data loggerul de CO2 BZ30<\/a> de la Trotec, sunt o solu\u0163ie de \u00eenceput. Standardele DIN u\u015fureaz\u0103 totodat\u0103 punerea \u00een aplicare a m\u0103surilor, prin indicarea limitelor recomandate. Acestea indic\u0103 exact c\u00e2t de des \u015fi c\u00e2t de lung va trebui aerisit\u0103 o \u00eenc\u0103pere, pentru a garanta o calitate ridicat\u0103 a aerului.<\/p>\n<p><strong>Indica\u0163iile normelor DIN 1946-6<\/strong><\/p>\n<p>Fereastra va trebui s\u0103 o deschide\u0163i zilnic de 4 ori:<\/p>\n<ul>\n<li>\u00een iunie, iulie sau august minim 30 de minute<\/li>\n<li>in septembrie \u015fi mai, 20 de minute<\/li>\n<li>\u00een octombrie \u015fi aprilie, 15 minute<\/li>\n<li>\u00een noiembrie \u015fi martie, 10 minute<\/li>\n<li>\u00een decembrie p\u00e2n\u0103 \u00een februarie, 5 minute<\/li>\n<\/ul>\n<p>Chiar dac\u0103 nu sunte\u0163i acas\u0103 \u00een timpul zilei, va trebui s\u0103 aerisi\u0163i de 3 ori: cel mai bine o dat\u0103 diminea\u0163a, \u015fi de dou\u0103 ori seara. Important este s\u0103 deschide\u0163i fereastra larg, \u015fi nu doar s\u0103 o cr\u0103pa\u0163i, \u015fi s\u0103 opri\u0163i \u00een acest timp \u00eenc\u0103lzirea. Dac\u0103 seara face\u0163i \u015fi baie, desigur ave\u0163i nevoie de o aerisire mai \u00eendelungat\u0103.<\/p>\n<p><strong>Aerisi\u0163i cu fereastra deschis\u0103 larg<\/strong><\/p>\n<p>\u00cen plus, exper\u0163ii recomand\u0103 aerisirea prin curent, prin deschiderea ferestrelor care stau fa\u0163\u0103 \u00een fa\u0163\u0103. Astfel se formeaz\u0103 un curent care transport\u0103 mai rapid aerul consumat spre afar\u0103. Cine nu are ferestre sau u\u015fi aflate fa\u0163\u0103 \u00een fa\u0163\u0103, ar trebui s\u0103 aeriseasc\u0103 un timp mai lung. \u00cen plus, pute\u0163i economisi energie, dac\u0103 pe perioada aerisirii \u00eenchide\u0163i \u00eenc\u0103lzirea, respectiv dac\u0103 aerisi\u0163i c\u00e2nd caloriferele sunt reci.<\/p>\n<p><strong>Aerisire mai lung\u0103 dup\u0103 reabilitare<\/strong><\/p>\n<p>Dac\u0103 s-a executat o reabilitare prin izolare sau \u00eenlocuire a ferestrelor, trebuie s\u0103 aerisi\u0163i mai \u00eendelungat, pentru c\u0103 nu mai are loc un schimb de aer prin cr\u0103p\u0103turi.<\/p>\n<p><strong>Depista\u0163i consumatorii de CO2<\/strong><\/p>\n<p><a href=\"https:\/\/www.trotec24.ro\/instrumente-de-masura\/clima\/indicator-de-calitate-aer-detector-de-co2-bz25.html\" class=\"broken_link\">Monitorul de CO2 BZ25<\/a> e recomandat pentru utilizarea \u00een birouri, \u015fcoli sau gradini\u0163e: acesta m\u0103soar\u0103 concentra\u0163ia de CO2 din aer, \u00eentr-un tact de 2 secunde. Acest indicator este un ajutor de orientare. Dac\u0103 valoarea este critic\u0103, atunci se recomand\u0103 clar aerisirea! Acest fapt va fi uitat deseori \u00een \u015fcoli sau birouri. <a href=\"https:\/\/www.trotec24.ro\/instrumente-de-masura\/clima\/indicator-de-calitate-aer-detector-de-co2-bz25.html\" class=\"broken_link\">BZ25 <\/a>v\u0103 ajut\u0103 s\u0103 v\u0103 aminti\u0163i.<\/p>\n<p>Data logger de calitate aer BZ30 e instrumentul combinat ideal pentru arhitec\u0163i, exper\u0163i \u015fi fiecare inginer de instala\u0163ii de clim\u0103 \u015fi aerisire. <a href=\"https:\/\/www.trotec24.ro\/instrumente-de-masura\/clima\/data-logger-calitate-aer-co2-bz30.html\" class=\"broken_link\">BZ30 <\/a>m\u0103soar\u0103 concentra\u0163ia de CO2, temperatura \u015fi umiditatea aerului, \u015fi salveaz\u0103 p\u00e2n\u0103 la 50.000 de valori. Astfel sunt posibile m\u0103sur\u0103rile pe perioade \u00eendelungate.<\/p>\n<p><strong>Aer curat &#8211; solu\u0163ii inovative Trotec<\/strong><\/p>\n<p>Consulta\u0163i \u00een shop oferta noastr\u0103 de <a href=\"https:\/\/www.trotec24.ro\/instrumente-de-masura\/clima\" class=\"broken_link\">monitoare CO2<\/a>, precum \u015fi gama noastr\u0103 vast\u0103 de <a href=\"https:\/\/www.trotec24.ro\/instrumente-de-masura\/clima\" class=\"broken_link\">instrumente de m\u0103surare a temperaturii \u015fi umidit\u0103\u0163ii din aer<\/a>.<\/p>\n<p>&nbsp;<\/p>\n","protected":false},"excerpt":{"rendered":"<p>Aerul curat e important pentru s\u0103n\u0103tate: mai ales \u00een \u00eenc\u0103perile \u00een care se afl\u0103 multe persoane, aerul va fi rapid consumat, iar concentra\u0163ia de CO2 va cre\u015fte rapid. O solu\u0163ie este aerisirea regulat\u0103 \u015fi suficient\u0103, \u015fi mai bine, o aerisire conform normelor DIN!<\/p>\n","protected":false},"author":66,"featured_media":2397,"comment_status":"open","ping_status":"open","sticky":false,"template":"","format":"standard","meta":[],"categories":[6,7,8,9,2,41],"tags":[38,34],"_links":{"self":[{"href":"https:\/\/www.trotec-blog.com\/ro\/wp-json\/wp\/v2\/posts\/2396"}],"collection":[{"href":"https:\/\/www.trotec-blog.com\/ro\/wp-json\/wp\/v2\/posts"}],"about":[{"href":"https:\/\/www.trotec-blog.com\/ro\/wp-json\/wp\/v2\/types\/post"}],"author":[{"embeddable":true,"href":"https:\/\/www.trotec-blog.com\/ro\/wp-json\/wp\/v2\/users\/66"}],"replies":[{"embeddable":true,"href":"https:\/\/www.trotec-blog.com\/ro\/wp-json\/wp\/v2\/comments?post=2396"}],"version-history":[{"count":6,"href":"https:\/\/www.trotec-blog.com\/ro\/wp-json\/wp\/v2\/posts\/2396\/revisions"}],"predecessor-version":[{"id":2404,"href":"https:\/\/www.trotec-blog.com\/ro\/wp-json\/wp\/v2\/posts\/2396\/revisions\/2404"}],"wp:featuredmedia":[{"embeddable":true,"href":"https:\/\/www.trotec-blog.com\/ro\/wp-json\/wp\/v2\/media\/2397"}],"wp:attachment":[{"href":"https:\/\/www.trotec-blog.com\/ro\/wp-json\/wp\/v2\/media?parent=2396"}],"wp:term":[{"taxonomy":"category","embeddable":true,"href":"https:\/\/www.trotec-blog.com\/ro\/wp-json\/wp\/v2\/categories?post=2396"},{"taxonomy":"post_tag","embeddable":true,"href":"https:\/\/www.trotec-blog.com\/ro\/wp-json\/wp\/v2\/tags?post=2396"}],"curies":[{"name":"wp","href":"https:\/\/api.w.org\/{rel}","templated":true}]}}