{"id":2313,"date":"2015-11-11T12:03:52","date_gmt":"2015-11-11T10:03:52","guid":{"rendered":"https:\/\/www.trotec-blog.com\/ro\/?p=2313"},"modified":"2022-04-11T09:24:17","modified_gmt":"2022-04-11T07:24:17","slug":"clima-placuta-o-iarna-fara-griji","status":"publish","type":"post","link":"https:\/\/www.trotec-blog.com\/ro\/blog\/trotec\/clima-placuta-o-iarna-fara-griji\/","title":{"rendered":"Clim\u0103 pl\u0103cut\u0103, o iarn\u0103 f\u0103r\u0103 griji"},"content":{"rendered":"<p><img loading=\"lazy\" class=\"alignnone wp-image-2314 size-full\" src=\"https:\/\/www.trotec-blog.com\/ro\/files\/2015\/11\/tro_blog_beheizung-ferienh\u00e4user_banner.jpg\" alt=\"tro_blog_beheizung-ferienh\u00e4user_banner\" width=\"700\" height=\"300\" srcset=\"https:\/\/www.trotec-blog.com\/ro\/files\/2015\/11\/tro_blog_beheizung-ferienh\u00e4user_banner.jpg 700w, https:\/\/www.trotec-blog.com\/ro\/files\/2015\/11\/tro_blog_beheizung-ferienh\u00e4user_banner-300x129.jpg 300w\" sizes=\"(max-width: 700px) 100vw, 700px\" \/><\/p>\n<p><strong>Dac\u0103 ave\u0163i o cas\u0103 de vacan\u0163\u0103, v\u0103 bucura\u0163i desigur s\u0103 pute\u0163i petrece \u00een cur\u00e2nd c\u00e2teva zile pl\u0103cute, \u00eentr-o atmosfer\u0103 confortabil\u0103. Pentru aceasta \u00eens\u0103, e important s\u0103 ave\u0163i la dispozi\u0163ie o surs\u0103 de \u00eenc\u0103lzire pe care s\u0103 v\u0103 pute\u0163i baza atunci c\u00e2nd temperatura va sc\u0103dea. Pentru aceasta v\u0103 recomand\u0103 aerotermele electrice ale seriei TDS de la Trotec!<\/strong><\/p>\n<p>C\u00e2t de des vizita\u0163i cea de a doua dvs. re\u015fedin\u0163\u0103? O dat\u0103 pe lun\u0103, la s\u0103rb\u0103tori? Dac\u0103 nu locui\u0163i permanent \u00een casa dvs. de la \u0163ar\u0103 sau \u00een casa de vacan\u0163\u0103, e posibil c\u0103 nu ave\u0163i \u00eenc\u0103 instalat un sistem propriu de \u00eenc\u0103lzire. Multe cl\u0103diri nu au \u00eentr-adev\u0103r propria central\u0103 de \u00eenc\u0103lzire sau propriul sistem central de \u00eenc\u0103lzire. Totu\u015fi, dvs. v-a\u0163i dori, desigur, s\u0103 v\u0103 sim\u0163i\u0163i bine, \u00eentr-o clim\u0103 pl\u0103cut\u0103, chiar dac\u0103 acest sistem central nu exist\u0103. Solu\u0163ia pentru o \u00eenc\u0103lzire practic\u0103, accesibil\u0103, sunt aerotermele electrice mobile: c\u0103ldur\u0103 prin simpla ap\u0103sare de buton!<\/p>\n<p>\u00cenainte de a \u00eencepe proiectarea, montarea \u015fi punerea \u00een func\u0163iune a unui sistem central de \u00eenc\u0103lzire sau a unei instala\u0163ii solare \u00een casa dvs. de vacan\u0163\u0103, \u00een care v\u0103 afla\u0163i doar un timp limitat, v\u0103 recomand\u0103m s\u0103 verifica\u0163i dac\u0103 acest efort financiar se va amortiza. Noi v\u0103 recomand\u0103m s\u0103 lua\u0163i \u00een vedere \u015fi posibilitatea de \u00eenc\u0103lzire cu <a href=\"https:\/\/https:\/\/ro.trotec.com\/shop\/\/masini\/incalzire\/aeroterme-electrice\" class=\"broken_link\">aeroterme electrice<\/a>, pe perioada c\u00e2t v\u0103 afla\u0163a la fa\u0163a locului. Aerotermele electrice nu produc gaze de ardere, a\u015fa cum ar produce de exemplu un tun de \u00eenc\u0103lzire pe combustibil lichid.<\/p>\n<p>Trotec v\u0103 ofer\u0103 o palet\u0103 larg\u0103 de aeroterme electrice ale seriei <a href=\"https:\/\/https:\/\/ro.trotec.com\/shop\/\/masini\/incalzire\/aeroterme-electrice\" class=\"broken_link\">TDS<\/a>, av\u00e2nd diferite puteri de \u00eenc\u0103lzire: pentru orice necesitate ave\u0163i solu\u0163ia ideal\u0103. E suficient s\u0103 le pune\u0163i \u00een priz\u0103, s\u0103 le porni\u0163i, \u015fi ve\u0163i ob\u0163ine c\u0103ldura necesar\u0103.<\/p>\n<p><a href=\"https:\/\/https:\/\/ro.trotec.com\/shop\/\/masini\/incalzire\/aeroterme-electrice\/aeroterma-tds-10.html\" class=\"broken_link\">Aeroterma TDS 10<\/a> are o capacitate max. de \u00eenc\u0103lzire de 2 kW, fiind modelul de debut, fiind recomandat pentru \u00eenc\u0103lzirea \u00eenc\u0103perilor mici. <a href=\"https:\/\/https:\/\/ro.trotec.com\/shop\/\/masini\/incalzire\/aeroterme-electrice\/aeroterma-tds-50-r-v2.html\" class=\"broken_link\">TDS 50<\/a> este solu\u0163ia puternic\u0103, solid\u0103 de \u00eenc\u0103lzire, cu max. 9 kW. Datorit\u0103 termostatului integrat, debitul de aer poate fi reglat la temperatura dorit\u0103. Indiferent care este modelul pentru care v\u0103 decide\u0163i: aerotermele electrice sunt flexibile, put\u00e2nd fi transportate dintr-o \u00eenc\u0103pere \u00een alta. De exemplu dintr-un garaj, \u00eentr-un atelier. Dac\u0103 ve\u0163i dori s\u0103 amplasa\u0163i fix aeroterma, modelele TDS au accesorii op\u0163ionale pentru o montare sigur\u0103 pe perete sau sub tavan.<\/p>\n<p>La toate modelele TDS \u00een afar\u0103 de TDS 10 pute\u0163i deconecta func\u0163iunea de \u00eenc\u0103lzire, utiliz\u00e2ndu-le doar pentru ventilarea aerului.<\/p>\n<p>Puternice, practice, 100% Trotec!<\/p>\n<p><strong>Avantaje practice:<\/strong><\/p>\n<ul>\n<li>Reglarea pe mai multe trepte a temperaturii, cu p\u00e2n\u0103 la 3 trepte de \u00eenc\u0103lzire<\/li>\n<li>Termostat integrat pentru c\u0103ldur\u0103 constant\u0103<\/li>\n<li>Protec\u0163ie la supra\u00eenc\u0103lzire<\/li>\n<li>Motor suflant\u0103 cu protec\u0163ie termic\u0103<\/li>\n<li>Nu consum\u0103 oxigen \u015fi nu produce gaze de ardere<\/li>\n<li>Func\u0163iune ventilare (excep\u0163ie <a href=\"https:\/\/https:\/\/ro.trotec.com\/shop\/\/masini\/incalzire\/aeroterme-electrice\/aeroterma-tds-10.html\" class=\"broken_link\">TDS 10<\/a>)<\/li>\n<li>Preg\u0103tit pentru montarea pe perete sau tavan<\/li>\n<\/ul>\n<p>Consulta\u0163i \u00een magazinul nostru oferta noastr\u0103 vast\u0103 de <a href=\"https:\/\/https:\/\/ro.trotec.com\/shop\/\/masini\/incalzire\/aeroterme-electrice\" class=\"broken_link\">aeroterme electrice Trotec<\/a>!<\/p>\n","protected":false},"excerpt":{"rendered":"<p>Dac\u0103 ave\u0163i o cas\u0103 de vacan\u0163\u0103, v\u0103 bucura\u0163i desigur s\u0103 pute\u0163i petrece \u00een cur\u00e2nd c\u00e2teva zile pl\u0103cute, \u00eentr-o atmosfer\u0103 confortabil\u0103. Pentru aceasta \u00eens\u0103, e important s\u0103 ave\u0163i la dispozi\u0163ie o surs\u0103 de \u00eenc\u0103lzire pe care s\u0103 v\u0103 pute\u0163i baza atunci c\u00e2nd temperatura va sc\u0103dea. Pentru aceasta v\u0103 recomand\u0103 aerotermele electrice ale seriei TDS de la Trotec!<\/p>\n","protected":false},"author":66,"featured_media":2315,"comment_status":"open","ping_status":"open","sticky":false,"template":"","format":"standard","meta":[],"categories":[6,7,9,2],"tags":[27,28,29,31,34],"_links":{"self":[{"href":"https:\/\/www.trotec-blog.com\/ro\/wp-json\/wp\/v2\/posts\/2313"}],"collection":[{"href":"https:\/\/www.trotec-blog.com\/ro\/wp-json\/wp\/v2\/posts"}],"about":[{"href":"https:\/\/www.trotec-blog.com\/ro\/wp-json\/wp\/v2\/types\/post"}],"author":[{"embeddable":true,"href":"https:\/\/www.trotec-blog.com\/ro\/wp-json\/wp\/v2\/users\/66"}],"replies":[{"embeddable":true,"href":"https:\/\/www.trotec-blog.com\/ro\/wp-json\/wp\/v2\/comments?post=2313"}],"version-history":[{"count":10,"href":"https:\/\/www.trotec-blog.com\/ro\/wp-json\/wp\/v2\/posts\/2313\/revisions"}],"predecessor-version":[{"id":15020,"href":"https:\/\/www.trotec-blog.com\/ro\/wp-json\/wp\/v2\/posts\/2313\/revisions\/15020"}],"wp:featuredmedia":[{"embeddable":true,"href":"https:\/\/www.trotec-blog.com\/ro\/wp-json\/wp\/v2\/media\/2315"}],"wp:attachment":[{"href":"https:\/\/www.trotec-blog.com\/ro\/wp-json\/wp\/v2\/media?parent=2313"}],"wp:term":[{"taxonomy":"category","embeddable":true,"href":"https:\/\/www.trotec-blog.com\/ro\/wp-json\/wp\/v2\/categories?post=2313"},{"taxonomy":"post_tag","embeddable":true,"href":"https:\/\/www.trotec-blog.com\/ro\/wp-json\/wp\/v2\/tags?post=2313"}],"curies":[{"name":"wp","href":"https:\/\/api.w.org\/{rel}","templated":true}]}}