{"id":16844,"date":"2023-04-11T09:23:57","date_gmt":"2023-04-11T07:23:57","guid":{"rendered":"https:\/\/www.trotec-blog.com\/ro\/?p=16844"},"modified":"2023-04-11T09:30:36","modified_gmt":"2023-04-11T07:30:36","slug":"studiu-harvard-aerul-consumat-afecteaza-performanta-la-locul-de-munca","status":"publish","type":"post","link":"https:\/\/www.trotec-blog.com\/ro\/blog\/trotec\/studiu-harvard-aerul-consumat-afecteaza-performanta-la-locul-de-munca\/","title":{"rendered":"Studiu Harvard! Aerul consumat afecteaz\u0103 performan\u021ba la locul de munc\u0103"},"content":{"rendered":"<p><a href=\"https:\/\/www.trotec-blog.com\/ro\/files\/2023\/04\/RO_tro_blog_Feinstaub_Arbeitsplatz_blogbild_1000x1000.jpg\"><img loading=\"lazy\" class=\"alignnone size-full wp-image-16845\" src=\"https:\/\/www.trotec-blog.com\/ro\/files\/2023\/04\/RO_tro_blog_Feinstaub_Arbeitsplatz_blogbild_1000x1000.jpg\" alt=\"\" width=\"1000\" height=\"1000\" \/><\/a><\/p>\n<h2>Dac\u0103 angaja\u021bii de birou sufer\u0103 zilnic de \u201eaer greu\u201d la locul de munc\u0103, acest lucru poate avea un impact semnificativ asupra performan\u021bei la locul de munc\u0103. Aceasta este concluzia la care au ajuns cercet\u0103torii de la renumita Universitate Harvard, care au examinat efectele calit\u0103\u021bii aerului din interior asupra abilit\u0103\u021bilor cognitive ale angaja\u021bilor \u00eentr-un studiu din SUA.<\/h2>\n<p><!--more--><\/p>\n<p>Consecin\u021bele asupra s\u0103n\u0103t\u0103\u021bii ale polu\u0103rii aerului, \u00een special din cauza prafului fin, sunt prin urmare semnificativ mai mari dec\u00e2t se presupunea anterior. Prin urmare, angajatorii sunt sf\u0103tui\u021bi s\u0103 acorde o aten\u021bie deosebit\u0103 calit\u0103\u021bii aerului din interior din companie \u0219i s\u0103 utilizeze m\u0103suri specifice, cum ar fi <a href=\"https:\/\/ro.trotec.com\/shop\/instrumente-de-masura\/clima\/detectoare-de-co2.html?rc=783e2f47dd\" class=\"broken_link\"><strong>monitorizarea calit\u0103\u021bii aerulu<\/strong>i<\/a> \u0219i <a href=\"https:\/\/ro.trotec.com\/shop\/aparate\/purificarea-aerului.html?rc=783e2f47dd\" class=\"broken_link\"><strong>purificatoare mobile de aer<\/strong><\/a> pentru a \u00eembun\u0103t\u0103\u021bi atmosfera de lucru. \u00cen beneficiul angaja\u021bilor ca promovare a s\u0103n\u0103t\u0103\u021bii la locul de munc\u0103, dar \u0219i pentru a promova performan\u021ba deplin\u0103 a angaja\u021bilor.<\/p>\n<h3><img loading=\"lazy\" class=\"alignnone size-full wp-image-72038\" src=\"https:\/\/www.trotec-blog.com\/wp-content\/uploads\/2023\/03\/AirgoClean_One_Einsatz_04_square.jpg\" alt=\"\" width=\"1000\" height=\"1000\" \/><\/h3>\n<h3><strong>Studiu Harvard: Particulele din aer afecteaz\u0103 performan\u021ba muncii<br \/>\n<\/strong><\/h3>\n<p>\u00cen studiul Global CogFX, cercet\u0103torii de la Universitatea Harvard au studiat 302 persoane din \u0219ase \u021b\u0103ri care lucreaz\u0103 \u00een medii de birou pe o perioad\u0103 de 12 luni. \u00cen acest scop, locurile de munc\u0103 au fost echipate cu monitoare de calitate a aerului precum Trotec BQ30 pentru a m\u0103sura concentra\u021bia de praf fin (dimensiunea particulelor 2,5 microni), dioxidul de carbon, temperatura \u0219i umiditatea \u00een timp real. \u00cen acela\u0219i timp, abilit\u0103\u021bile cognitive ale subiec\u021bilor au fost testate folosind o aplica\u021bie mobil\u0103 special dezvoltat\u0103.<\/p>\n<h3><img loading=\"lazy\" class=\"alignnone size-full wp-image-72029\" src=\"https:\/\/www.trotec-blog.com\/wp-content\/uploads\/2023\/03\/BQ30_Arbeitsplatz.jpg\" alt=\"\" width=\"1000\" height=\"667\" \/><\/h3>\n<h3><strong>Cea mai important\u0103 constatare a studiului: performan\u021ba oamenilor la locul de munc\u0103 a sc\u0103zut m\u0103surabil odat\u0103 cu cre\u0219terea concentra\u021biei de praf fin \u0219i CO2<\/strong><\/h3>\n<p>O cre\u0219tere a concentra\u021biei de particule cu 10 ug\/m3 (micrograme pe metru cub) \u00een aerul din interior a dus la r\u0103spunsuri incorecte \u0219i mai lente cu aproximativ 1% la testele de cogni\u021bie efectuate. O cre\u0219tere a concentra\u021biei de CO2 din aerul camerei cu 500 ppm (p\u0103r\u021bi pe milion) a dus, de asemenea, la o deteriorare comparabil\u0103 a abilit\u0103\u021bilor de g\u00e2ndire.<\/p>\n<h3><strong>Consecin\u021bele calit\u0103\u021bii proaste a aerului din interior la locul de munc\u0103 sunt:<\/strong><\/h3>\n<ul>\n<li>timpi de r\u0103spuns mai len\u021bi<\/li>\n<li>acurate\u021be redus\u0103 \u00een activit\u0103\u021bile efectuate<\/li>\n<\/ul>\n<h3><strong>Numeroase cauze ale calit\u0103\u021bii proaste a aerului<\/strong><\/h3>\n<p>Imprimantele laser dar \u0219i imprimantele 3D moderne pot fi surse de emisie pentru praf fin \u00een companie. Un studiu american al Institutului de Tehnologie din Illinois, \u00een numele autorit\u0103\u021bii americane de s\u0103n\u0103tate CDC, a constatat c\u0103 dispozitivele slabe produc de p\u00e2n\u0103 la 20 de ori mai mult praf ultrafin dec\u00e2t imprimantele cu emisii sc\u0103zute. Acest lucru se datoreaz\u0103 \u00een special materialelor de imprimare utilizate (plastic PLA \u0219i AMS).<\/p>\n<p>Potrivit Agen\u021biei Federale de Mediu (UBA), alte surse de particule fine de praf sunt traficul de autovehicule \u00een interiorul ora\u0219ului, centralele electrice sau companiile industriale din apropiere. Aerul poluat exterior p\u0103trunde \u00een interior prin ferestre deschise, dar \u0219i prin acumulare pe pantofi \u0219i \u00eembr\u0103c\u0103minte, unde duce la o cre\u0219tere m\u0103surabil\u0103 a valorilor.<\/p>\n<h3><img loading=\"lazy\" class=\"alignnone size-full wp-image-72030\" src=\"https:\/\/www.trotec-blog.com\/wp-content\/uploads\/2023\/03\/Laerm.jpg\" alt=\"\" width=\"1000\" height=\"667\" \/><\/h3>\n<h3><strong>Aerisirea singur\u0103 nu protejeaz\u0103 \u00eempotriva aerului r\u0103u<\/strong><\/h3>\n<p><strong>Miezul problemei:<\/strong> Pe de o parte, ventila\u021bia regulat\u0103 la locul de munc\u0103 este important\u0103 pentru a schimba aerul uzat cu aer proasp\u0103t \u0219i astfel pentru a preveni simptomele de oboseal\u0103 \u0219i disconfort datorate concentra\u021biilor crescute de CO2. Pe de alt\u0103 parte, poluarea aerului, cum ar fi particulele fine de praf din aerul exterior, p\u0103trund \u0219i \u00een interior prin m\u0103suri de ventila\u021bie. Prin urmare, sunt necesare m\u0103suri suplimentare pentru \u00eembun\u0103t\u0103\u021birea calit\u0103\u021bii aerului din interior, \u00een special \u00een zonele industriale \u0219i aglomera\u021biile cu volume mari de trafic.<\/p>\n<h3><strong>Cre\u0219te\u021bi productivitatea la locul de munc\u0103 cu o bun\u0103 igien\u0103 a aerului din interior<\/strong><\/h3>\n<p>Angajatorii pot implementa o protec\u021bie fiabil\u0103 \u00eempotriva efectelor negative ale prafului fin la locul de munc\u0103 cu m\u0103suri relativ simple \u0219i la costuri reduse.<\/p>\n<p>Dac\u0103 dori\u021bi s\u0103 \u0219ti\u021bi c\u00e2t de bun sau r\u0103u este aerul din interior \u00een companie, dac\u0103 aerul are o concentra\u021bie prea mare de CO2 sau poluare cu praf fin \u0219i dac\u0103 sunt necesare m\u0103suri pentru \u00eembun\u0103t\u0103\u021birea calit\u0103\u021bii aerului, ve\u021bi g\u0103si tot ce ave\u021bi nevoie \u00een <strong><a href=\"https:\/\/ro.trotec.com\/shop\/?rc=783e2f47dd\">Trotec-Shop<\/a><\/strong>.<\/p>\n<h3><strong>Urm\u0103rirea calit\u0103\u021bii aerului din interior: monitorizarea calit\u0103\u021bii aerului<\/strong><\/h3>\n<p>Cu <a href=\"https:\/\/ro.trotec.com\/shop\/masurator-de-particule-bq30.html?rc=783e2f47dd\"><strong>monitorul practic de calitate a aerului BQ30<\/strong><\/a>, angajatorii pot urm\u0103ri \u00een mod fiabil calitatea aerului din interior. BQ30 m\u0103soar\u0103 at\u00e2t concentra\u021bia de CO2 din aerul camerei, c\u00e2t \u0219i emite valoarea m\u0103surat\u0103 pe afi\u0219ajul LCD \u00eentr-un mod u\u0219or de citit. \u00cen plus, dispozitivul practic de m\u0103surare m\u0103soar\u0103 cantitatea de particule fine de praf din aerul camerei \u0219i face vizibile imediat concentra\u021biile periculoase de mari. \u00cen plus, dispozitivul de m\u0103surare folose\u0219te tehnologia laser pentru a \u00eenregistra cu u\u0219urin\u021b\u0103 cea mai mic\u0103 poluare a aerului de dimensiunile PM2,5 \u0219i PM10 \u00een micrograme pe metru cub.<\/p>\n<h3><img loading=\"lazy\" class=\"alignnone size-full wp-image-71719\" src=\"https:\/\/www.trotec-blog.com\/wp-content\/uploads\/2023\/03\/4er-Bild-3.jpg\" alt=\"\" width=\"1000\" height=\"1000\" \/><\/h3>\n<h3><strong>Pe ecranul LCD color mare al BQ30 poate fi citit \u00een acela\u0219i timp:<\/strong><\/h3>\n<ul>\n<li>Con\u021binutul de CO2 din aerul camerei<\/li>\n<li>Concentra\u021bia masei particulelor \u00een aer<\/li>\n<li>temperatura aerului<\/li>\n<li>umiditate relativ\u0103<\/li>\n<\/ul>\n<h3><strong>Aer curat \u0219i niveluri sc\u0103zute de particule \u00een interior: purificarea aerului AirgoClean\u00ae<\/strong><\/h3>\n<p>Dac\u0103 dori\u021bi s\u0103 fi\u021bi \u00een siguran\u021b\u0103 atunci c\u00e2nd vine vorba de calitatea aerului din \u00eenc\u0103pere, purificatoarele de aer AirgoClean\u00ae de la Trotec sunt mijlocul de alegere pentru protec\u021bie \u00eempotriva particulelor fine de praf d\u0103un\u0103toare, precum \u0219i a gripei, rinocerului, RSV \u0219i virusurilor corona din aer. Un efect secundar pozitiv: Datorit\u0103 purific\u0103rii tehnice a aerului, este necesar\u0103 mai pu\u021bin\u0103 ventila\u021bie, ceea ce se pl\u0103te\u0219te \u00een special \u00een ceea ce prive\u0219te pre\u021burile ridicate la energie \u00een prezent. Camerele nu se racesc, caldura ramane in camera.<\/p>\n<p><img loading=\"lazy\" class=\"alignnone size-full wp-image-71260\" src=\"https:\/\/www.trotec-blog.com\/wp-content\/uploads\/2023\/02\/4er-Bild2.jpg\" alt=\"\" width=\"1000\" height=\"1000\" \/><\/p>\n<h3><strong>Tehnologia de filtru HEPA elimin\u0103 praful fin din aer<\/strong><\/h3>\n<p>Cu filtrele lor HEPA extrem de eficiente, purificatoarele de aer mobile din <a href=\"https:\/\/ro.trotec.com\/shop\/aparate\/purificarea-aerului\/purificatoare-de-aer-pentru-filtrarea-virusilor.html?rc=783e2f47dd\" class=\"broken_link\"><strong>seria AirgoClean\u00ae<\/strong> <\/a>elimin\u0103 \u00een mod fiabil peste 99% din toate particulele \u00een suspensie din aerul camerei \u0219i asigur\u0103 astfel o inhalare mai s\u0103n\u0103toas\u0103 \u0219i o respira\u021bie profund\u0103. Particulele fine de praf sunt filtrate din aerul camerei la fel de sigur ca virusurile, bacteriile, polenul \u0219i alergenii patogeni.<\/p>\n<p><img loading=\"lazy\" class=\"alignnone size-full wp-image-71341\" src=\"https:\/\/www.trotec-blog.com\/wp-content\/uploads\/2023\/02\/4er-Bild-6.jpg\" alt=\"\" width=\"1000\" height=\"1000\" \/><\/p>\n<p><strong>Deosebit de practi:<\/strong>\u00a0<a href=\"https:\/\/ro.trotec.com\/shop\/aparate\/purificarea-aerului\/purificatoare-de-aer-pentru-filtrarea-virusilor.html?rc=783e2f47dd\" class=\"broken_link\"><strong>Purificatoarele de aer AirgoClean\u00ae<\/strong><\/a> cu afi\u0219aj integrat pentru calitatea aerului fac vizibil\u0103 calitatea aerului altfel invizibil\u0103. Pe l\u00e2ng\u0103 afi\u0219area numeric\u0103 a valorii PM 2,5 (num\u0103r de particule fine de praf &lt; 2,5 \u00b5m), un afi\u0219aj optic cu LED-uri colorate indic\u0103 gradul de puritate a aerului ambiental.<\/p>\n<p><img loading=\"lazy\" class=\"alignnone size-full wp-image-70497\" src=\"https:\/\/www.trotec-blog.com\/wp-content\/uploads\/2023\/01\/2er-Bild-1.jpg\" alt=\"\" width=\"1000\" height=\"500\" \/><\/p>\n<h3><strong>Protec\u021bie maxim\u0103 \u00eempotriva pericolelor de praf fin la locul de munc\u0103: purificatoare de aer de \u00eenalt\u0103 performan\u021b\u0103 TAC<\/strong><\/h3>\n<p>Cinci modele \u00een dou\u0103 variante de dispozitiv &#8211; fiecare cu eficien\u021b\u0103 dovedit\u0103 a filtrului pentru protec\u021bie \u00eempotriva particulelor fine de praf \u0219i a agen\u021bilor patogeni transporta\u021bi \u00een aer fac din seria TAC o solu\u021bie flexibil\u0103 \u0219i scalabil\u0103 de cur\u0103\u021bare a aerului pentru \u00eenc\u0103perile de lucru din medii industriale (zone industriale)<\/p>\n<ul>\n<li>Construc\u021bie extrem de robust\u0103 pentru uz profesional<\/li>\n<li>Flexibilitate ridicat\u0103 de utilizare prin mobilitate; pur \u0219i simplu instala\u021bi acolo unde este necesar\u0103 o protec\u021bie ridicat\u0103 \u00eempotriva riscurilor aeropurtate<\/li>\n<li>Volum de aer de p\u00e2n\u0103 la 2.100 m\u00b3<\/li>\n<li>Filtru HEPA de \u00eenalt\u0103 performan\u021b\u0103 H14 conform EN 1822<\/li>\n<li>Debit constant de aer, chiar \u0219i cu contaminarea crescut\u0103 a filtrului<\/li>\n<li>Func\u021bionare complet automat\u0103 prin programare flexibil\u0103<\/li>\n<li>Indicator de schimbare a filtrului controlat de senzori (prefiltrul \u0219i filtrul principal) pentru o durat\u0103 de via\u021b\u0103 mai lung\u0103 a filtrului<\/li>\n<li>Nivel sc\u0103zut de zgomot<\/li>\n<li>Facut in Germania<\/li>\n<\/ul>\n<p>&nbsp;<\/p>\n","protected":false},"excerpt":{"rendered":"<p>Dac\u0103 angaja\u021bii de birou sufer\u0103 zilnic de \u201eaer greu\u201d la locul de munc\u0103, acest lucru poate avea un impact semnificativ asupra performan\u021bei la locul de munc\u0103. Aceasta este concluzia la care au ajuns cercet\u0103torii de la renumita Universitate Harvard, care au examinat efectele calit\u0103\u021bii aerului din interior asupra abilit\u0103\u021bilor cognitive ale angaja\u021bilor \u00eentr-un studiu din [&hellip;]<\/p>\n","protected":false},"author":66,"featured_media":16845,"comment_status":"open","ping_status":"open","sticky":false,"template":"","format":"standard","meta":[],"categories":[6,8,2],"tags":[2482,376,2483,2484,373,34],"_links":{"self":[{"href":"https:\/\/www.trotec-blog.com\/ro\/wp-json\/wp\/v2\/posts\/16844"}],"collection":[{"href":"https:\/\/www.trotec-blog.com\/ro\/wp-json\/wp\/v2\/posts"}],"about":[{"href":"https:\/\/www.trotec-blog.com\/ro\/wp-json\/wp\/v2\/types\/post"}],"author":[{"embeddable":true,"href":"https:\/\/www.trotec-blog.com\/ro\/wp-json\/wp\/v2\/users\/66"}],"replies":[{"embeddable":true,"href":"https:\/\/www.trotec-blog.com\/ro\/wp-json\/wp\/v2\/comments?post=16844"}],"version-history":[{"count":2,"href":"https:\/\/www.trotec-blog.com\/ro\/wp-json\/wp\/v2\/posts\/16844\/revisions"}],"predecessor-version":[{"id":16851,"href":"https:\/\/www.trotec-blog.com\/ro\/wp-json\/wp\/v2\/posts\/16844\/revisions\/16851"}],"wp:featuredmedia":[{"embeddable":true,"href":"https:\/\/www.trotec-blog.com\/ro\/wp-json\/wp\/v2\/media\/16845"}],"wp:attachment":[{"href":"https:\/\/www.trotec-blog.com\/ro\/wp-json\/wp\/v2\/media?parent=16844"}],"wp:term":[{"taxonomy":"category","embeddable":true,"href":"https:\/\/www.trotec-blog.com\/ro\/wp-json\/wp\/v2\/categories?post=16844"},{"taxonomy":"post_tag","embeddable":true,"href":"https:\/\/www.trotec-blog.com\/ro\/wp-json\/wp\/v2\/tags?post=16844"}],"curies":[{"name":"wp","href":"https:\/\/api.w.org\/{rel}","templated":true}]}}