{"id":16686,"date":"2023-02-17T10:14:33","date_gmt":"2023-02-17T08:14:33","guid":{"rendered":"https:\/\/www.trotec-blog.com\/ro\/?p=16686"},"modified":"2023-02-17T10:14:33","modified_gmt":"2023-02-17T08:14:33","slug":"sezonul-polenului-incepe-la-inceputul-acestui-an-mai-devreme-dar-nu-in-casa-ta-cu-ajutorul-purificatoarelor-de-aer-din-seria-airgoclean","status":"publish","type":"post","link":"https:\/\/www.trotec-blog.com\/ro\/blog\/actual\/sezonul-polenului-incepe-la-inceputul-acestui-an-mai-devreme-dar-nu-in-casa-ta-cu-ajutorul-purificatoarelor-de-aer-din-seria-airgoclean\/","title":{"rendered":"Sezonul polenului \u00eencepe la \u00eenceputul acestui an mai devreme, dar nu \u00een casa ta, cu ajutorul purificatoarelor de aer din seria AirgoClean\u00ae"},"content":{"rendered":"<p><a href=\"https:\/\/www.trotec-blog.com\/ro\/files\/2023\/02\/tro_blog_pollensaison_blogbild_1000x1000.jpg\"><img loading=\"lazy\" class=\"alignnone size-full wp-image-16687\" src=\"https:\/\/www.trotec-blog.com\/ro\/files\/2023\/02\/tro_blog_pollensaison_blogbild_1000x1000.jpg\" alt=\"\" width=\"1000\" height=\"1000\" \/><\/a><\/p>\n<h2>Sezonul polenului a \u00eenceput deja datorit\u0103 \u00eenceputului cald al noului an. Odat\u0103 cu cre\u0219terea temperaturilor, \u00eencepe \u0219i principalul sezon de \u00eenflorire pentru alun \u0219i arin. Din octombrie p\u00e2n\u0103 \u00een ianuarie exist\u0103 \u00een mod normal doar o cantitate mic\u0103 de polen \u00een aer, a\u0219a c\u0103 persoanele alergice au timp s\u0103 respire profund. Dar, ca \u0219i anul trecut, primul polen alergenic (alun \u0219i arin) a \u00eenceput cu adev\u0103rat devreme \u0219i, ca urmare a temperaturilor extraordinar de ridicate, a \u00eenceput s\u0103 \u00eenfloreasc\u0103 mai viguros \u00een prima jum\u0103tate a lunii ianuarie. Acasa, intre cei patru pere\u021bi, purificatoarele de aer din seria AirgoClean\u00ae protejeaz\u0103 \u00een mod fiabil \u00eempotriva acestor pericole \u0219i, de asemenea, \u00eempotriva altor polu\u0103ri ale aerului, cum ar fi praful fin.<\/h2>\n<p><!--more--><\/p>\n<p>\u00cen unele zone, primul polen de alun ar putea fi \u00eenregistrat chiar la sf\u00e2r\u0219itul anului, ceea ce p\u00e2n\u0103 acum s-a \u00eent\u00e2mplat foarte rar. Alunii \u0219i arinii \u00eencep de obicei s\u0103 \u00eenfloreasc\u0103 mai viguros de la sf\u00e2r\u0219itul lunii ianuarie p\u00e2n\u0103 la \u00eenceputul lunii februarie.<br \/>\nDin cauza temperaturilor de iarn\u0103, mai ales \u00een nord, \u00een a doua jum\u0103tate a lunii ianuarie \u0219i \u00een prima s\u0103pt\u0103m\u00e2n\u0103 a lunii februarie, dezvoltarea florilor de alun \u0219i arin a fost oarecum oprit\u0103, astfel \u00eenc\u00e2t \u00een \u200b\u200bmulte cazuri s-au putut \u00eenregistra doar concentra\u021bii slabe. \u00cen sud a r\u0103mas mai bl\u00e2nd, astfel \u00eenc\u00e2t a existat adesea un nivel ridicat de polen de alun \u0219i un nivel moderat de polen de arin.<\/p>\n<h3>\u00cenflorirea arinului \u0219i a alunului este vizibila<\/h3>\n<p>Cu temperaturile ceva mai ridicate \u0219i vremea adesea \u00eensorit\u0103, este de a\u0219teptat ca alunii \u0219i arinii s\u0103 fie \u00een plin\u0103 floare. Acest lucru ar fi atunci cu cel pu\u021bin o s\u0103pt\u0103m\u00e2n\u0103 mai devreme dec\u00e2t \u00een \u200b\u200bmod normal. Dac\u0103 vremea bl\u00e2nd\u0103 dureaz\u0103 mai mult, urm\u0103torii copaci care sunt problematici pentru cei care sufer\u0103 de alergii, mai ales \u00een sud, vor \u00eencepe s\u0103 \u00eenfloreasc\u0103 \u00een februarie &#8211; \u0219i anume frasinul. C\u00e2nd fiecare specie alergen\u0103 \u00eenflore\u0219te \u0219i c\u00e2t de mult polen \u00eempr\u0103\u0219tie depinde de condi\u021biile meteorologice. Deosebit de nefavorabile ar fi fazele uscate de lung\u0103 durat\u0103, a\u0219a cum au ap\u0103rut frecvent anul trecut, deoarece polenul r\u0103m\u00e2ne apoi \u00een aer mult timp \u0219i nu este sp\u0103lat.<\/p>\n<h3>Sezonul polenului se prelunge\u0219te din cauza schimb\u0103rilor climatice<\/h3>\n<p>Din cauza schimb\u0103rilor climatice, exist\u0103 din ce \u00een ce mai multe ierni bl\u00e2nde, astfel \u00eenc\u00e2t sezonul polenic \u00eencepe \u00een medie mai devreme, iar sezonul polenic dureaz\u0103 din ce \u00een ce mai mult &#8211; respira\u021bia pentru cei alergici devine din ce \u00een ce mai scurt\u0103.<\/p>\n<p>Potrivit unui studiu din 2021 din revista Proceedings of the National Academy of Sciences, sezonul polenului din America de Nord s-a prelungit cu aproximativ 20 de zile \u00een ultimele trei decenii. \u00cen plus, cantitatea de polen care a fost \u00eempr\u0103\u0219tiat\u0103 a crescut cu 21 la sut\u0103. De asemenea, se poate a\u0219tepta ca anotimpurile de polen ale speciilor alergice s\u0103 se suprapun\u0103 din ce \u00een ce mai mult pe m\u0103sur\u0103 ce dureaz\u0103 mai mult la temperaturi mai ridicate. Acest lucru ar putea cre\u0219te apoi efectul alergen.<\/p>\n<h3>Alergeni, viru\u0219i, praf fin &#8211; elimin\u0103 riscurile pentru s\u0103n\u0103tate acas\u0103<\/h3>\n<p>Purificatoarele de aer din seria AirgoClean\u00ae nu filtreaz\u0103 doar aerul din \u00eenc\u0103pere prim\u0103vara, c\u00e2nd mai mult polen intr\u0103 \u00een interior, ci pe tot parcursul anului \u0219i creeaz\u0103 astfel un climat s\u0103n\u0103tos \u00een camer\u0103 pentru a inspira \u0219i a respira liber. Poluarea aerului cu poluan\u021bi \u0219i praf este, de asemenea, periculoas\u0103 pentru cei care sufer\u0103 de alergii \u0219i astmatici. \u0218i nu numai de la Corona \u0219tim c\u0103 bacteriile \u0219i viru\u0219ii apar peste tot: biroul, de exemplu, este populat cu de o sut\u0103 de ori mai multe bacterii dec\u00e2t o buc\u0103t\u0103rie. \u00cen timpul sezonului gripei, un metru cub de aer poate con\u021bine p\u00e2n\u0103 la 15.000 de particule de virus gripal.<\/p>\n<p>Praful fin este, de asemenea, periculos pe termen lung \u2013 acestea sunt particule respirabile cu un diametru mai mic de 2,5 \u00b5m. Cu c\u00e2t aceste particule fine sunt mai mici, cu at\u00e2t pot p\u0103trunde mai ad\u00e2nc \u00een organism \u0219i \u00een sistemele de organe. Conform unor studii bazate \u0219tiin\u021bific, consecin\u021bele particulelor sunt atacuri de cord, accidente vasculare cerebrale \u0219i arterioscleroz\u0103 accelerat\u0103. Alergeni, viru\u0219i, praf fin: cel pu\u021bin opri\u021bi aceste riscuri pentru s\u0103n\u0103tate pentru dvs. acas\u0103 \u0219i la birou &#8211; cu utilizarea unui purificator de aer puternic din seria AirgoClean\u00ae ve\u021bi asigura un aer curat \u0219i nepoluat.<\/p>\n<h3>De ce toate purificatoarele de aer AirgoClean\u00ae au filtre HEPA foarte eficiente<\/h3>\n<p>Toate purificatoarele de aer din seria AirgoClean\u00ae sunt echipate cu o combina\u021bie de filtru HEPA \u00een dou\u0103 sau chiar trei etape \u0219i, datorit\u0103 tehnologiei de filtrare \u201eDual and Triple Protection\u201d, asigur\u0103 un climat interior s\u0103n\u0103tos: filtreaz\u0103 \u00een mod fiabil particulele \u00een suspensie, agen\u021bii patogeni \u0219i mirosurile. din aerul interior \u0219i emit doar aer curat \u0219i s\u0103n\u0103tos \u00eenapoi \u00een camer\u0103. \u00cen func\u021bie de model, purificarea aerului HEPA complet automat\u0103 cu tehnologia de filtrare \u201eDual sau Triple Protection\u201d garanteaz\u0103 o filtrare fiabil\u0103 de p\u00e2n\u0103 la 99,97% din to\u021bi poluan\u021bii din aer, p\u00e2n\u0103 la o dimensiune de doar 0,3 microni. Datorit\u0103 designului lor atractiv, purificatoarele de aer prietenoase cu camera de zi din seria AirgoClean\u00ae se potrivesc perfect \u00een orice mediu modern de lucru \u0219i de locuit \u0219i, datorit\u0103 dimensiunilor lor compacte, pot fi, de asemenea, transportate cu u\u0219urin\u021b\u0103 dintr-o camer\u0103 \u00een alta dac\u0103 este necesar.<\/p>\n<h3>So finden Sie den passenden AirgoClean\u00ae-Luftreiniger<\/h3>\n<p>Principalul criteriu de alegere a purificatorului de aer potrivit este dimensiunea camerei. De aceea avem aparate pentru curatarea aerului in incaperi de diferite dimensiuni. De la micul AirgoClean\u00ae 10 E sau 11 E pentru camere mai mici, cum ar fi camerele pentru copii, p\u00e2n\u0103 la cel mai puternic AirgoClean\u00ae 350 E pentru \u00eenc\u0103peri de p\u00e2n\u0103 la 120 m\u00b2 &#8211; ideal pentru livinguri mari deschise sau pentru birouri \u00een plan deschis. \u00cen plus, ob\u021bine\u021bi o utilizare \u0219i operare deosebit de convenabil\u0103 a dispozitivului cu func\u021bii suplimentare practice. Pentru a putea g\u0103si exact filtrul de aer potrivit pentru dvs., ave\u021bi aici posibilitatea de a compara clar toate filtrele de aer din seria AirgoClean\u00ae de la Trotec.<\/p>\n<h3><strong>Afla\u021bi acum &#8211; totul despre purificatoarele de aer confortabile din seria AirgoClean\u00ae<\/strong><\/h3>\n<p>Afla\u021bi acum \u00een magazinul <strong><a href=\"https:\/\/ro.trotec.com\/shop\/?rc=783e2f47dd\">Trotec-Shop<\/a><\/strong> despre toate avantajele pe care vi le ofer\u0103 gama noastr\u0103 complet\u0103 de purificatoare de aer din <a href=\"https:\/\/ro.trotec.com\/shop\/aparate\/purificarea-aerului.html?rc=783e2f47dd\" class=\"broken_link\"><strong>seria AirgoClean\u00ae<\/strong><\/a>. Filtrele de aer de design AirgoClean\u00ae 10 E, AirgoClean\u00ae 11 E, AirgoClean\u00ae 15 E, AirgoClean\u00ae 100 E, AirgoClean\u00ae 110 E, AirgoClean\u00ae 140 E, AirgoClean\u00ae 145 E, AirgoClean\u00ae 150 E, AirgoClean\u00ae 150 E, 150 E, 150 E \u00ae 171 E, AirgoClean\u00ae 200 E, AirgoClean\u00ae 250 E , AirgoClean 350 E \u0219i AirgoClean\u00ae One creeaz\u0103 un mediu de aer curat la locul de munc\u0103 sau acas\u0103, pentru a v\u0103 proteja s\u0103n\u0103tatea \u0219i a familiei sau a angaja\u021bilor dvs.<\/p>\n","protected":false},"excerpt":{"rendered":"<p>Sezonul polenului a \u00eenceput deja datorit\u0103 \u00eenceputului cald al noului an. Odat\u0103 cu cre\u0219terea temperaturilor, \u00eencepe \u0219i principalul sezon de \u00eenflorire pentru alun \u0219i arin. Din octombrie p\u00e2n\u0103 \u00een ianuarie exist\u0103 \u00een mod normal doar o cantitate mic\u0103 de polen \u00een aer, a\u0219a c\u0103 persoanele alergice au timp s\u0103 respire profund. Dar, ca \u0219i anul [&hellip;]<\/p>\n","protected":false},"author":66,"featured_media":16687,"comment_status":"open","ping_status":"open","sticky":false,"template":"","format":"standard","meta":[],"categories":[6],"tags":[376,373,34],"_links":{"self":[{"href":"https:\/\/www.trotec-blog.com\/ro\/wp-json\/wp\/v2\/posts\/16686"}],"collection":[{"href":"https:\/\/www.trotec-blog.com\/ro\/wp-json\/wp\/v2\/posts"}],"about":[{"href":"https:\/\/www.trotec-blog.com\/ro\/wp-json\/wp\/v2\/types\/post"}],"author":[{"embeddable":true,"href":"https:\/\/www.trotec-blog.com\/ro\/wp-json\/wp\/v2\/users\/66"}],"replies":[{"embeddable":true,"href":"https:\/\/www.trotec-blog.com\/ro\/wp-json\/wp\/v2\/comments?post=16686"}],"version-history":[{"count":1,"href":"https:\/\/www.trotec-blog.com\/ro\/wp-json\/wp\/v2\/posts\/16686\/revisions"}],"predecessor-version":[{"id":16688,"href":"https:\/\/www.trotec-blog.com\/ro\/wp-json\/wp\/v2\/posts\/16686\/revisions\/16688"}],"wp:featuredmedia":[{"embeddable":true,"href":"https:\/\/www.trotec-blog.com\/ro\/wp-json\/wp\/v2\/media\/16687"}],"wp:attachment":[{"href":"https:\/\/www.trotec-blog.com\/ro\/wp-json\/wp\/v2\/media?parent=16686"}],"wp:term":[{"taxonomy":"category","embeddable":true,"href":"https:\/\/www.trotec-blog.com\/ro\/wp-json\/wp\/v2\/categories?post=16686"},{"taxonomy":"post_tag","embeddable":true,"href":"https:\/\/www.trotec-blog.com\/ro\/wp-json\/wp\/v2\/tags?post=16686"}],"curies":[{"name":"wp","href":"https:\/\/api.w.org\/{rel}","templated":true}]}}