{"id":16518,"date":"2022-12-20T10:21:50","date_gmt":"2022-12-20T08:21:50","guid":{"rendered":"https:\/\/www.trotec-blog.com\/ro\/?p=16518"},"modified":"2022-12-20T10:21:50","modified_gmt":"2022-12-20T08:21:50","slug":"ventilator-radial-tfv-29-fs-uscator-de-suprafata-flexibil-cu-performanta-ridicata-a-aerului-intr-un-design-subtire-care-economiseste-spatiu-disponibil-din-nou","status":"publish","type":"post","link":"https:\/\/www.trotec-blog.com\/ro\/blog\/trotec\/ventilator-radial-tfv-29-fs-uscator-de-suprafata-flexibil-cu-performanta-ridicata-a-aerului-intr-un-design-subtire-care-economiseste-spatiu-disponibil-din-nou\/","title":{"rendered":"Ventilator radial TFV 29 FS: usc\u0103tor de suprafa\u021b\u0103 flexibil cu performan\u021b\u0103 ridicat\u0103 a aerului \u00eentr-un design sub\u021bire care economise\u0219te spa\u021biu &#8211; disponibil din nou"},"content":{"rendered":"<div class=\"entry-content\">\n<h2><img loading=\"lazy\" class=\"alignnone size-full wp-image-70178\" src=\"https:\/\/www.trotec-blog.com\/wp-content\/uploads\/2022\/12\/tro_blog_tfv_29_fs_blogbild_1000x1000.jpg\" alt=\"\" width=\"1000\" height=\"1000\" \/><\/h2>\n<h2>\u00cen ciuda \u00een\u0103l\u021bimii sale totale reduse, TFV 29 FS este extrem de puternic \u0219i realizeaz\u0103 timpi de uscare considerabil mai scurti. Designul sofisticat, realizat \u00eentr-un design sub\u021bire, care economise\u0219te spa\u021biu, permite o ie\u0219ire mare de aer la presiune maxim\u0103 datorit\u0103 lamelor metalice robuste \u0219i cu form\u0103 optim\u0103. Centrul de greutate \u0219i forma ventilatorului radial sunt proiectate pentru patru pozi\u021bii diferite de instalare &#8211; aproape de sol, \u00eenclinat, vertical \u0219i pe margine &#8211; astfel \u00eenc\u00e2t s\u0103 pute\u021bi utiliza acest usc\u0103tor turbo, care este \u00een sf\u00e2r\u0219it disponibil din nou, optim pentru fiecare sarcin\u0103.<\/h2>\n<p><!--more--><\/p>\n<p>Succesul lui<a href=\"https:\/\/ro.trotec.com\/shop\/ventilator-radial-tfv-29-fs.html?rc=783e2f47dd\"><strong> TFV 29 FS<\/strong> <\/a>justific\u0103 designul s\u0103u inovator. Centrul de greutate \u0219i forma ventilatorului centrifugal au fost concepute pentru patru pozi\u021bii diferite de instalare &#8211; ceea ce v\u0103 ofer\u0103 nenum\u0103rate posibile utiliz\u0103ri \u0219i v\u0103 permite s\u0103 utiliza\u021bi turbo usc\u0103tor \u00een mod optim pentru fiecare sarcin\u0103. Pute\u021bi usca \u00een mod flexibil suprafe\u021bele pardoselii, precum \u0219i pere\u021bii \u0219i tavanele vizate sau case de sc\u0103ri \u00eentregi mai rapid prin schimbul accelerat de aer \u0219i pute\u021bi alimenta acest aer umed \u00eentr-un usc\u0103tor suplimentar cu condensator. Chiar \u0219i \u00een spa\u021biile foarte \u00eenghesuite, ventilatorul centrifugal compact \u00ee\u0219i g\u0103se\u0219te \u00een continuare locul datorit\u0103 \u00een\u0103l\u021bimii reduse.<\/p>\n<h3>C\u00e2teva avantaje adunate la un loc:<\/h3>\n<p>convinge cu patru pozi\u021bii de instalare pentru accelerarea usc\u0103rii \u00een func\u021bie de situa\u021bie:<\/p>\n<ul>\n<li><strong>1. Pozi\u0163ia \u00eenclinat\u0103<\/strong> \u2013 M\u00e2nerul suport integrat \u00een partea jos poate fi rabatat pentru \u00eenclinarea ventilatorului TFV\u00a029\u00a0FS, ajut\u00e2nd astfel la aerarea pentru uscare a treptelor, pere\u0163ilor sau a casei sc\u0103rii \u00een \u00eentregime.<\/li>\n<li><strong>2. Pozi\u0163ia pe podea<\/strong> \u2013 La aceast\u0103 pozi\u0163ie se va distribui cu o vitez\u0103 mare \u00eentregul aer ventilat, \u00eentr-un curent larg de aer, direct peste podea, ceea ce duce la o uscare evident mai rapid\u0103 a suprafe\u0163elor.<\/li>\n<li><strong>3. Pozi\u0163ia vertical\u0103<\/strong> \u2013 Pentru uscarea focusat\u0103 a zonelor din tavan.<\/li>\n<li><strong>4. Pozi\u0163ia pe cant<\/strong> \u2013 Optim\u0103 pentru spa\u0163iile \u00eenguste sau uscarea suprafe\u0163elor mari de perete.<\/li>\n<li>Pe l\u00e2ng\u0103 comutatorul de operare rezistent la stropire, panoul s\u0103u de control g\u0103zduie\u0219te \u0219i un contor standard de ore de func\u021bionare \u0219i o priz\u0103 de service. \u00cen combina\u021bie cu cablul lung de conectare al usc\u0103torului turbo, pute\u021bi conecta convenabil mai multe dispozitive \u00een serie la o singur\u0103 priz\u0103.<\/li>\n<li>poate fi transportat simplu \u0219i u\u0219or datorit\u0103 greut\u0103\u021bii reduse \u0219i m\u00e2nerelor de transport de pe ambele p\u0103r\u021bi. Un suport de cablu integrat creeaz\u0103 ordine \u0219i previne riscul de \u00eempiedicare.<\/li>\n<li>pot fi stivuite unul peste altul \u00een vehiculul de service sau \u00een magazinul de echipamente pentru a economisi spa\u021biu.<\/li>\n<\/ul>\n<h3>Ventilator radial TFV 29 FS \u2013 calitate profesionala de la Trotec<\/h3>\n<p>Profita\u021bi de calitatea de marc\u0103 de la Trotec ca un garant al \u00eenaltei valori, siguran\u021be \u0219i func\u021bionalit\u0103\u021bi. Comanda\u021bi chiar acum \u00een magazinul nostru online <a href=\"https:\/\/ro.trotec.com\/shop\/ventilator-radial-tfv-29-fs.html?rc=783e2f47dd\"><strong>ventilatorul radial TFV 29 FS<\/strong> <\/a>la cele mai atractive pre\u021buri \u2013 acum \u00een <strong><a href=\"https:\/\/ro.trotec.com\/shop\/?rc=783e2f47dd\">Trotec-Shop<\/a><\/strong>!<\/p>\n<\/div>\n","protected":false},"excerpt":{"rendered":"<p>\u00cen ciuda \u00een\u0103l\u021bimii sale totale reduse, TFV 29 FS este extrem de puternic \u0219i realizeaz\u0103 timpi de uscare considerabil mai scurti. Designul sofisticat, realizat \u00eentr-un design sub\u021bire, care economise\u0219te spa\u021biu, permite o ie\u0219ire mare de aer la presiune maxim\u0103 datorit\u0103 lamelor metalice robuste \u0219i cu form\u0103 optim\u0103. Centrul de greutate \u0219i forma ventilatorului radial sunt [&hellip;]<\/p>\n","protected":false},"author":66,"featured_media":16520,"comment_status":"open","ping_status":"open","sticky":false,"template":"","format":"standard","meta":[],"categories":[6,11,2],"tags":[2398,34,2397,2399],"_links":{"self":[{"href":"https:\/\/www.trotec-blog.com\/ro\/wp-json\/wp\/v2\/posts\/16518"}],"collection":[{"href":"https:\/\/www.trotec-blog.com\/ro\/wp-json\/wp\/v2\/posts"}],"about":[{"href":"https:\/\/www.trotec-blog.com\/ro\/wp-json\/wp\/v2\/types\/post"}],"author":[{"embeddable":true,"href":"https:\/\/www.trotec-blog.com\/ro\/wp-json\/wp\/v2\/users\/66"}],"replies":[{"embeddable":true,"href":"https:\/\/www.trotec-blog.com\/ro\/wp-json\/wp\/v2\/comments?post=16518"}],"version-history":[{"count":1,"href":"https:\/\/www.trotec-blog.com\/ro\/wp-json\/wp\/v2\/posts\/16518\/revisions"}],"predecessor-version":[{"id":16519,"href":"https:\/\/www.trotec-blog.com\/ro\/wp-json\/wp\/v2\/posts\/16518\/revisions\/16519"}],"wp:featuredmedia":[{"embeddable":true,"href":"https:\/\/www.trotec-blog.com\/ro\/wp-json\/wp\/v2\/media\/16520"}],"wp:attachment":[{"href":"https:\/\/www.trotec-blog.com\/ro\/wp-json\/wp\/v2\/media?parent=16518"}],"wp:term":[{"taxonomy":"category","embeddable":true,"href":"https:\/\/www.trotec-blog.com\/ro\/wp-json\/wp\/v2\/categories?post=16518"},{"taxonomy":"post_tag","embeddable":true,"href":"https:\/\/www.trotec-blog.com\/ro\/wp-json\/wp\/v2\/tags?post=16518"}],"curies":[{"name":"wp","href":"https:\/\/api.w.org\/{rel}","templated":true}]}}