{"id":16008,"date":"2022-08-10T08:50:44","date_gmt":"2022-08-10T06:50:44","guid":{"rendered":"https:\/\/www.trotec-blog.com\/ro\/?p=16008"},"modified":"2022-08-10T08:50:44","modified_gmt":"2022-08-10T06:50:44","slug":"augustul-continua-sa-ne-aduca-vreme-de-vara-urmatorul-val-de-caldura-este-deja-peste-noi-in-unele-zone-poate-chiar-sa-se-incalzeasca-din-nou","status":"publish","type":"post","link":"https:\/\/www.trotec-blog.com\/ro\/blog\/trotec\/augustul-continua-sa-ne-aduca-vreme-de-vara-urmatorul-val-de-caldura-este-deja-peste-noi-in-unele-zone-poate-chiar-sa-se-incalzeasca-din-nou\/","title":{"rendered":"Augustul continu\u0103 s\u0103 ne aduc\u0103 vreme de var\u0103. Urm\u0103torul val de c\u0103ldur\u0103 este deja peste noi. \u00cen unele zone poate chiar s\u0103 se \u00eenc\u0103lzeasc\u0103 din nou."},"content":{"rendered":"<p><a href=\"https:\/\/www.trotec-blog.com\/ro\/files\/2022\/08\/tro_blog_Hitzewelle_blogbild_1000x1000.jpg\"><img loading=\"lazy\" class=\"alignnone size-full wp-image-16009\" src=\"https:\/\/www.trotec-blog.com\/ro\/files\/2022\/08\/tro_blog_Hitzewelle_blogbild_1000x1000.jpg\" alt=\"\" width=\"1000\" height=\"1000\" \/><\/a><\/p>\n<h2>Peste tot \u00een Europa exist\u0103 secete, valuri de c\u0103ldur\u0103 repetate \u0219i efecte din ce \u00een ce mai masive asupra aliment\u0103rii cu ap\u0103. Evenimentele meteorologice extreme sunt \u00een cre\u0219tere la nivel mondial, iar acest lucru se poate sim\u021bi deja \u00een Germania. Dintre toate continentele, Europa se \u00eenc\u0103lze\u0219te cel mai mult. P\u00e2n\u0103 \u00een weekend soarele str\u0103luce\u0219te de pe un cer aproape f\u0103r\u0103 nori. Doar \u00een nordul \u0219i estul \u021b\u0103rii c\u00e2\u021biva nori cumulus inofensivi ofer\u0103 ceva umbr\u0103 \u00een timpul zilei. \u00cen plus, se \u00eenc\u0103lze\u0219te \u00een fiecare zi. Aparatele de aer condi\u021bionat mobile PAC confort, r\u0103citoarele de aer PAE \u0219i ventilatoarele din seriile TVE \u0219i TVM de la Trotec ofer\u0103 r\u0103cire. Acest lucru v\u0103 garanteaz\u0103 c\u0103 v\u0103 p\u0103stra\u021bi capul rece acas\u0103, la birou sau altfel la serviciu.<\/h2>\n<p><!--more--><\/p>\n<p>Fiind unul dintre cei mai importan\u021bi produc\u0103tori de aer condi\u021bionat mobil, Trotec ofer\u0103 o prospe\u021bime puternic\u0103 pentru fiecare cerin\u021b\u0103, cu dispozitive flexibile \u0219i rapid implementabile. \u0218i de aceea po\u021bi g\u0103si \u0219i ob\u021bine exact aparatul de aer condi\u021bionat potrivit pentru spa\u021biul t\u0103u de locuit \u0219i\/sau birou, r\u0103citorul de aer perfect adaptat nevoilor tale sau ventilatorul adaptat optim preferin\u021belor tale de design \u00een magazinul nostru online sau \u00een magazinul nostru din Heinsberg. \u00centotdeauna la un pre\u021b corect \u0219i imbatabil de mic. Cel mai bun din toate: dac\u0103 comanda\u021bi acum, ve\u021bi primi dispozitivele livrate \u00eenainte ca c\u0103ldura s\u0103 ne loveasc\u0103 cu adev\u0103rat. Promis!<\/p>\n<p><strong>Aparatele de aer condi\u021bionat confort din seria PAC \u2013 cel mai bun climat pentru case \u0219i birouri<\/strong><br \/>\nIntr-un timp foarte scurt, elegantele aparate de aer conditionat mobile asigura cele mai bune temperaturi in apartament, in ateliere, birouri, galerii, cabinete medicale, in apartamente de vacanta si buticuri &#8211; exact acolo unde este important un climat de camera permanent, placut. Aparatele de aer condi\u021bionat PAC compacte \u0219i puternice sunt gata de utilizare oriunde \u0219i oric\u00e2nd. Gama aparatelor noastre de aer condi\u021bionat mobile variaz\u0103 de la modele cu o capacitate de r\u0103cire de 2 kW p\u00e2n\u0103 la o capacitate de 8,2 kW \u0219i o putere de aer de p\u00e2n\u0103 la 1.600 m\u00b3\/h. Fie c\u0103 r\u0103cim s\u0103lile folosite \u00een mod privat, zonele mai mici de evenimente sau comerciale, fie c\u0103 r\u0103cim birouri, r\u0103cirea halelor, r\u0103cirea cortului sau depozitului &#8211; avem \u00eentotdeauna unitatea mobil\u0103 de aer condi\u021bionat potrivit\u0103 pentru tine.<\/p>\n<p><strong><a href=\"https:\/\/www.trotec-blog.com\/ro\/files\/2022\/08\/PAC-Serie.jpg\"><img loading=\"lazy\" class=\"alignnone size-full wp-image-16010\" src=\"https:\/\/www.trotec-blog.com\/ro\/files\/2022\/08\/PAC-Serie.jpg\" alt=\"\" width=\"660\" height=\"530\" \/><\/a><\/strong><\/p>\n<p><strong>Aparate de aer condi\u021bionat de perete PAC-W 2600 SW \u0219i PAC-W 2650 SH cu tehnologie pomp\u0103 de c\u0103ldur\u0103<\/strong><br \/>\nCele dou\u0103 aparate de aer condi\u021bionat montate pe perete PAC-W 2600 SH \u0219i PAC-W 2650 SH r\u0103cesc chiar \u0219i f\u0103r\u0103 un schimb\u0103tor de c\u0103ldur\u0103 extern. Prin urmare, nu trebuie configurat niciun circuit de agent frigorific \u00eentre sistemul de aer condi\u021bionat \u0219i unitatea exterioar\u0103. Mai degrab\u0103, instalarea are loc \u00een \u00eentregime f\u0103r\u0103 o unitate extern\u0103. Doar dou\u0103 orificii (\u00d8 18 cm) pe un perete care duce spre exterior sunt necesare pentru a instala aerul condi\u021bionat pe peretele din interior. Fa\u021bada casei r\u0103m\u00e2ne neschimbat\u0103 \u00een afar\u0103 de doar dou\u0103 orificii de ventila\u021bie vizibile discret. Aerul proasp\u0103t p\u0103trunde \u00een \u00eenc\u0103pere prin aceste canale de intrare \u0219i de evacuare a aerului \u0219i, \u00een schimb, c\u0103ldura este transportat\u0103 din interior spre exterior.<br \/>\nAparatele de aer condi\u021bionat 4 \u00een 1 ofer\u0103 un nivel de confort care este impresionant: modul de ventila\u021bie \u00een trei trepte v\u0103 permite s\u0103 sim\u021bi\u021bi imediat prospe\u021bimea \u0219i r\u0103cirea pielii &#8211; chiar \u0219i atunci c\u00e2nd func\u021bia de r\u0103cire sau \u00eenc\u0103lzire este dezactivat\u0103! Iar func\u021bia de balansare comutabil\u0103 asigur\u0103 distribuirea aerului cu temperatur\u0103 controlat\u0103 pe o suprafa\u021b\u0103 mare. Iar func\u021bia de dezumidificare selectabil\u0103 manual regleaz\u0103 optim umiditatea cu o putere de 1,2 l\/h.<\/p>\n<p><a href=\"https:\/\/www.trotec-blog.com\/ro\/files\/2022\/08\/PAC_W-Serie.jpg\"><img loading=\"lazy\" class=\"alignnone size-full wp-image-16011\" src=\"https:\/\/www.trotec-blog.com\/ro\/files\/2022\/08\/PAC_W-Serie.jpg\" alt=\"\" width=\"660\" height=\"530\" \/><\/a><\/p>\n<p><strong>R\u0103citoare de aer din seria PAE &#8211; clim\u0103 natural\u0103 datorit\u0103 r\u0103cirii evaporative<\/strong><br \/>\nR\u0103cirea cu aer prin tehnologia de evaporare este o metod\u0103 de r\u0103cire complet natural\u0103 \u0219i, de asemenea, rentabil\u0103, f\u0103r\u0103 a fi nevoie de energie extern\u0103 pentru procesul de r\u0103cire. Cu r\u0103citoarele de aer mobile din seria PAE, Trotec ofer\u0103 o solu\u021bie deosebit de inteligent\u0103 \u0219i eficient\u0103 din punct de vedere energetic pentru controlul pl\u0103cut al temperaturii \u00een \u00eenc\u0103perile mici \u0219i mijlocii. De obicei concepute ca dispozitive 3-\u00een-1, r\u0103citoarele noastre de aer asigur\u0103 o clim\u0103 excelent\u0103, pl\u0103cut\u0103, cu r\u0103cire cu aer, ventila\u021bie \u0219i \u00eemprosp\u0103tare a aerului. \u0218i spre deosebire de unit\u0103\u021bile de aer condi\u021bionat conven\u021bionale, r\u0103citoarele de aer func\u021bioneaz\u0103 f\u0103r\u0103 agen\u021bi frigorifici chimici \u0219i f\u0103r\u0103 instala\u021bii complexe &#8211; chiar \u0219i furtunul obi\u0219nuit de evacuare a aerului de pe u\u0219i sau ferestre nu mai este necesar cu r\u0103citoarele noastre inovatoare de aer.<\/p>\n<p><a href=\"https:\/\/www.trotec-blog.com\/ro\/files\/2022\/08\/PAE1-Serie.jpg\"><img loading=\"lazy\" class=\"alignnone size-full wp-image-16012\" src=\"https:\/\/www.trotec-blog.com\/ro\/files\/2022\/08\/PAE1-Serie.jpg\" alt=\"\" width=\"660\" height=\"530\" \/><\/a><\/p>\n<p><strong>Sfat:<\/strong> Cu patru func\u021bii de aer condi\u021bionat, r\u0103citorul de aer \u0219i \u00eenc\u0103lzitorul cu ventilator PAE 19 H r\u0103ce\u0219te, \u00eenc\u0103lze\u0219te, \u00eemprosp\u0103teaz\u0103 \u0219i umidific\u0103 interiorul p\u00e2n\u0103 la 20 m\u00b2 &#8211; extrem de convenabil la ap\u0103sarea unui buton \u0219i, \u00een func\u021bie de aplica\u021bie, \u00een combina\u021bie sau ca o func\u021bie individual\u0103. Cu 3 niveluri de suflare \u0219i o debit de aer de p\u00e2n\u0103 la 118 m\u00b3\/h, dispozitivul multifunc\u021bional asigur\u0103 un flux de aer r\u0103coros \u00een lunile de var\u0103 \u00een modul de func\u021bionare \u201er\u0103cire cu aer\u201d. \u0218i ca dispozitiv electric ieftin \u00een setarea \u201e\u00eenc\u0103lzire\u201d cu dou\u0103 niveluri de \u00eenc\u0103lzire cu p\u00e2n\u0103 la 2.000 de wa\u021bi, garanteaz\u0103 o oaz\u0103 de c\u0103ldur\u0103 pl\u0103cut\u0103 \u0219i confortabil\u0103 iarna &#8211; ocolind orice blocaj \u00een alimentarea cu gaz care ar fi putut ap\u0103rea p\u00e2n\u0103 atunci!<\/p>\n<p><strong>Ventilatoarele seriei TVE \u0219i TVM &#8211; ca variante de suport, coloan\u0103, mas\u0103 \u0219i podea <\/strong><br \/>\nSpre deosebire de un sistem de aer condi\u021bionat, un ventilator nu trebuie s\u0103 r\u0103ceasc\u0103 \u00eentregul aer din \u00eenc\u0103pere folosind energie. Dac\u0103 v\u00e2ntul generat de ventilator love\u0219te pielea uman\u0103, pelicula de transpira\u021bie se evapor\u0103 \u0219i are loc r\u0103cirea evaporativ\u0103. Acest principiu func\u021bioneaz\u0103 oriunde ave\u021bi nevoie de o gur\u0103 de aer proasp\u0103t, fie acas\u0103, fie la birou. Indiferent dac\u0103 v\u0103 baza\u021bi pe ventilatoare pe piedestal, ventilatoare turn, ventilatoare de mas\u0103 sau ventilatoare de podea. Iar toate ventilatoarele mobile Trotec din seria TVE \u0219i TVM se caracterizeaz\u0103 printr-un raport unic pre\u021b-performan\u021b\u0103, pot fi utilizate flexibil \u00een orice interior \u0219i sunt imbatabil de sc\u0103zute \u00een ceea ce prive\u0219te costurile de achizi\u021bie \u0219i operare.<\/p>\n<p><a href=\"https:\/\/www.trotec-blog.com\/ro\/files\/2022\/08\/Ventilation2022_3.jpg\"><img loading=\"lazy\" class=\"alignnone size-full wp-image-16013\" src=\"https:\/\/www.trotec-blog.com\/ro\/files\/2022\/08\/Ventilation2022_3.jpg\" alt=\"\" width=\"660\" height=\"530\" \/><\/a><\/p>\n<p><strong>R\u0103citoare spot din seria PT-SP pentru utilizare comercial\u0103 <\/strong><br \/>\n\u00cen loc s\u0103 r\u0103ceasc\u0103 costisitoar \u00eentregul mediu de lucru, r\u0103citoarele mobile Trotec din seria PT-SP aduc r\u0103coare pl\u0103cut\u0103 la locul de munc\u0103 cu o precizie maxim\u0103. Pur \u0219i simplu configura\u021bi-l, porni\u021bi-l \u0219i bucura\u021bi-v\u0103 imediat de r\u0103coare proasp\u0103t\u0103! Combina\u021bia dintre manoper\u0103 solid\u0103, manevrabilitate extrem de u\u0219oar\u0103 \u0219i raport atractiv pre\u021b-performan\u021b\u0103 face din acest r\u0103citor cu loc prima alegere pentru r\u0103cirea precis\u0103 \u00een ateliere, s\u0103li de lucru, buc\u0103t\u0103rii de cantine \u0219i multe alte medii de lucru.R\u0103citoarele spot solide din seria PT -SP sunt cea mai bun\u0103 recomandare a noastr\u0103 c\u00e2nd vine vorba de inser\u021bii de r\u0103cire spot economice. \u00cen compara\u021bie cu cele dou\u0103 r\u0103citoare spot cu un singur canal PT 2000 SP \u0219i PT 2700 SP, cele dou\u0103 r\u0103citoare spot mai mari PT 3500 SP \u0219i PT 5300 SP pot fi utilizate nu numai pentru r\u0103cirea spot a mai multor zone \u021bint\u0103, ci \u0219i pentru r\u0103cirea aerului din \u00eenc\u0103pere, ventila\u021bie. f\u0103r\u0103 func\u021bie de r\u0103cire sau dezumidificare a aerului.<br \/>\nCu r\u0103citoarele spot din seria PT-SP, aerul rece \u0219i uscat este rapid \u0219i imediat disponibil oriunde &#8211; este suficient\u0103 o priz\u0103!<\/p>\n<p><a href=\"https:\/\/www.trotec-blog.com\/ro\/files\/2022\/08\/PT-Serie.jpg\"><img loading=\"lazy\" class=\"alignnone size-full wp-image-16014\" src=\"https:\/\/www.trotec-blog.com\/ro\/files\/2022\/08\/PT-Serie.jpg\" alt=\"\" width=\"660\" height=\"530\" \/><\/a><\/p>\n<p><strong>Aer condi\u021bionat, r\u0103citoare de aer, ventilatoare &#8211; calitate de marc\u0103 de la Trotec!<\/strong><br \/>\nCu aparatele de aer condi\u021bionat, r\u0103citoare de aer \u0219i ventilatoare, beneficia\u021bi de calitatea m\u0103rcii Trotec ca garan\u021bie de valoare ridicat\u0103, siguran\u021b\u0103 \u0219i func\u021bionalitate, precum \u0219i de pre\u021burile noastre mici. Arunca\u021bi o privire \u00een jur: ve\u021bi g\u0103si cu siguran\u021b\u0103 gama de aer condi\u021bionat care corespunde exact cerin\u021belor dumneavoastr\u0103 &#8211; acum \u00een magazinul Trotec!<\/p>\n","protected":false},"excerpt":{"rendered":"<p>Peste tot \u00een Europa exist\u0103 secete, valuri de c\u0103ldur\u0103 repetate \u0219i efecte din ce \u00een ce mai masive asupra aliment\u0103rii cu ap\u0103. Evenimentele meteorologice extreme sunt \u00een cre\u0219tere la nivel mondial, iar acest lucru se poate sim\u021bi deja \u00een Germania. Dintre toate continentele, Europa se \u00eenc\u0103lze\u0219te cel mai mult. P\u00e2n\u0103 \u00een weekend soarele str\u0103luce\u0219te de [&hellip;]<\/p>\n","protected":false},"author":66,"featured_media":16009,"comment_status":"open","ping_status":"open","sticky":false,"template":"","format":"standard","meta":[],"categories":[6,8,2],"tags":[1187,2253,49,2254,100,34,169],"_links":{"self":[{"href":"https:\/\/www.trotec-blog.com\/ro\/wp-json\/wp\/v2\/posts\/16008"}],"collection":[{"href":"https:\/\/www.trotec-blog.com\/ro\/wp-json\/wp\/v2\/posts"}],"about":[{"href":"https:\/\/www.trotec-blog.com\/ro\/wp-json\/wp\/v2\/types\/post"}],"author":[{"embeddable":true,"href":"https:\/\/www.trotec-blog.com\/ro\/wp-json\/wp\/v2\/users\/66"}],"replies":[{"embeddable":true,"href":"https:\/\/www.trotec-blog.com\/ro\/wp-json\/wp\/v2\/comments?post=16008"}],"version-history":[{"count":1,"href":"https:\/\/www.trotec-blog.com\/ro\/wp-json\/wp\/v2\/posts\/16008\/revisions"}],"predecessor-version":[{"id":16015,"href":"https:\/\/www.trotec-blog.com\/ro\/wp-json\/wp\/v2\/posts\/16008\/revisions\/16015"}],"wp:featuredmedia":[{"embeddable":true,"href":"https:\/\/www.trotec-blog.com\/ro\/wp-json\/wp\/v2\/media\/16009"}],"wp:attachment":[{"href":"https:\/\/www.trotec-blog.com\/ro\/wp-json\/wp\/v2\/media?parent=16008"}],"wp:term":[{"taxonomy":"category","embeddable":true,"href":"https:\/\/www.trotec-blog.com\/ro\/wp-json\/wp\/v2\/categories?post=16008"},{"taxonomy":"post_tag","embeddable":true,"href":"https:\/\/www.trotec-blog.com\/ro\/wp-json\/wp\/v2\/tags?post=16008"}],"curies":[{"name":"wp","href":"https:\/\/api.w.org\/{rel}","templated":true}]}}