{"id":15942,"date":"2022-07-22T10:16:56","date_gmt":"2022-07-22T08:16:56","guid":{"rendered":"https:\/\/www.trotec-blog.com\/ro\/?p=15942"},"modified":"2022-07-22T10:16:56","modified_gmt":"2022-07-22T08:16:56","slug":"nou-aparat-de-aer-conditionat-de-perete-pac-w-2650-sh-solutie-inteligenta-de-racire-si-incalzire-cu-tehnologie-cu-pompe-de-caldura-solutia-optima-contra-caniculei-si-crizei-de-gaze","status":"publish","type":"post","link":"https:\/\/www.trotec-blog.com\/ro\/blog\/trotec\/nou-aparat-de-aer-conditionat-de-perete-pac-w-2650-sh-solutie-inteligenta-de-racire-si-incalzire-cu-tehnologie-cu-pompe-de-caldura-solutia-optima-contra-caniculei-si-crizei-de-gaze\/","title":{"rendered":"NOU Aparat de aer condi\u021bionat de perete PAC-W 2650 SH: solu\u021bie inteligent\u0103 de r\u0103cire \u0219i \u00eenc\u0103lzire cu tehnologie cu pompe de c\u0103ldur\u0103 &#8211; solu\u021bia optim\u0103 contra caniculei \u0219i crizei de gaze"},"content":{"rendered":"<h2><a href=\"https:\/\/www.trotec-blog.com\/ro\/files\/2022\/07\/RO_tro_blog_pac-w_2650_sh_blogbild_1000x1000.jpg\"><img loading=\"lazy\" class=\"alignnone size-full wp-image-15943\" src=\"https:\/\/www.trotec-blog.com\/ro\/files\/2022\/07\/RO_tro_blog_pac-w_2650_sh_blogbild_1000x1000.jpg\" alt=\"\" width=\"1000\" height=\"1000\" \/><\/a><\/h2>\n<h2>Ca om normal, \u00een prezent e\u0219ti supus unui arbitrar de dou\u0103 ori mai mare: mai \u00eent\u00e2i valurile de c\u0103ldur\u0103 amenin\u021b\u0103toare cu temperaturile foarte ridicate acas\u0103 \u0219i la birou, apoi cre\u0219terea costurilor pentru \u00eenc\u0103lzirea pe gaz iarna viitoare. Cei care nu doresc s\u0103 stea pe loc \u0219i s\u0103 urm\u0103reasc\u0103 aceste evolu\u021bii pot folosi acum noul aparat de aer condi\u021bionat de perete PAC-W 2650 SH pentru a schimba decisiv condi\u021biile de livrare \u00een favoarea lor. Vara, cu r\u0103cire r\u0103coritoare datorit\u0103 celei mai noi tehnologii cu invertor. Iarna cu tehnologia pompei de caldura cu economie de energie pentru incalzire. \u0218i \u00eentre ele cu mult\u0103 ventila\u021bie \u0219i cea mai bun\u0103 dezumidificare, pentru c\u0103 noul nostru aparat de aer condi\u021bionat montat pe perete are patru moduri de func\u021bionare pentru un confort \u00eembun\u0103t\u0103\u021bit al vie\u021bii cu temperaturi pl\u0103cute.<\/h2>\n<p><!--more--><\/p>\n<p>Sistemele de aer condi\u021bionat cu economie de energie, cum ar fi <a href=\"https:\/\/ro.trotec.com\/shop\/aparat-de-aer-conditionat-de-perete-pac-w-2650-sh.html?rc=783e2f47dd\"><strong>PAC-W 2650 SH<\/strong><\/a> cu tehnologie cu pomp\u0103 de c\u0103ldur\u0103, sunt la mod\u0103. \u00cen zilele calde de var\u0103, sistemul de aer condi\u021bionat de \u00eenalt\u0103 performan\u021b\u0103, montat pe perete, ofer\u0103 o r\u0103cire rapid\u0103 \u2013 fie \u00een casa dumneavoastr\u0103 privat\u0103, \u00een apartament sau la serviciu. Cel mai bun dintre toate: aparatul de aer condi\u021bionat este destinat numai instal\u0103rii \u00een interior, f\u0103r\u0103 o unitate exterioar\u0103 intruziv\u0103 \u0219i poate fi amplasat fie ca unitate pe podea, fie ca unitate montat\u0103 pe perete. \u00cen plus, datorit\u0103 tehnologiei sale moderne cu invertor, pute\u021bi utiliza sistemul ca sistem de \u00eenc\u0103lzire eficient din punct de vedere energetic toamna \u0219i iarna pentru a v\u0103 aduce camerele de zi sau de birou la o temperatur\u0103 confortabil\u0103 \u00een cel mai scurt timp. \u0218i pur \u0219i simplu omite mai des \u00eenc\u0103lzirea scump\u0103 pe gaz.<\/p>\n<h3>A\u0219a func\u021bioneaz\u0103<\/h3>\n<p>Deoarece <a href=\"https:\/\/ro.trotec.com\/shop\/aparat-de-aer-conditionat-de-perete-pac-w-2650-sh.html?rc=783e2f47dd\"><strong>aparatul de aer condi\u021bionat de perete PAC-W 2650 SH<\/strong><\/a> r\u0103ce\u0219te f\u0103r\u0103 o unitate extern\u0103 de schimb\u0103tor de c\u0103ldur\u0103, nu este nevoie s\u0103 configura\u021bi un circuit de agent frigorific \u00eentre sistemul de aer condi\u021bionat \u0219i unitatea extern\u0103. Mai degrab\u0103, instalarea are loc \u00een \u00eentregime f\u0103r\u0103 o unitate extern\u0103. Doar dou\u0103 orificii (\u00d8 18 cm) pe un perete care duce spre exterior sunt necesare pentru instalarea aerului condi\u021bionat pe peretele din interior. Fa\u021bada casei r\u0103m\u00e2ne neschimbat\u0103 \u00een afar\u0103 de doar dou\u0103 orificii de ventila\u021bie vizibile discret. Aerul proasp\u0103t p\u0103trunde \u00een \u00eenc\u0103pere prin aceste canale de intrare \u0219i de evacuare a aerului \u0219i, la r\u00e2ndul s\u0103u, c\u0103ldura este transportat\u0103 din interior spre exterior.<\/p>\n<p>Datorit\u0103 celei mai noi tehnologii cu invertor, unitatea de aer condi\u021bionat pl\u0103cut eficient\u0103 din punct de vedere energetic combin\u0103 patru func\u021bii de aer condi\u021bionat pentru a \u00eembun\u0103t\u0103\u021bi climatul spa\u021biului de locuit \u00een carcasa sa SlimLine, care are doar aproximativ 20 cm ad\u00e2ncime. \u00cen zilele fierbin\u021bi de var\u0103, dispozitivul r\u0103ce\u0219te camerele de zi, dormitoarele \u0219i birourile \u00eenc\u0103lzite p\u00e2n\u0103 la 34 m\u00b2 sau 85 m\u00b3 p\u00e2n\u0103 la temperatura \u021bint\u0103 dorit\u0103 (16 \u00b0C p\u00e2n\u0103 la 30 \u00b0C) cu o capacitate puternic\u0103 de r\u0103cire de 2,6 kW\/9.000 Btu\/h . \u00cen perioada r\u0103coroas\u0103 de tranzi\u021bie a toamnei \u0219i \u00een iarna rece, polivalentul cu puterea termic\u0103 de 2,3 kW \u00eempr\u0103\u0219tie rapid c\u0103ldura \u00een \u00eenc\u0103pere (16 \u00b0C p\u00e2n\u0103 la 30 \u00b0C). Modul de ventila\u021bie \u00een trei trepte permite o prospe\u021bime \u0219i o r\u0103cire vizibile imediat pe piele &#8211; chiar \u0219i atunci c\u00e2nd func\u021bia de r\u0103cire sau \u00eenc\u0103lzire este dezactivat\u0103! Func\u021bia de balansare comutabil\u0103 asigur\u0103 distribuirea aerului cu temperatur\u0103 controlat\u0103 pe o suprafa\u021b\u0103 mare. Cu o capacitate de 1,2 l\/h, functia de dezumidificare selectabila manual permite reglarea optima a umiditatii.<\/p>\n<p>\u00cen plus, aparatul de aer condi\u021bionat 4 \u00een 1 ofer\u0103 un confort impresionant. Este echipat cu un temporizator de 24 de ore, un mod de noapte silen\u021bios, un mod confortabil de dezumidificare, ventila\u021bie reglabil\u0103 pe trei niveluri \u0219i control confortabil venabil al aplica\u021biei App. \u0218i datorit\u0103 telecomenzii IR furnizate, po\u021bi controla zeii vremii din confortul canapelei tale. \u0218i pentru ca puful, particulele de praf \u0219i p\u0103rul de animale s\u0103 fie filtrate din aerul de respira\u021bie, exist\u0103 un filtru de aer u\u0219or de cur\u0103\u021bat pe partea de sus a dispozitivului.<\/p>\n<h3>Patru dintre avantajele care pe mine m-au convins:<\/h3>\n<ul>\n<li>Aparat de aer condi\u021bionat 4 \u00een 1: r\u0103cire, \u00eenc\u0103lzire, ventila\u021bie, dezumidificare<\/li>\n<li>Unitate mural\u0103 ultra-sub\u021bire f\u0103r\u0103 unitate exterioar\u0103 &#8211; f\u0103r\u0103 impact vizual pe fa\u021bada casei<\/li>\n<li>Efort redus de instalare<\/li>\n<li>Integrare WLAN \u0219i control prin smartphone cu aplica\u021bie mobil\u0103<\/li>\n<\/ul>\n<h3>Aparat de climatizare de perete PAC-W 2650 SH \u2013 calitate de marc\u0103 de la Trotec<\/h3>\n<p>Profita\u021bi de calitatea de marca de la Trotec ca un garant al \u00eenaltei valori, siguran\u021be \u0219i func\u021bionalit\u0103\u021bi. Comanda\u021bi chiar acum \u00een magazinul nostru online <a href=\"https:\/\/ro.trotec.com\/shop\/aparat-de-aer-conditionat-de-perete-pac-w-2650-sh.html?rc=783e2f47dd\"><strong>aparatul de climatizare de perete PAC-W 2650 SH<\/strong><\/a> la cele mai atractive pre\u021buri \u2013 acum \u00een <strong><a href=\"https:\/\/ro.trotec.com\/shop\/?rc=783e2f47dd\">Trotec-Shop<\/a>!<\/strong><\/p>\n<p><strong>Livrare \u00eencep\u00e2nd cu s\u0103pt\u0103m\u00e2na calendaristic\u0103\u00a0 32<\/strong><\/p>\n","protected":false},"excerpt":{"rendered":"<p>Ca om normal, \u00een prezent e\u0219ti supus unui arbitrar de dou\u0103 ori mai mare: mai \u00eent\u00e2i valurile de c\u0103ldur\u0103 amenin\u021b\u0103toare cu temperaturile foarte ridicate acas\u0103 \u0219i la birou, apoi cre\u0219terea costurilor pentru \u00eenc\u0103lzirea pe gaz iarna viitoare. Cei care nu doresc s\u0103 stea pe loc \u0219i s\u0103 urm\u0103reasc\u0103 aceste evolu\u021bii pot folosi acum noul aparat [&hellip;]<\/p>\n","protected":false},"author":66,"featured_media":15943,"comment_status":"open","ping_status":"open","sticky":false,"template":"","format":"standard","meta":[],"categories":[6,9,2],"tags":[1796,2233,34],"_links":{"self":[{"href":"https:\/\/www.trotec-blog.com\/ro\/wp-json\/wp\/v2\/posts\/15942"}],"collection":[{"href":"https:\/\/www.trotec-blog.com\/ro\/wp-json\/wp\/v2\/posts"}],"about":[{"href":"https:\/\/www.trotec-blog.com\/ro\/wp-json\/wp\/v2\/types\/post"}],"author":[{"embeddable":true,"href":"https:\/\/www.trotec-blog.com\/ro\/wp-json\/wp\/v2\/users\/66"}],"replies":[{"embeddable":true,"href":"https:\/\/www.trotec-blog.com\/ro\/wp-json\/wp\/v2\/comments?post=15942"}],"version-history":[{"count":1,"href":"https:\/\/www.trotec-blog.com\/ro\/wp-json\/wp\/v2\/posts\/15942\/revisions"}],"predecessor-version":[{"id":15944,"href":"https:\/\/www.trotec-blog.com\/ro\/wp-json\/wp\/v2\/posts\/15942\/revisions\/15944"}],"wp:featuredmedia":[{"embeddable":true,"href":"https:\/\/www.trotec-blog.com\/ro\/wp-json\/wp\/v2\/media\/15943"}],"wp:attachment":[{"href":"https:\/\/www.trotec-blog.com\/ro\/wp-json\/wp\/v2\/media?parent=15942"}],"wp:term":[{"taxonomy":"category","embeddable":true,"href":"https:\/\/www.trotec-blog.com\/ro\/wp-json\/wp\/v2\/categories?post=15942"},{"taxonomy":"post_tag","embeddable":true,"href":"https:\/\/www.trotec-blog.com\/ro\/wp-json\/wp\/v2\/tags?post=15942"}],"curies":[{"name":"wp","href":"https:\/\/api.w.org\/{rel}","templated":true}]}}