{"id":15836,"date":"2022-06-23T09:32:29","date_gmt":"2022-06-23T07:32:29","guid":{"rendered":"https:\/\/www.trotec-blog.com\/ro\/?p=15836"},"modified":"2022-06-23T09:33:11","modified_gmt":"2022-06-23T07:33:11","slug":"exista-o-perioada-fara-canicula-la-birou-ce-ar-trebui-sa-stie-angajatii-inclusiv-sfaturi-despre-cum-sa-se-racoreasca","status":"publish","type":"post","link":"https:\/\/www.trotec-blog.com\/ro\/blog\/trotec\/exista-o-perioada-fara-canicula-la-birou-ce-ar-trebui-sa-stie-angajatii-inclusiv-sfaturi-despre-cum-sa-se-racoreasca\/","title":{"rendered":"Exist\u0103 o perioad\u0103 &#8222;f\u0103r\u0103 canicul\u0103&#8221; la birou? Ce ar trebui s\u0103 \u0219tie angaja\u021bii-inclusiv sfaturi despre cum s\u0103 se r\u0103coreasc\u0103"},"content":{"rendered":"<h2><a href=\"https:\/\/www.trotec-blog.com\/ro\/files\/2022\/06\/RO_tro_blog_Hitzefrei_Buro_blogbild_1000x1000.jpg\"><img loading=\"lazy\" class=\"alignnone size-full wp-image-15837\" src=\"https:\/\/www.trotec-blog.com\/ro\/files\/2022\/06\/RO_tro_blog_Hitzefrei_Buro_blogbild_1000x1000.jpg\" alt=\"\" width=\"1000\" height=\"1000\" \/><\/a><\/h2>\n<h2>Temperaturile teribile din ultimele timpuri, ca o tem\u0103 tipic\u0103 de var\u0103, au f\u0103cut s\u0103 fiarb\u0103 aerul din nou \u00een multe companii: nu exist\u0103 un drept cvasi-automat de a fi \u00een afara c\u0103ldurii peste un anumit num\u0103r de grade? Cum f\u0103ceai la \u0219coal\u0103? R\u0103spunsul sobru la aceasta este: \u201eDin p\u0103cate, nu!\u201d \u0218i, apropo, nici la \u0219coal\u0103 nu a fost niciodat\u0103 o chestiune normal\u0103. Dar, a\u0219a cum directorul arat\u0103 adesea \u00een\u021belegere, \u0219efilor moderni le place s\u0103 li se vorbeasc\u0103 &#8211; la urma urmei, transpiram cu to\u021bii \u00een aceea\u0219i barc\u0103. Prin urmare, exper\u021bii \u00een dreptul muncii ne spun ce este posibil \u0219i cine are voie, \u0219i c\u00e2nd s\u0103 plece &#8211; iar noi v\u0103 spunem cum pute\u021bi \u00eentotdeauna s\u0103 v\u0103 p\u0103stra\u021bi capul rece, \u00een ciuda c\u0103ldurii ap\u0103s\u0103toare de la locul de munc\u0103.<\/h2>\n<p><!--more--><\/p>\n<p>So wie in der Schule die Entscheidung, ob es Hitzefrei oder nicht gibt, immer bei der Schulleitung liegt, so \u00e4hnlich sieht das auch im betrieblichen Alltag aus. Weil es keine arbeitsrechtliche Verordnung zum Thema \u201aHitzefrei\u2018 gibt, darf auch dort die Unternehmensf\u00fchrung alleine \u00fcber ein Aussetzen der Arbeitst\u00e4tigkeit entscheiden. Das ist nach Meinung von Arbeitsrecht-Experten zu Fragen rund um das Thema \u201aHitzefrei\u2018 rechtlich der Stand der Dinge:<\/p>\n<ol>\n<li><strong>Nu exist\u0103 nicio reglementare privind dreptul muncii pe tema \u201ef\u0103r\u0103 canicul\u0103\u201d.<\/strong> Cu toate acestea, avoca\u021bii subliniaz\u0103 dreptul fundamental al salariatului de a \u00eenceta pur \u0219i simplu s\u0103 lucreze \u00een conformitate cu sec\u021biunea 273 (1) din Codul civil german dac\u0103 temperaturile sunt inacceptabile &#8211; p\u00e2n\u0103 c\u00e2nd fie angajatorul scade temperaturile la birou, fie vremea se schimb\u0103 de la sine. Desigur, acest lucru nu este \u00een sensul clasic \u0219i acest drept de a refuza se aplic\u0103 numai at\u00e2ta timp c\u00e2t temperaturile sunt de fapt inacceptabil de ridicate: dac\u0103 biroul se r\u0103ce\u0219te din nou, angajatul trebuie s\u0103 \u00ee\u0219i ia din nou locul \u00een birou.<\/li>\n<li><strong>Doar angajatorul poate acorda liber pe timp de canicul\u0103.<\/strong> Oric\u00e2t de cald este \u00een exterior \u0219i \u00een interior &#8211; este la discre\u021bia angajatorului de a oferi angaja\u021bilor s\u0103i liber \u00een caz de canicul\u0103. Prin urmare, angaja\u021bii trebuie s\u0103 observe c\u0103, chiar \u0219i la cele mai ridicate temperaturi din birou, nu este permis s\u0103 p\u0103r\u0103seasc\u0103 locul de munc\u0103 f\u0103r\u0103 consultare prealabil\u0103.<\/li>\n<li><strong>Temperatura la locul de munc\u0103 urc\u0103 la 26 de grade.<\/strong> Dac\u0103 temperatura din birou cre\u0219te la 26 de grade, angajatorul ar trebui s\u0103 ia m\u0103suri pentru a reduce sarcina de c\u0103ldur\u0103. Cu toate acestea, angajatorul trebuie s\u0103 ac\u021bioneze \u00een cazul \u00een care mamele care al\u0103pteaz\u0103 sau angaja\u021bii mai \u00een v\u00e2rst\u0103 sunt afecta\u021bi de temperaturi ale biroului peste 26,5 grade: Deoarece ace\u0219ti angaja\u021bi ar fi expu\u0219i la riscuri crescute, companiile trebuie s\u0103 remedieze situa\u021bia, de exemplu, prin ventila\u021bia nocturn\u0103, iar pe timpul zilei prin climatizare cu aparate de aer condi\u021bionat \u0219i ventilatoare gratuite.<\/li>\n<li><strong>Temperatura la locul de munc\u0103 urc\u0103 la 30 de grade.<\/strong> Acum, angajatorul trebuie s\u0103 ia m\u0103suri de reducere a temperaturii pentru \u00eentregul birou. Ventila\u021bi diminea\u021ba devreme, c\u00e2nd temperaturile exterioare sunt \u00eenc\u0103 r\u0103coroase \u0219i oferi\u021bi b\u0103uturi. Reglement\u0103rile speciale se aplic\u0103 lucr\u0103torilor vulnerabili, cum ar fi femeile gravide &#8211; \u00een situa\u021bii de urgen\u021b\u0103 acestea chiar trebuie s\u0103 fie scutite de munc\u0103.<\/li>\n<li><strong>Temperatura la locul de munc\u0103 urc\u0103 la 35 de grade.<\/strong> Peste 35 de grade, o camer\u0103 nu mai este considerat\u0103 potrivit\u0103 ca spa\u021biu de lucru. Odat\u0103 cu escaladarea temperaturilor, regulile la locului de munc\u0103 prev\u0103d m\u0103suri mai drastice. Se vorbe\u0219te de du\u0219uri de aer, perdele de ap\u0103 sau \u00eembr\u0103c\u0103minte de protec\u021bie termic\u0103 care sunt cu greu realizabile pentru majoritatea birourilor. Cu toate acestea, \u00een conformitate cu jurispruden\u021ba actual\u0103, riscul pentru s\u0103n\u0103tate este at\u00e2t de ridicat de la temperatura camerei de 35 de grade \u00eenc\u00e2t, f\u0103r\u0103 contram\u0103suri din partea angajatorului, cum ar fi ventilatoare, ap\u0103 potabil\u0103 gratuit\u0103 sau climatizare, se poate pretinde o reducere a programului de lucru.<\/li>\n<\/ol>\n<h3><strong>Recomandarea noastr\u0103 Nr. 1 \u2013 ventilatoarele Trotec din seria TVE<\/strong><\/h3>\n<p>A\u0219adar, doi noi angaja\u021bi sunt recomanda\u021bi pentru echipa dvs., care asigur\u0103 mult\u0103 v\u00e2nt proasp\u0103t: Ventilatorul de mas\u0103 TVE 8 \u00een design negru elegant \u0219i TVE 9 identic structural dar \u00een alb elegant vin la birou la un pre\u021b mic, aduc r\u0103cirea dorit\u0103 cu 30 de wa\u021bi de putere \u0219i sunt silen\u021bioase datorit\u0103 palelor de ventilare perfect calibrate la nivelul cel mai mic de vitez\u0103.<\/p>\n<p>Profita\u021bi de calitatea de marc\u0103 de la Trotec ca un garant al valorii, siguran\u021bei \u0219i func\u021bionalit\u0103\u021bii. Comanda\u021bi cel mai bine \u00een magayinul nostru online ventilatoarul de mas\u0103 TVE 8 \/ TVE 9 la cele mai atractive condi\u021bii de achizi\u021bionare &#8211; acum \u00een Trotec-Shop!<\/p>\n<ul>\n<li><a href=\"https:\/\/ro.trotec.com\/shop\/ventilator-de-masa-tve-8.html?rc=783e2f47dd\"><strong>Ventilator de mas\u0103 TVE 8<\/strong><\/a><\/li>\n<li><a href=\"https:\/\/ro.trotec.com\/shop\/ventilator-de-masa-tve-9.html?rc=783e2f47dd\"><strong>Ventilator de mas\u0103 TVE 9<\/strong><\/a><\/li>\n<\/ul>\n<p><a href=\"https:\/\/www.trotec-blog.com\/ro\/files\/2022\/06\/Ventilation2022_2.jpg\"><img loading=\"lazy\" class=\"alignnone size-full wp-image-15838\" src=\"https:\/\/www.trotec-blog.com\/ro\/files\/2022\/06\/Ventilation2022_2.jpg\" alt=\"\" width=\"660\" height=\"530\" \/><\/a><\/p>\n<h3><strong>Recomandarea noastr\u0103 Nr. 2 \u2013 r\u0103citoarele de aer de la Trotec din seria PAE<br \/>\n<\/strong><\/h3>\n<p>R\u0103cirea cu aer prin tehnologia de evaporare este o metod\u0103 de r\u0103cire complet natural\u0103 \u0219i de altfel foarte rentabil\u0103, f\u0103r\u0103 a fi nevoie de energie extern\u0103 pentru procesul de r\u0103cire. Cu <a href=\"https:\/\/ro.trotec.com\/shop\/aparate\/climatizare-racirea-aerului\/racitoare-de-aer-aircooler.html?rc=783e2f47dd\" class=\"broken_link\"><strong>r\u0103citoarele de aer mobile din seria PAE<\/strong><\/a>, Trotec ofer\u0103 o solu\u021bie deosebit de inteligent\u0103 \u0219i eficient\u0103 din punct de vedere energetic pentru controlul pl\u0103cut al temperaturii \u00een \u00eenc\u0103perile mici \u0219i mijlocii. De obicei concepute ca dispozitive 3-\u00een-1, r\u0103citoarele noastre de aer asigur\u0103 o clim\u0103 excelent\u0103, pl\u0103cut\u0103, cu r\u0103cire, ventila\u021bie \u0219i \u00eemprosp\u0103tare a aerului integral. \u0218i spre deosebire de unit\u0103\u021bile de aer condi\u021bionat conven\u021bionale, r\u0103citoarele de aer func\u021bioneaz\u0103 f\u0103r\u0103 agen\u021bi frigorifici chimici \u0219i f\u0103r\u0103 instala\u021bii complexe &#8211; chiar \u0219i furtunul obi\u0219nuit de evacuare a aerului de pe u\u0219i sau ferestre nu mai este necesar cu r\u0103citoarele noastre inovatoare de aer.<\/p>\n<p>Convinge\u021bi-v\u0103, survola\u021bi \u00een magazinul nostru online gama noastr\u0103 Trotec &#8211; \u0219i inspira\u021bi-v\u0103 de ofertele noastre actuale<\/p>\n<ul>\n<li><a href=\"https:\/\/ro.trotec.com\/shop\/aircooler-racitor-de-aer-umidificator-pae-11.html?rc=783e2f47dd\"><strong>r\u0103citorul de aer PAE 11<\/strong><\/a><\/li>\n<li><a href=\"https:\/\/ro.trotec.com\/shop\/aircooler-racitor-de-aer-umidificator-pae-45.html?rc=783e2f47dd\"><strong>r\u0103citorul de aer PAE 45<\/strong><\/a><\/li>\n<\/ul>\n<p><a href=\"https:\/\/www.trotec-blog.com\/ro\/files\/2022\/06\/PAE-Serie.jpg\"><img loading=\"lazy\" class=\"alignnone size-full wp-image-15839\" src=\"https:\/\/www.trotec-blog.com\/ro\/files\/2022\/06\/PAE-Serie.jpg\" alt=\"\" width=\"660\" height=\"530\" \/><\/a><\/p>\n<p>Toate pre\u021burile sunt inclusiv TVA.<\/p>\n","protected":false},"excerpt":{"rendered":"<p>Temperaturile teribile din ultimele timpuri, ca o tem\u0103 tipic\u0103 de var\u0103, au f\u0103cut s\u0103 fiarb\u0103 aerul din nou \u00een multe companii: nu exist\u0103 un drept cvasi-automat de a fi \u00een afara c\u0103ldurii peste un anumit num\u0103r de grade? Cum f\u0103ceai la \u0219coal\u0103? R\u0103spunsul sobru la aceasta este: \u201eDin p\u0103cate, nu!\u201d \u0218i, apropo, nici la \u0219coal\u0103 [&hellip;]<\/p>\n","protected":false},"author":66,"featured_media":15837,"comment_status":"open","ping_status":"open","sticky":false,"template":"","format":"standard","meta":[],"categories":[6,7,8,2],"tags":[49,2201,34],"_links":{"self":[{"href":"https:\/\/www.trotec-blog.com\/ro\/wp-json\/wp\/v2\/posts\/15836"}],"collection":[{"href":"https:\/\/www.trotec-blog.com\/ro\/wp-json\/wp\/v2\/posts"}],"about":[{"href":"https:\/\/www.trotec-blog.com\/ro\/wp-json\/wp\/v2\/types\/post"}],"author":[{"embeddable":true,"href":"https:\/\/www.trotec-blog.com\/ro\/wp-json\/wp\/v2\/users\/66"}],"replies":[{"embeddable":true,"href":"https:\/\/www.trotec-blog.com\/ro\/wp-json\/wp\/v2\/comments?post=15836"}],"version-history":[{"count":2,"href":"https:\/\/www.trotec-blog.com\/ro\/wp-json\/wp\/v2\/posts\/15836\/revisions"}],"predecessor-version":[{"id":15841,"href":"https:\/\/www.trotec-blog.com\/ro\/wp-json\/wp\/v2\/posts\/15836\/revisions\/15841"}],"wp:featuredmedia":[{"embeddable":true,"href":"https:\/\/www.trotec-blog.com\/ro\/wp-json\/wp\/v2\/media\/15837"}],"wp:attachment":[{"href":"https:\/\/www.trotec-blog.com\/ro\/wp-json\/wp\/v2\/media?parent=15836"}],"wp:term":[{"taxonomy":"category","embeddable":true,"href":"https:\/\/www.trotec-blog.com\/ro\/wp-json\/wp\/v2\/categories?post=15836"},{"taxonomy":"post_tag","embeddable":true,"href":"https:\/\/www.trotec-blog.com\/ro\/wp-json\/wp\/v2\/tags?post=15836"}],"curies":[{"name":"wp","href":"https:\/\/api.w.org\/{rel}","templated":true}]}}